{"id":26655,"date":"2020-02-26T07:28:56","date_gmt":"2020-02-26T11:28:56","guid":{"rendered":"http:\/\/blogdalucianaoliveira.com.br\/blog\/?p=26655"},"modified":"2020-02-26T07:29:04","modified_gmt":"2020-02-26T11:29:04","slug":"fhc-lula-ciro-e-oab-reagem-contra-ato-anti-congresso-apoiado-por-bolsonaro","status":"publish","type":"post","link":"http:\/\/blogdalucianaoliveira.com.br\/blog\/2020\/02\/26\/fhc-lula-ciro-e-oab-reagem-contra-ato-anti-congresso-apoiado-por-bolsonaro\/","title":{"rendered":"FHC, Lula, Ciro e OAB reagem contra ato anti-Congresso apoiado por Bolsonaro"},"content":{"rendered":"\n<figure class=\"wp-block-image size-large\"><img data-recalc-dims=\"1\" loading=\"lazy\" decoding=\"async\" width=\"600\" height=\"400\" data-attachment-id=\"26656\" data-permalink=\"http:\/\/blogdalucianaoliveira.com.br\/blog\/2020\/02\/26\/fhc-lula-ciro-e-oab-reagem-contra-ato-anti-congresso-apoiado-por-bolsonaro\/image-60-3\/\" data-orig-file=\"https:\/\/i0.wp.com\/blogdalucianaoliveira.com.br\/blog\/wp-content\/uploads\/2020\/02\/image-60.jpeg?fit=768%2C512\" data-orig-size=\"768,512\" data-comments-opened=\"0\" data-image-meta=\"{&quot;aperture&quot;:&quot;0&quot;,&quot;credit&quot;:&quot;&quot;,&quot;camera&quot;:&quot;&quot;,&quot;caption&quot;:&quot;&quot;,&quot;created_timestamp&quot;:&quot;0&quot;,&quot;copyright&quot;:&quot;&quot;,&quot;focal_length&quot;:&quot;0&quot;,&quot;iso&quot;:&quot;0&quot;,&quot;shutter_speed&quot;:&quot;0&quot;,&quot;title&quot;:&quot;&quot;,&quot;orientation&quot;:&quot;0&quot;}\" data-image-title=\"image-60\" data-image-description=\"\" data-image-caption=\"\" data-medium-file=\"https:\/\/i0.wp.com\/blogdalucianaoliveira.com.br\/blog\/wp-content\/uploads\/2020\/02\/image-60.jpeg?fit=300%2C200\" data-large-file=\"https:\/\/i0.wp.com\/blogdalucianaoliveira.com.br\/blog\/wp-content\/uploads\/2020\/02\/image-60.jpeg?fit=600%2C400\" src=\"https:\/\/i0.wp.com\/blogdalucianaoliveira.com.br\/blog\/wp-content\/uploads\/2020\/02\/image-60.jpeg?resize=600%2C400\" alt=\"\" class=\"wp-image-26656\" srcset=\"https:\/\/i0.wp.com\/blogdalucianaoliveira.com.br\/blog\/wp-content\/uploads\/2020\/02\/image-60.jpeg?w=768 768w, https:\/\/i0.wp.com\/blogdalucianaoliveira.com.br\/blog\/wp-content\/uploads\/2020\/02\/image-60.jpeg?resize=300%2C200 300w, https:\/\/i0.wp.com\/blogdalucianaoliveira.com.br\/blog\/wp-content\/uploads\/2020\/02\/image-60.jpeg?resize=450%2C300 450w\" sizes=\"auto, (max-width: 600px) 100vw, 600px\" \/><\/figure>\n\n\n\n<p>Presidente compartilhou com amigos v\u00eddeo que convoca manifesta\u00e7\u00e3o contra o Congresso no dia 15<\/p>\n\n\n\n<!--more-->\n\n\n\n<p>FSP <\/p>\n\n\n\n<p>L\u00edderes pol\u00edticos como os ex-presidentes Lula e Fernando Henrique Cardoso e o presidente da OAB manifestaram rep\u00fadio na noite desta ter\u00e7a-feira (25) \u00e0 iniciativa do presidente Jair Bolsonaro de compartilhar v\u00eddeos convocando manifesta\u00e7\u00f5es contra o Congresso para o pr\u00f3ximo dia 15.<\/p>\n\n\n\n<p>A manifesta\u00e7\u00e3o \u00e9 uma rea\u00e7\u00e3o \u00e0 fala do ministro-chefe do GSI (Gabinete de Seguran\u00e7a Institucional), general Augusto Heleno, que chamou o Congresso de &#8220;chantagista&#8221; na semana passada.<\/p>\n\n\n\n<p><a href=\"https:\/\/www1.folha.uol.com.br\/poder\/2020\/02\/ato-com-grupos-autoritarios-e-incentivado-por-deputados-bolsonaristas-e-gera-repudio.shtml\">Bolsonaro encaminhou a amigos um v\u00eddeo<\/a>que convoca a popula\u00e7\u00e3o a ir \u00e0s ruas para defend\u00ea-lo.<\/p>\n\n\n\n<p>A informa\u00e7\u00e3o foi confirmada \u00e0\u00a0<strong>Folha\u00a0<\/strong>pelo ex-deputado federal Alberto Fraga, amigo do presidente. Outro v\u00eddeo, diferente do recebido por Fraga, mas exaltando a manifesta\u00e7\u00e3o do dia 15, tamb\u00e9m foi compartilhado por Bolsonaro, como revelou o jornal O Estado de S. Paulo.<\/p>\n\n\n\n<p>Em mensagem em rede social nesta ter\u00e7a, Lula chamou o epis\u00f3dio de &#8220;mais um gesto autorit\u00e1rio de quem agride a liberdade e os direitos todos os dias&#8221;.<\/p>\n\n\n\n<p>&#8220;\u00c9 urgente que o Congresso Nacional, as institui\u00e7\u00f5es e a sociedade se posicionem diante de mais esse ataque para defender a democracia.&#8221;<\/p>\n\n\n\n<p><a href=\"https:\/\/www1.folha.uol.com.br\/folha-topicos\/fernando-henrique-cardoso\/\">Fernando Henrique Cardoso,<\/a>&nbsp;tamb\u00e9m em rede social, disse: &#8220;A ser verdade, como parece, que o pr\u00f3prio Pr tuitou [na verdade, enviou a amigos por WhatsApp]convocando uma manifesta\u00e7\u00e3o contra o Congresso (a democracia) estamos com uma crise institucional de consequ\u00eancias grav\u00edssimas. Calar seria concordar. Melhor gritar enquanto de tem voz, mesmo no Carnaval, com poucos ouvindo.&#8221;<\/p>\n\n\n\n<p>O ex-ministro e ex-governador Ciro Gomes (PDT), candidato derrotado por Bolsonaro na elei\u00e7\u00e3o de 2018, tamb\u00e9m cobrou rea\u00e7\u00e3o dos presidentes da C\u00e2mara e do Senado. &#8220;\u00c9 criminoso excitar a popula\u00e7\u00e3o com mentiras contra as institui\u00e7\u00f5es democr\u00e1ticas.&#8221;<\/p>\n\n\n\n<p>O governador de S\u00e3o Paulo,&nbsp;<a href=\"https:\/\/www1.folha.uol.com.br\/folha-topicos\/joao-doria\/\">Jo\u00e3o Doria,<\/a>tamb\u00e9m falou por meio de rede social: &#8220;Devemos repudiar com veem\u00eancia qualquer ato que desrespeite as institui\u00e7\u00f5es e os pilares democr\u00e1ticos do pa\u00eds. Lament\u00e1vel o apoio do Presidente Jair Bolsonaro a uma manifesta\u00e7\u00e3o contra o Congresso Nacional.&#8221;<\/p>\n\n\n\n<p>O deputado&nbsp;<a href=\"https:\/\/www1.folha.uol.com.br\/folha-topicos\/alessandro-molon\/\">Alessandro Molon (PSB-RJ),<\/a>l\u00edder da oposi\u00e7\u00e3o, informou que est\u00e1 propondo aos presidentes da C\u00e2mara,&nbsp;<a href=\"https:\/\/www1.folha.uol.com.br\/folha-topicos\/rodrigo-maia\/\">Rodrigo Maia (DEM-RJ),<\/a>&nbsp;e do Senado, Davi Alcolumbre (DEM-AP), e a outros l\u00edderes que se re\u00fanam para discutir a\u00e7\u00f5es diante da participa\u00e7\u00e3o de Bolsonaro na convoca\u00e7\u00e3o para as manifesta\u00e7\u00f5es.<\/p>\n\n\n\n<p>&#8220;Temos que parar Bolsonaro! Basta! As for\u00e7as democr\u00e1ticas deste pa\u00eds t\u00eam que se unir agora. J\u00e1! \u00c9 inadi\u00e1vel uma reuni\u00e3o de for\u00e7as contra esse poder autorit\u00e1rio. Ou defendemos a democracia agora ou n\u00e3o teremos mais nada para defender em breve. Ao n\u00e3o encontrar solu\u00e7\u00f5es para o pa\u00eds, ao se sentir sozinho, isolado e fr\u00e1gil, Bolsonaro apela ao que todos tem\u00edamos: a um ato autorit\u00e1rio contra a pr\u00f3pria democracia. N\u00e3o d\u00e1 mais&#8221;, disse Molon, em nota.<\/p>\n\n\n\n<p>O l\u00edder da oposi\u00e7\u00e3o no Senado, Randolfe Rodrigues (Rede-AP), falou em &#8220;impedir a escalada golpista&#8221;. &#8220;Agindo como um vulgar extremista &nbsp;e n\u00e3o como presidente do pa\u00eds, Jair Bolsonaro convoca ato contra a democracia. &nbsp; Chega!&#8221;<\/p>\n\n\n\n<p>O presidente nacional da OAB (Ordem dos Advogados do Brasil), Felipe Santa Cruz, disse que o ato de Bolsonaro, se confirmado, pode abrir caminho para pedido de impeachment.<\/p>\n\n\n\n<p>\u201cEntendo que \u00e9 inadmiss\u00edvel, o presidente est\u00e1 mais uma vez traindo o que jurou ao Congresso em sua posse, quando jurou defender a Constitui\u00e7\u00e3o Federal. A Constitui\u00e7\u00e3o e a democracia n\u00e3o podem tolerar um presidente que conspira por sua supress\u00e3o\u201d, afirmou Santa Cruz.<\/p>\n\n\n\n<p>Segundo ele, a convoca\u00e7\u00e3o pode se enquadrar no artigo 85 da Constitui\u00e7\u00e3o, que diz que \u201cs\u00e3o crimes de responsabilidade os atos do presidente da Rep\u00fablica que atentem contra a Constitui\u00e7\u00e3o Federal e, especialmente, contra: [&#8230;] o livre exerc\u00edcio do Poder Legislativo, do Poder Judici\u00e1rio, do Minist\u00e9rio P\u00fablico e dos Poderes constitucionais das unidades da Federa\u00e7\u00e3o\u201d.<\/p>\n\n\n\n<p>A fala de Heleno que inspirou a convoca\u00e7\u00e3o das manifesta\u00e7\u00f5es foi no \u00faltimo dia 18.&nbsp;Em um \u00e1udio captado durante uma transmiss\u00e3o em rede social, o ministro foi flagrado dizendo que Bolsonaro n\u00e3o poderia aceitar que o Legislativo queira avan\u00e7ar sobre o dinheiro do Executivo.&nbsp;<\/p>\n\n\n\n<p>&#8220;N\u00e3o podemos aceitar esses caras chantageando a gente. Foda-se&#8221;, disse aos ministros Paulo Guedes (Economia) e general Luiz Eduardo Ramos (Secretaria de Governo).&nbsp;<\/p>\n","protected":false},"excerpt":{"rendered":"<p>Presidente compartilhou com amigos v\u00eddeo que convoca manifesta\u00e7\u00e3o contra o Congresso no dia 15<\/p>\n","protected":false},"author":1,"featured_media":0,"comment_status":"closed","ping_status":"open","sticky":false,"template":"","format":"standard","meta":{"_exactmetrics_skip_tracking":false,"_exactmetrics_sitenote_active":false,"_exactmetrics_sitenote_note":"","_exactmetrics_sitenote_category":0,"jetpack_post_was_ever_published":false,"_jetpack_newsletter_access":"","_jetpack_dont_email_post_to_subs":false,"_jetpack_newsletter_tier_id":0,"_jetpack_memberships_contains_paywalled_content":false,"_jetpack_memberships_contains_paid_content":false,"footnotes":"","jetpack_publicize_message":"","jetpack_publicize_feature_enabled":true,"jetpack_social_post_already_shared":true,"jetpack_social_options":{"image_generator_settings":{"template":"highway","enabled":false},"version":2}},"categories":[1],"tags":[],"class_list":["post-26655","post","type-post","status-publish","format-standard","hentry","category-notas"],"jetpack_publicize_connections":[],"jetpack_sharing_enabled":true,"jetpack_featured_media_url":"","jetpack_shortlink":"https:\/\/wp.me\/p7wKYW-6VV","jetpack-related-posts":[],"_links":{"self":[{"href":"http:\/\/blogdalucianaoliveira.com.br\/blog\/wp-json\/wp\/v2\/posts\/26655","targetHints":{"allow":["GET"]}}],"collection":[{"href":"http:\/\/blogdalucianaoliveira.com.br\/blog\/wp-json\/wp\/v2\/posts"}],"about":[{"href":"http:\/\/blogdalucianaoliveira.com.br\/blog\/wp-json\/wp\/v2\/types\/post"}],"author":[{"embeddable":true,"href":"http:\/\/blogdalucianaoliveira.com.br\/blog\/wp-json\/wp\/v2\/users\/1"}],"replies":[{"embeddable":true,"href":"http:\/\/blogdalucianaoliveira.com.br\/blog\/wp-json\/wp\/v2\/comments?post=26655"}],"version-history":[{"count":1,"href":"http:\/\/blogdalucianaoliveira.com.br\/blog\/wp-json\/wp\/v2\/posts\/26655\/revisions"}],"predecessor-version":[{"id":26657,"href":"http:\/\/blogdalucianaoliveira.com.br\/blog\/wp-json\/wp\/v2\/posts\/26655\/revisions\/26657"}],"wp:attachment":[{"href":"http:\/\/blogdalucianaoliveira.com.br\/blog\/wp-json\/wp\/v2\/media?parent=26655"}],"wp:term":[{"taxonomy":"category","embeddable":true,"href":"http:\/\/blogdalucianaoliveira.com.br\/blog\/wp-json\/wp\/v2\/categories?post=26655"},{"taxonomy":"post_tag","embeddable":true,"href":"http:\/\/blogdalucianaoliveira.com.br\/blog\/wp-json\/wp\/v2\/tags?post=26655"}],"curies":[{"name":"wp","href":"https:\/\/api.w.org\/{rel}","templated":true}]}}