{"id":26658,"date":"2020-02-28T08:02:14","date_gmt":"2020-02-28T12:02:14","guid":{"rendered":"http:\/\/blogdalucianaoliveira.com.br\/blog\/?p=26658"},"modified":"2020-02-28T08:02:20","modified_gmt":"2020-02-28T12:02:20","slug":"quem-sao-os-empresarios-do-brasil-200-que-apoiam-o-golpe-convocado-por-bolsonaro","status":"publish","type":"post","link":"http:\/\/blogdalucianaoliveira.com.br\/blog\/2020\/02\/28\/quem-sao-os-empresarios-do-brasil-200-que-apoiam-o-golpe-convocado-por-bolsonaro\/","title":{"rendered":"Quem s\u00e3o os empres\u00e1rios do Brasil 200 que apoiam o golpe convocado por Bolsonaro"},"content":{"rendered":"\n<figure class=\"wp-block-image size-large\"><img data-recalc-dims=\"1\" loading=\"lazy\" decoding=\"async\" width=\"500\" height=\"240\" data-attachment-id=\"26659\" data-permalink=\"http:\/\/blogdalucianaoliveira.com.br\/blog\/2020\/02\/28\/quem-sao-os-empresarios-do-brasil-200-que-apoiam-o-golpe-convocado-por-bolsonaro\/image-61-3\/\" data-orig-file=\"https:\/\/i0.wp.com\/blogdalucianaoliveira.com.br\/blog\/wp-content\/uploads\/2020\/02\/image-61.jpeg?fit=500%2C240\" data-orig-size=\"500,240\" data-comments-opened=\"0\" data-image-meta=\"{&quot;aperture&quot;:&quot;0&quot;,&quot;credit&quot;:&quot;&quot;,&quot;camera&quot;:&quot;&quot;,&quot;caption&quot;:&quot;&quot;,&quot;created_timestamp&quot;:&quot;0&quot;,&quot;copyright&quot;:&quot;&quot;,&quot;focal_length&quot;:&quot;0&quot;,&quot;iso&quot;:&quot;0&quot;,&quot;shutter_speed&quot;:&quot;0&quot;,&quot;title&quot;:&quot;&quot;,&quot;orientation&quot;:&quot;0&quot;}\" data-image-title=\"image-61\" data-image-description=\"\" data-image-caption=\"\" data-medium-file=\"https:\/\/i0.wp.com\/blogdalucianaoliveira.com.br\/blog\/wp-content\/uploads\/2020\/02\/image-61.jpeg?fit=300%2C144\" data-large-file=\"https:\/\/i0.wp.com\/blogdalucianaoliveira.com.br\/blog\/wp-content\/uploads\/2020\/02\/image-61.jpeg?fit=500%2C240\" src=\"https:\/\/i0.wp.com\/blogdalucianaoliveira.com.br\/blog\/wp-content\/uploads\/2020\/02\/image-61.jpeg?resize=500%2C240\" alt=\"\" class=\"wp-image-26659\" srcset=\"https:\/\/i0.wp.com\/blogdalucianaoliveira.com.br\/blog\/wp-content\/uploads\/2020\/02\/image-61.jpeg?w=500 500w, https:\/\/i0.wp.com\/blogdalucianaoliveira.com.br\/blog\/wp-content\/uploads\/2020\/02\/image-61.jpeg?resize=300%2C144 300w\" sizes=\"auto, (max-width: 500px) 100vw, 500px\" \/><\/figure>\n\n\n\n<p><strong>247<\/strong>\u00a0&#8211; Empres\u00e1rios do grupo Brasil 200 usam sua influ\u00eancia e dinheiro para financiar ataques contra o presidente da C\u00e2mara dos Deputados, Rodrigo Maia (DEM), e apoiar os atos convocados por Jair Bolsonaro contra o Congresso Nacional previstos para o pr\u00f3ximo dia 15. O grupo \u00e9 liderado por Gabriel Rocha Kanner, sobrinho do empres\u00e1rio Fl\u00e1vio Rocha, e por Helcio Honda, advogado da Fiesp e de Paulo Skaf. Juntas, as empresas do Brasil 200 faturam mais de R$ 40 bilh\u00f5es.<\/p>\n\n\n\n<!--more-->\n\n\n\n<p>Tamb\u00e9m integram o Brasil 200 Luciano Hang (Havan), Sebasti\u00e3o Bonfim (Centauro), Jo\u00e3o Apolin\u00e1rio (Polishop), Washington Cinel (Gocil), Edgar Corona (Smart Fit e Bio Ritmo), Cris Arcangell (Beauty\u2019in e Shark Tank Brasil), Marcelo Pessoa (Gal\u00e1pagos Capital Gestora de Fundos), Afr\u00e2nio Barreira (Coco Bambu) e Marcelo Braga (BNZ e Instituto Eu Amo o Brasil).&nbsp;<\/p>\n\n\n\n<p><strong>Leia na&nbsp;<\/strong><a target=\"_blank\" href=\"https:\/\/revistaforum.com.br\/politica\/quem-sao-os-empresarios-do-brasil-200-que-apoiam-o-golpe-convocado-por-bolsonaro\/amp\/\" rel=\"noreferrer noopener\"><strong>Revista Forum<\/strong><\/a><\/p>\n","protected":false},"excerpt":{"rendered":"<p>247\u00a0&#8211; Empres\u00e1rios do grupo Brasil 200 usam sua influ\u00eancia e dinheiro para financiar ataques contra o presidente da C\u00e2mara dos Deputados, Rodrigo Maia (DEM), e apoiar os atos convocados por Jair Bolsonaro contra o Congresso Nacional previstos para o pr\u00f3ximo dia 15. O grupo \u00e9 liderado por Gabriel Rocha Kanner, sobrinho do empres\u00e1rio Fl\u00e1vio Rocha,&#8230;<a class=\"more-link\" href=\"http:\/\/blogdalucianaoliveira.com.br\/blog\/2020\/02\/28\/quem-sao-os-empresarios-do-brasil-200-que-apoiam-o-golpe-convocado-por-bolsonaro\/\">Continue a leitura <span class=\"meta-nav\">&raquo;<\/span><\/a><\/p>\n","protected":false},"author":1,"featured_media":0,"comment_status":"closed","ping_status":"open","sticky":false,"template":"","format":"standard","meta":{"_exactmetrics_skip_tracking":false,"_exactmetrics_sitenote_active":false,"_exactmetrics_sitenote_note":"","_exactmetrics_sitenote_category":0,"jetpack_post_was_ever_published":false,"_jetpack_newsletter_access":"","_jetpack_dont_email_post_to_subs":false,"_jetpack_newsletter_tier_id":0,"_jetpack_memberships_contains_paywalled_content":false,"_jetpack_memberships_contains_paid_content":false,"footnotes":"","jetpack_publicize_message":"","jetpack_publicize_feature_enabled":true,"jetpack_social_post_already_shared":true,"jetpack_social_options":{"image_generator_settings":{"template":"highway","enabled":false},"version":2}},"categories":[1],"tags":[],"class_list":["post-26658","post","type-post","status-publish","format-standard","hentry","category-notas"],"jetpack_publicize_connections":[],"jetpack_sharing_enabled":true,"jetpack_featured_media_url":"","jetpack_shortlink":"https:\/\/wp.me\/p7wKYW-6VY","jetpack-related-posts":[],"_links":{"self":[{"href":"http:\/\/blogdalucianaoliveira.com.br\/blog\/wp-json\/wp\/v2\/posts\/26658","targetHints":{"allow":["GET"]}}],"collection":[{"href":"http:\/\/blogdalucianaoliveira.com.br\/blog\/wp-json\/wp\/v2\/posts"}],"about":[{"href":"http:\/\/blogdalucianaoliveira.com.br\/blog\/wp-json\/wp\/v2\/types\/post"}],"author":[{"embeddable":true,"href":"http:\/\/blogdalucianaoliveira.com.br\/blog\/wp-json\/wp\/v2\/users\/1"}],"replies":[{"embeddable":true,"href":"http:\/\/blogdalucianaoliveira.com.br\/blog\/wp-json\/wp\/v2\/comments?post=26658"}],"version-history":[{"count":1,"href":"http:\/\/blogdalucianaoliveira.com.br\/blog\/wp-json\/wp\/v2\/posts\/26658\/revisions"}],"predecessor-version":[{"id":26660,"href":"http:\/\/blogdalucianaoliveira.com.br\/blog\/wp-json\/wp\/v2\/posts\/26658\/revisions\/26660"}],"wp:attachment":[{"href":"http:\/\/blogdalucianaoliveira.com.br\/blog\/wp-json\/wp\/v2\/media?parent=26658"}],"wp:term":[{"taxonomy":"category","embeddable":true,"href":"http:\/\/blogdalucianaoliveira.com.br\/blog\/wp-json\/wp\/v2\/categories?post=26658"},{"taxonomy":"post_tag","embeddable":true,"href":"http:\/\/blogdalucianaoliveira.com.br\/blog\/wp-json\/wp\/v2\/tags?post=26658"}],"curies":[{"name":"wp","href":"https:\/\/api.w.org\/{rel}","templated":true}]}}