{"id":26664,"date":"2020-02-28T08:10:31","date_gmt":"2020-02-28T12:10:31","guid":{"rendered":"http:\/\/blogdalucianaoliveira.com.br\/blog\/?p=26664"},"modified":"2020-02-28T08:10:42","modified_gmt":"2020-02-28T12:10:42","slug":"direito-de-critica-presidencial-aos-outros-poderes-e-limitado-por-leis-dizem-especialistas","status":"publish","type":"post","link":"http:\/\/blogdalucianaoliveira.com.br\/blog\/2020\/02\/28\/direito-de-critica-presidencial-aos-outros-poderes-e-limitado-por-leis-dizem-especialistas\/","title":{"rendered":"Direito de cr\u00edtica presidencial aos outros Poderes \u00e9 limitado por leis, dizem especialistas"},"content":{"rendered":"\n<figure class=\"wp-block-image size-large\"><img data-recalc-dims=\"1\" loading=\"lazy\" decoding=\"async\" width=\"600\" height=\"400\" data-attachment-id=\"26665\" data-permalink=\"http:\/\/blogdalucianaoliveira.com.br\/blog\/2020\/02\/28\/direito-de-critica-presidencial-aos-outros-poderes-e-limitado-por-leis-dizem-especialistas\/image-62-3\/\" data-orig-file=\"https:\/\/i0.wp.com\/blogdalucianaoliveira.com.br\/blog\/wp-content\/uploads\/2020\/02\/image-62.jpeg?fit=768%2C512\" data-orig-size=\"768,512\" data-comments-opened=\"0\" data-image-meta=\"{&quot;aperture&quot;:&quot;0&quot;,&quot;credit&quot;:&quot;&quot;,&quot;camera&quot;:&quot;&quot;,&quot;caption&quot;:&quot;&quot;,&quot;created_timestamp&quot;:&quot;0&quot;,&quot;copyright&quot;:&quot;&quot;,&quot;focal_length&quot;:&quot;0&quot;,&quot;iso&quot;:&quot;0&quot;,&quot;shutter_speed&quot;:&quot;0&quot;,&quot;title&quot;:&quot;&quot;,&quot;orientation&quot;:&quot;0&quot;}\" data-image-title=\"image-62\" data-image-description=\"\" data-image-caption=\"\" data-medium-file=\"https:\/\/i0.wp.com\/blogdalucianaoliveira.com.br\/blog\/wp-content\/uploads\/2020\/02\/image-62.jpeg?fit=300%2C200\" data-large-file=\"https:\/\/i0.wp.com\/blogdalucianaoliveira.com.br\/blog\/wp-content\/uploads\/2020\/02\/image-62.jpeg?fit=600%2C400\" src=\"https:\/\/i0.wp.com\/blogdalucianaoliveira.com.br\/blog\/wp-content\/uploads\/2020\/02\/image-62.jpeg?resize=600%2C400\" alt=\"\" class=\"wp-image-26665\" srcset=\"https:\/\/i0.wp.com\/blogdalucianaoliveira.com.br\/blog\/wp-content\/uploads\/2020\/02\/image-62.jpeg?w=768 768w, https:\/\/i0.wp.com\/blogdalucianaoliveira.com.br\/blog\/wp-content\/uploads\/2020\/02\/image-62.jpeg?resize=300%2C200 300w, https:\/\/i0.wp.com\/blogdalucianaoliveira.com.br\/blog\/wp-content\/uploads\/2020\/02\/image-62.jpeg?resize=450%2C300 450w\" sizes=\"auto, (max-width: 600px) 100vw, 600px\" \/><\/figure>\n\n\n\n<p><strong><a href=\"https:\/\/www1.folha.uol.com.br\/autores\/flavio-ferreira.shtml\">Fl\u00e1vio Ferreira<\/a><\/strong>, naFSP &#8211;  A Constitui\u00e7\u00e3o Federal e leis imp\u00f5em limites ao direito de o presidente da Rep\u00fablica criticar os outros Poderes, e essas restri\u00e7\u00f5es s\u00e3o maiores do que as aplicadas aos cidad\u00e3os sem cargos pol\u00edticos, de acordo com especialistas ouvidos pela\u00a0<strong>Folha<\/strong>.<\/p>\n\n\n\n<!--more-->\n\n\n\n<p>O debate jur\u00eddico sobre o tema surgiu ap\u00f3s o presidente Jair Bolsonaro\u00a0<a href=\"https:\/\/www1.folha.uol.com.br\/poder\/2020\/02\/ato-com-grupos-autoritarios-e-incentivado-por-deputados-bolsonaristas-e-gera-repudio.shtml\">compartilhar para amigos, no WhatsApp, v\u00eddeos de apoio a ato marcado para 15 de mar\u00e7o que empunha bandeiras contr\u00e1rias ao Congresso e a favor do governo<\/a>.<\/p>\n\n\n\n<p>A principal quest\u00e3o \u00e9 se Bolsonaro cometeu o delito que no jarg\u00e3o do direito \u00e9 chamado de crime de responsabilidade, que pode levar \u00e0 abertura de um processo de impeachment.<\/p>\n\n\n\n<p>Segundo a defini\u00e7\u00e3o do artigo 85 da Constitui\u00e7\u00e3o Federal, de 1988, e da lei 1.079, de 1950, podem ser classificados como crimes de responsabilidade os atos &#8220;que atentem&#8221; contra &#8220;o livre exerc\u00edcio do Poder Legislativo, do Poder Judici\u00e1rio, do Minist\u00e9rio P\u00fablico e dos Poderes constitucionais das unidades da Federa\u00e7\u00e3o&#8221;.<\/p>\n\n\n\n<p>Pedro Estevam Serrano, advogado e professor de direito constitucional da PUC-SP (Pontif\u00edcia Universidade Cat\u00f3lica), diz que &#8220;o cidad\u00e3o comum tem direito \u00e0 livre express\u00e3o e tem direito at\u00e9 de defender ideias extremistas, mas o presidente da Rep\u00fablica, n\u00e3o&#8221;.<\/p>\n\n\n\n<p>&#8220;O presidente assume um compromisso de cumprimento da Constitui\u00e7\u00e3o, n\u00e3o \u00e9 um homem comum. Ele tem mais obriga\u00e7\u00f5es que o cidad\u00e3o comum porque tem mais poder. Uma de suas obriga\u00e7\u00f5es \u00e9 observar a rela\u00e7\u00e3o harm\u00f4nica entre os Poderes&#8221;, diz Serrano.<\/p>\n\n\n\n<p>&#8220;O problema maior de ele ter divulgado o v\u00eddeo, a meu ver, n\u00e3o \u00e9 propriamente o v\u00eddeo em si, \u00e9 o contexto. Esse ato do dia 15 est\u00e1 sendo convocado como um ato contra o Congresso e o Judici\u00e1rio. Ele aparentemente busca reivindicar que o Executivo tenha um poder maior, mais elevado, do que o Congresso e o Judici\u00e1rio, para realizar fins que eles acreditam serem bons para a sociedade. Mas est\u00e3o pleiteando a ruptura da harmonia entre os Poderes, e isso \u00e9 grave&#8221;, completa o professor da PUC-SP.<\/p>\n\n\n\n<p>Para Serrano, o envio do v\u00eddeo por Bolsonaro ainda n\u00e3o pode ser enquadrado como crime de responsabilidade porque ele realizou atos posteriores para minimizar sua conduta, e ent\u00e3o a situa\u00e7\u00e3o jur\u00eddica atual seria de apenas crime cogitado.<\/p>\n\n\n\n<p>O especialista referiu-se ao fato de o presidente ter orientado a sua equipe de governo a evitar endossar publicamente a manifesta\u00e7\u00e3o marcada para o dia 15 contra o Congresso, ap\u00f3s a repercuss\u00e3o negativa do compartilhamento dos v\u00eddeos.<\/p>\n\n\n\n<p>Em conversas com aliados e auxiliares, Bolsonaro disse que n\u00e3o est\u00e1 incentivando o protesto e que reencaminhou em mensagem privada um conte\u00fado que lhe foi enviado. O ex-deputado federal Alberto Fraga (DF), amigo do presidente, confirmou ter recebido um dos v\u00eddeos, mas afirmou n\u00e3o ter interpretado como incentivo.<\/p>\n\n\n\n<p>Nesta quinta (27),<a href=\"https:\/\/www1.folha.uol.com.br\/poder\/2020\/02\/bolsonaro-cobra-do-congresso-votacoes-mas-nega-incitar-ataque-ao-legislativo.shtml\">&nbsp;em transmiss\u00e3o em redes sociais<\/a>, Bolsonaro fez cobran\u00e7as e cr\u00edticas ao Congresso, mas nega que sejam um ataque.<\/p>\n\n\n\n<p>Outros especialistas ouvidos pela&nbsp;<strong>Folha<\/strong>entendem que o crime de responsabilidade foi consumado na iniciativa do presidente de compartilhar os v\u00eddeos, endossando a manifesta\u00e7\u00e3o do dia 15.<\/p>\n\n\n\n<p>A presidente da Comiss\u00e3o de Direito Constitucional da OAB (Ordem dos Advogados do Brasil) de S\u00e3o Paulo, Luciana Andrea Accorsi Berardi, afirma que o presidente da Rep\u00fablica pode se manifestar contra determinados atos do Legislativo \u2014por exemplo, a aprova\u00e7\u00e3o de uma lei com a qual o Executivo n\u00e3o concorde. Mas incitar a popula\u00e7\u00e3o a se rebelar contra o Congresso configura crime de responsabilidade, na avalia\u00e7\u00e3o dela.<\/p>\n\n\n\n<p>O diretor da Faculdade de Direito da USP, Floriano Peixoto de Azevedo Marques Neto, especialista em direito do Estado, diz: &#8220;Uma coisa \u00e9 falar &#8216;vamos \u00e0s ruas apoiar a agenda transformadora do Brasil, convencer o Congresso de que \u00e9 importante essa agenda&#8217;. Isso est\u00e1 no campo do jogo democr\u00e1tico. Outra coisa \u00e9 fazer uma manifesta\u00e7\u00e3o contra um Poder&#8221;.<\/p>\n\n\n\n<p>Segundo a advogada e doutora em direito do Estado pela USP Mariana Chiesa Gouveia Nascimento, &#8220;h\u00e1 uma situa\u00e7\u00e3o clara, que j\u00e1 vem se arrastando com alguns epis\u00f3dios, na qual o presidente desrespeita as institui\u00e7\u00f5es&#8221;.<\/p>\n\n\n\n<p>&#8220;O v\u00eddeo atual o coloca na condi\u00e7\u00e3o de salvador e convoca a popula\u00e7\u00e3o a se manifestar contra as institui\u00e7\u00f5es, Congresso e Supremo&#8221;, diz.<\/p>\n\n\n\n<p>Quanto \u00e0 alega\u00e7\u00e3o de Bolsonaro de que os compartilhamentos pelo WhatsApp s\u00e3o de &#8220;cunho pessoal&#8221;, a avalia\u00e7\u00e3o dos especialistas \u00e9 que isso n\u00e3o serve para afastar a gravidade da conduta.<\/p>\n\n\n\n<p>Na quarta-feira (26), Bolsonaro chamou de &#8220;tentativas rasteiras de tumultuar a Rep\u00fablica&#8221; as interpreta\u00e7\u00f5es sobre ele ter compartilhado v\u00eddeos sobre o ato com amigos.<\/p>\n\n\n\n<p>&#8220;Tenho 35 milh\u00f5es de seguidores em minhas m\u00eddias sociais (Facebook, Instagram, YouTube e Twitter) onde mantenho uma intensa agenda de not\u00edcias n\u00e3o divulgadas por parte da imprensa tradicional. J\u00e1 no WhatsApp tenho algumas poucas dezenas de amigos onde, de forma reservada, trocamos mensagens de cunho pessoal&#8221;, afirmou Bolsonaro.&nbsp;<\/p>\n\n\n\n<p>Marques Neto afirma que &#8220;quando se exerce uma posi\u00e7\u00e3o de governador, de presidente, de ministro, h\u00e1 o dever de tratar todas as comunica\u00e7\u00f5es como institucionais. Al\u00e9m disso, a comunica\u00e7\u00e3o em um grupo de WhatsApp transcende a comunica\u00e7\u00e3o privada&#8221;.<\/p>\n\n\n\n<p>De acordo com Marques Neto, h\u00e1 duas situa\u00e7\u00f5es que poderiam ser consideradas conversas privadas de um presidente da Rep\u00fablica.<\/p>\n\n\n\n<p>Uma delas seria o contato pessoal com um interlocutor e a outra seria a comunica\u00e7\u00e3o no \u00e2mbito do c\u00edrculo familiar.<\/p>\n\n\n\n<p>Para o professor de direito da USP e especialista em impeachment Rafael Mafei Rabelo Queiroz, atualmente j\u00e1 &#8220;existe claramente o reconhecimento jur\u00eddico de que a comunica\u00e7\u00e3o por WhatsApp \u00e9 comunica\u00e7\u00e3o com potencial de enorme impacto, pois \u00e9 feita para ser viralizada&#8221;.&nbsp;<\/p>\n\n\n\n<p>&#8220;\u00c9 de um ingenuidade enorme algu\u00e9m acreditar que um v\u00eddeo encaminhado pelo presidente da Rep\u00fablica em um grupo de amigos, que inclui aliados pol\u00edticos seus, n\u00e3o seria passado adiante como uma mensagem que tem chancela do pr\u00f3prio presidente.&#8221;<\/p>\n\n\n\n<p>Mariana tem entendimento na mesma linha de argumenta\u00e7\u00e3o: &#8220;Sabemos que esse tipo de comunica\u00e7\u00e3o nunca tem o objetivo de ficar em um grupo restrito. Quando falamos em crime de internet, por exemplo, o mero envio j\u00e1 configura o delito, pois j\u00e1 conhecemos o seu grande potencial de dissemina\u00e7\u00e3o&#8221;.<\/p>\n\n\n\n<p>&#8220;Ele [Bolsonaro] n\u00e3o usou o meio adequado se queria que esse v\u00eddeo n\u00e3o fosse espalhado. De fato essa \u00e9 uma alega\u00e7\u00e3o muito fr\u00e1gil, ainda mais se observamos a din\u00e2mica de Bolsonaro nas m\u00eddias&#8221;, diz.<\/p>\n\n\n\n<p><strong>Veja o que diz a lei (Constitui\u00e7\u00e3o Federal e Lei do Impeachment)<\/strong><\/p>\n\n\n\n<ul class=\"wp-block-list\"><li>Segundo o artigo 85 da Constitui\u00e7\u00e3o e o 4\u00ba da lei 1.079\/1950, que trata da figura do impeachment e dos crimes de responsabilidade, &#8220;s\u00e3o crimes de responsabilidade os atos do Presidente da Rep\u00fablica que atentem contra a Constitui\u00e7\u00e3o Federal e, especialmente, contra [&#8230;] o livre exerc\u00edcio do Poder Legislativo, do Poder Judici\u00e1rio, do Minist\u00e9rio P\u00fablico e dos Poderes constitucionais&#8221; das unidades da Federa\u00e7\u00e3o<\/li><\/ul>\n","protected":false},"excerpt":{"rendered":"<p>Fl\u00e1vio Ferreira, naFSP &#8211; A Constitui\u00e7\u00e3o Federal e leis imp\u00f5em limites ao direito de o presidente da Rep\u00fablica criticar os outros Poderes, e essas restri\u00e7\u00f5es s\u00e3o maiores do que as aplicadas aos cidad\u00e3os sem cargos pol\u00edticos, de acordo com especialistas ouvidos pela\u00a0Folha.<\/p>\n","protected":false},"author":1,"featured_media":0,"comment_status":"closed","ping_status":"open","sticky":false,"template":"","format":"standard","meta":{"_exactmetrics_skip_tracking":false,"_exactmetrics_sitenote_active":false,"_exactmetrics_sitenote_note":"","_exactmetrics_sitenote_category":0,"jetpack_post_was_ever_published":false,"_jetpack_newsletter_access":"","_jetpack_dont_email_post_to_subs":false,"_jetpack_newsletter_tier_id":0,"_jetpack_memberships_contains_paywalled_content":false,"_jetpack_memberships_contains_paid_content":false,"footnotes":"","jetpack_publicize_message":"","jetpack_publicize_feature_enabled":true,"jetpack_social_post_already_shared":true,"jetpack_social_options":{"image_generator_settings":{"template":"highway","enabled":false},"version":2}},"categories":[1],"tags":[],"class_list":["post-26664","post","type-post","status-publish","format-standard","hentry","category-notas"],"jetpack_publicize_connections":[],"jetpack_sharing_enabled":true,"jetpack_featured_media_url":"","jetpack_shortlink":"https:\/\/wp.me\/p7wKYW-6W4","jetpack-related-posts":[],"_links":{"self":[{"href":"http:\/\/blogdalucianaoliveira.com.br\/blog\/wp-json\/wp\/v2\/posts\/26664","targetHints":{"allow":["GET"]}}],"collection":[{"href":"http:\/\/blogdalucianaoliveira.com.br\/blog\/wp-json\/wp\/v2\/posts"}],"about":[{"href":"http:\/\/blogdalucianaoliveira.com.br\/blog\/wp-json\/wp\/v2\/types\/post"}],"author":[{"embeddable":true,"href":"http:\/\/blogdalucianaoliveira.com.br\/blog\/wp-json\/wp\/v2\/users\/1"}],"replies":[{"embeddable":true,"href":"http:\/\/blogdalucianaoliveira.com.br\/blog\/wp-json\/wp\/v2\/comments?post=26664"}],"version-history":[{"count":1,"href":"http:\/\/blogdalucianaoliveira.com.br\/blog\/wp-json\/wp\/v2\/posts\/26664\/revisions"}],"predecessor-version":[{"id":26666,"href":"http:\/\/blogdalucianaoliveira.com.br\/blog\/wp-json\/wp\/v2\/posts\/26664\/revisions\/26666"}],"wp:attachment":[{"href":"http:\/\/blogdalucianaoliveira.com.br\/blog\/wp-json\/wp\/v2\/media?parent=26664"}],"wp:term":[{"taxonomy":"category","embeddable":true,"href":"http:\/\/blogdalucianaoliveira.com.br\/blog\/wp-json\/wp\/v2\/categories?post=26664"},{"taxonomy":"post_tag","embeddable":true,"href":"http:\/\/blogdalucianaoliveira.com.br\/blog\/wp-json\/wp\/v2\/tags?post=26664"}],"curies":[{"name":"wp","href":"https:\/\/api.w.org\/{rel}","templated":true}]}}