{"id":26667,"date":"2020-02-28T08:16:07","date_gmt":"2020-02-28T12:16:07","guid":{"rendered":"http:\/\/blogdalucianaoliveira.com.br\/blog\/?p=26667"},"modified":"2020-02-28T08:16:18","modified_gmt":"2020-02-28T12:16:18","slug":"de-bate-boca-com-maia-a-hienas-do-stf-relembre-atos-de-bolsonaro-que-causaram-crise-entre-os-poderes","status":"publish","type":"post","link":"http:\/\/blogdalucianaoliveira.com.br\/blog\/2020\/02\/28\/de-bate-boca-com-maia-a-hienas-do-stf-relembre-atos-de-bolsonaro-que-causaram-crise-entre-os-poderes\/","title":{"rendered":"De bate-boca com Maia a hienas do STF, relembre atos de Bolsonaro que causaram crise entre os Poderes"},"content":{"rendered":"\n<figure class=\"wp-block-image size-large\"><img data-recalc-dims=\"1\" loading=\"lazy\" decoding=\"async\" width=\"600\" height=\"400\" data-attachment-id=\"26668\" data-permalink=\"http:\/\/blogdalucianaoliveira.com.br\/blog\/2020\/02\/28\/de-bate-boca-com-maia-a-hienas-do-stf-relembre-atos-de-bolsonaro-que-causaram-crise-entre-os-poderes\/image-63-3\/\" data-orig-file=\"https:\/\/i0.wp.com\/blogdalucianaoliveira.com.br\/blog\/wp-content\/uploads\/2020\/02\/image-63.jpeg?fit=768%2C512\" data-orig-size=\"768,512\" data-comments-opened=\"0\" data-image-meta=\"{&quot;aperture&quot;:&quot;0&quot;,&quot;credit&quot;:&quot;&quot;,&quot;camera&quot;:&quot;&quot;,&quot;caption&quot;:&quot;&quot;,&quot;created_timestamp&quot;:&quot;0&quot;,&quot;copyright&quot;:&quot;&quot;,&quot;focal_length&quot;:&quot;0&quot;,&quot;iso&quot;:&quot;0&quot;,&quot;shutter_speed&quot;:&quot;0&quot;,&quot;title&quot;:&quot;&quot;,&quot;orientation&quot;:&quot;0&quot;}\" data-image-title=\"image-63\" data-image-description=\"\" data-image-caption=\"\" data-medium-file=\"https:\/\/i0.wp.com\/blogdalucianaoliveira.com.br\/blog\/wp-content\/uploads\/2020\/02\/image-63.jpeg?fit=300%2C200\" data-large-file=\"https:\/\/i0.wp.com\/blogdalucianaoliveira.com.br\/blog\/wp-content\/uploads\/2020\/02\/image-63.jpeg?fit=600%2C400\" src=\"https:\/\/i0.wp.com\/blogdalucianaoliveira.com.br\/blog\/wp-content\/uploads\/2020\/02\/image-63.jpeg?resize=600%2C400\" alt=\"\" class=\"wp-image-26668\" srcset=\"https:\/\/i0.wp.com\/blogdalucianaoliveira.com.br\/blog\/wp-content\/uploads\/2020\/02\/image-63.jpeg?w=768 768w, https:\/\/i0.wp.com\/blogdalucianaoliveira.com.br\/blog\/wp-content\/uploads\/2020\/02\/image-63.jpeg?resize=300%2C200 300w, https:\/\/i0.wp.com\/blogdalucianaoliveira.com.br\/blog\/wp-content\/uploads\/2020\/02\/image-63.jpeg?resize=450%2C300 450w\" sizes=\"auto, (max-width: 600px) 100vw, 600px\" \/><\/figure>\n\n\n\n<p>Na FSP &#8211; O pa\u00eds vive mais uma crise entre os Poderes\u00a0<a href=\"https:\/\/www1.folha.uol.com.br\/poder\/2020\/02\/ato-com-grupos-autoritarios-e-incentivado-por-deputados-bolsonaristas-e-gera-repudio.shtml\">depois que o presidente Jair Bolsonaro compartilhou pelo WhatsApp v\u00eddeo com convoca\u00e7\u00f5es a manifesta\u00e7\u00e3o anti-Congresso<\/a>\u00a0marcada para o pr\u00f3ximo dia 15.<\/p>\n\n\n\n<!--more-->\n\n\n\n<p>O ato estava previsto desde o final de janeiro e inicialmente defendia a pris\u00e3o ap\u00f3s condena\u00e7\u00e3o em segunda inst\u00e2ncia. A pauta mudou e as convoca\u00e7\u00f5es ganharam for\u00e7a, contudo, ap\u00f3s\u00a0<a href=\"https:\/\/www1.folha.uol.com.br\/mercado\/2020\/02\/general-heleno-diz-que-bolsonaro-e-alvo-de-parlamentarismo-branco-na-discussao-sobre-orcamento.shtml\">fala\u00a0do ministro-chefe do GSI (Gabinete de Seguran\u00e7a Institucional), general Augusto Heleno, que chamou o Congresso de &#8220;chantagista&#8221;<\/a>\u00a0na semana passada.<\/p>\n\n\n\n<p>Embora o centro dos ataques no momento seja o Legislativo, o Supremo tamb\u00e9m \u00e9 mencionado em algumas postagens de bolsonaristas.\u00a0<br><\/p>\n\n\n\n<p>A atitude de Bolsonaro gerou&nbsp;<a href=\"https:\/\/www1.folha.uol.com.br\/poder\/2020\/02\/mais-pede-respeito-as-instituicoes-democraticas-e-diz-que-tensao-nao-ajuda-pais.shtml\">rep\u00fadio do presidente da C\u00e2mara, Rodrigo Maia<\/a>, de parlamentares e de ministros do Supremo Tribunal Federal (STF). O presidente da corte,&nbsp;<a href=\"https:\/\/www1.folha.uol.com.br\/poder\/2020\/02\/sem-citar-bolsonaro-toffoli-diz-que-nao-ha-democracia-sem-parlamento-atuante.shtml\">Dias Toffoli, soltou nota<\/a>&nbsp;em que dizia que n\u00e3o h\u00e1 democracia sem um Legislativo atuante e um Judici\u00e1rio independente.<\/p>\n\n\n\n<p>Esta n\u00e3o foi a primeira vez que um ato de Bolsonaro foi visto como uma amea\u00e7a \u00e0s institui\u00e7\u00f5es e desencadeou rusgas entre os Poderes. O presidente acumula epis\u00f3dios de desgaste com Legislativo e Judici\u00e1rio, que frequentemente s\u00e3o alvo de ataques de grupos bolsonaristas.<\/p>\n\n\n\n<p><a href=\"https:\/\/www1.folha.uol.com.br\/poder\/2020\/02\/alvo-de-bolsonaristas-congresso-e-stf-frearam-medidas-vistas-como-excessos-de-bolsonaro.shtml\">Congresso e STF t\u00eam atuado para retardar ou mesmo barrar iniciativas do Poder Executivo vistas como exageros presidenciais<\/a>, como proposta de isentar de puni\u00e7\u00e3o policiais que cometam crimes em servi\u00e7o e&nbsp;<a href=\"https:\/\/www1.folha.uol.com.br\/poder\/2019\/08\/por-unanimidade-stf-derrota-bolsonaro-e-mantem-demarcacao-indigena-na-funai.shtml\">tentativa de transferir a demarca\u00e7\u00e3o de terras ind\u00edgenas da Funai para o Minist\u00e9rio da Agricultura<\/a>.<\/p>\n\n\n\n<p>Abaixo, veja outros epis\u00f3dios que levaram a crises entre os Poderes, alguns dos quais mostraram arroubos autorit\u00e1rios do presidente.<\/p>\n\n\n\n<h3 class=\"wp-block-heading\">COMEMORA\u00c7\u00d5ES AO GOLPE<\/h3>\n\n\n\n<p>Em mar\u00e7o do ano passado, Bolsonaro&nbsp;<a href=\"https:\/\/www1.folha.uol.com.br\/poder\/2019\/03\/bolsonaro-determinou-comemoracoes-devidas-do-golpe-de-1964-diz-porta-voz.shtml\">determinou \u00e0s For\u00e7as Armadas que fossem feitas \u201ccomemora\u00e7\u00f5es devidas\u201d ao anivers\u00e1rio do golpe militar de 1964<\/a>, que deu in\u00edcio no Brasil a um per\u00edodo de exce\u00e7\u00e3o, marcado por censura, torturas a advers\u00e1rios pol\u00edticos, cassa\u00e7\u00e3o de direitos e fechamento do Congresso Nacional.<\/p>\n\n\n\n<p>Na ocasi\u00e3o, o porta-voz da Presid\u00eancia afirmou que Bolsonaro n\u00e3o via a tomada do poder pelos militares como um golpe de Estado.&nbsp;<\/p>\n\n\n\n<p>Em&nbsp;<a href=\"https:\/\/www1.folha.uol.com.br\/poder\/2019\/03\/nao-houve-ditadura-teve-uns-probleminhas-diz-bolsonaro-sobre-regime-militar-no-pais.shtml\">entrevista na televis\u00e3o<\/a>, o presidente negou que o Brasil tenha passado por uma ditadura.&nbsp;<\/p>\n\n\n\n<p>&#8220;Temos de conhecer a verdade. N\u00e3o quer dizer que foi uma maravilha, n\u00e3o foi uma maravilha regime nenhum. Qual casamento \u00e9 uma maravilha? De vez em quando tem um probleminha, \u00e9 coisa rara um casal n\u00e3o ter um problema, t\u00e1 certo? [&#8230;] E onde voc\u00ea viu uma ditadura entregar pra oposi\u00e7\u00e3o de forma pac\u00edfica o governo? S\u00f3 no Brasil. Ent\u00e3o, n\u00e3o houve ditadura&#8221;, disse.<\/p>\n\n\n\n<p>Em outro epis\u00f3dio, desta vez em julho,&nbsp;<a href=\"https:\/\/www1.folha.uol.com.br\/poder\/2019\/07\/se-presidente-da-oab-quiser-saber-como-pai-dele-desapareceu-na-ditadura-eu-conto-diz-bolsonaro.shtml\">Bolsonaro ironizou a morte de Fernando Santa Cruz, desaparecido ap\u00f3s ser preso pelo regime militar<\/a>.&nbsp;<\/p>\n\n\n\n<p>Na ocasi\u00e3o, o presidente reclamava da atua\u00e7\u00e3o da OAB (Ordem dos Advogados do Brasil) na investiga\u00e7\u00e3o do caso de Ad\u00e9lio Bispo, autor do atentado \u00e0 faca do qual foi alvo, e disse que poderia explicar ao presidente da entidade, Felipe Santa Cruz, como o pai dele desapareceu durante a ditadura militar.<\/p>\n\n\n\n<p>Pouco depois, nas redes sociais,&nbsp;<a href=\"https:\/\/www1.folha.uol.com.br\/poder\/2019\/07\/bolsonaro-defende-militares-e-diz-que-grupo-de-esquerda-matou-pai-de-presidente-da-oab.shtml\">afirmou que Fernando havia sido morto por grupos da esquerda<\/a>&nbsp;\u2014<a href=\"https:\/\/www1.folha.uol.com.br\/poder\/2019\/07\/documentos-oficiais-desmontam-versao-de-bolsonaro-sobre-desaparecido-na-ditadura.shtml\">a informa\u00e7\u00e3o \u00e9 falsa<\/a>.&nbsp;<\/p>\n\n\n\n<p>Em ambos os casos, Bolsonaro foi alvo de cr\u00edticas p\u00fablicas de membros do Judici\u00e1rio, do Minist\u00e9rio P\u00fablico e do Congresso.<\/p>\n\n\n\n<h3 class=\"wp-block-heading\">BATE-BOCA COM RODRIGO MAIA<\/h3>\n\n\n\n<p>Tamb\u00e9m em mar\u00e7o de 2019, o presidente da C\u00e2mara, Rodrigo Maia (DEM-RJ), e Jair Bolsonaro protagonizaram um bate-boca p\u00fablico \u2014com direito a participa\u00e7\u00e3o especial do ministro da Justi\u00e7a, Sergio Moro,&nbsp;<a href=\"https:\/\/www1.folha.uol.com.br\/poder\/2019\/03\/maia-diz-que-projeto-de-moro-e-copia-e-cola-e-que-ministro-confunde-as-bolas.shtml\">que foi chamado pelo deputado de \u201cfuncion\u00e1rio do presidente\u201d<\/a>&nbsp;ap\u00f3s fazer cobran\u00e7as ao Legislativo.<\/p>\n\n\n\n<p>Em meio \u00e0 crise, Bolsonaro ironizou a pris\u00e3o do sogro de Maia, Moreira Franco, e falou em velha pol\u00edtica. J\u00e1 Maia disse que estava sendo atacado enquanto bancava sozinho a reforma da Previd\u00eancia e Bolsonaro brincava de presidir o pa\u00eds.<\/p>\n\n\n\n<p>O caso levou \u00e0 disparada do d\u00f3lar e queda da Bolsa. Por fim,\u00a0<a href=\"https:\/\/www1.folha.uol.com.br\/poder\/2019\/03\/mesmo-com-pagina-virada-bolsonaro-nao-ve-apoio-garantido-no-congresso.shtml\">os dois fizeram as pazes e disseram que o conflito era \u201cp\u00e1gina virada\u201d<\/a><\/p>\n\n\n\n<h3 class=\"wp-block-heading\">PA\u00cdS INGOVERN\u00c1VEL<\/h3>\n\n\n\n<p>Em maio,&nbsp;Bolsonaro&nbsp;<a href=\"https:\/\/www1.folha.uol.com.br\/poder\/2019\/05\/brasil-so-muda-com-apoio-de-voces-afirma-bolsonaro-apos-texto-sobre-pais-ingovernavel.shtml\">compartilhou em grupos de WhatsApp um texto<\/a>&nbsp;dizendo que o Brasil \u201c\u00e9 ingovern\u00e1vel\u201d sem os \u201cconchavos\u201d que ele se recusaria a fazer.<\/p>\n\n\n\n<p>A mensagem dizia que o mandat\u00e1rio estaria impedido de atuar por n\u00e3o concordar com os interesses das corpora\u00e7\u00f5es.<\/p>\n\n\n\n<p>O compartilhamento do texto elevou a tens\u00e3o dentro do governo, entre aliados e representantes de outros Poderes, com interpreta\u00e7\u00f5es divergentes sobre as inten\u00e7\u00f5es do presidente ao endossar a mensagem \u2014publicada dias antes em uma rede social por um filiado ao Novo-RJ e replicada em outros grupos.<\/p>\n\n\n\n<p>Integrantes do Judici\u00e1rio e do Legislativo viram no gesto do presidente uma tentativa de \u201cjogar para a plateia\u201d e se eximir da responsabilidade de governar, transferindo para os demais Poderes a causa dos problemas enfrentados pelo pa\u00eds.<\/p>\n\n\n\n<h3 class=\"wp-block-heading\">PROTESTOS<\/h3>\n\n\n\n<p>Em situa\u00e7\u00e3o semelhante \u00e0 de agora, Bolsonaro<a href=\"https:\/\/www1.folha.uol.com.br\/poder\/2019\/03\/maia-diz-que-projeto-de-moro-e-copia-e-cola-e-que-ministro-confunde-as-bolas.shtml\">\u00a0cogitou ir a manifesta\u00e7\u00f5es em junho do ano passado<\/a>. Os atos tinham como pauta a defesa do governo e da reforma da Previd\u00eancia, mas tamb\u00e9m tiveram mensagens autorit\u00e1rias, como<a href=\"https:\/\/painel.blogfolha.uol.com.br\/2019\/05\/20\/bolsonaro-quer-que-manifestacao-do-dia-26-supere-atos-contra-politica-educacional\/\">\u00a0fim do STF<\/a>\u00a0e do Congresso e pedidos de interven\u00e7\u00e3o militar.<\/p>\n\n\n\n<p>Bolsonaro foi convencido pelo n\u00facleo moderado do Pal\u00e1cio do Planalto a n\u00e3o comparecer. A avalia\u00e7\u00e3o na \u00e9poca era a de que um apoio do presidente poderia piorar sua rela\u00e7\u00e3o com o Poder Legislativo, j\u00e1 que uma das bandeiras era a cr\u00edtica aos partidos do chamado centr\u00e3o.&nbsp;<\/p>\n\n\n\n<p>O presidente orientou aos ministros que n\u00e3o fizessem convoca\u00e7\u00f5es p\u00fablicas ou comparecessem aos protestos. No dia dos atos, contudo,&nbsp;<a href=\"https:\/\/aovivo.folha.uol.com.br\/poder\/2019\/05\/26\/5711-grupos-pro-bolsonaro-fazem-manifestacoes-em-pelo-menos-140-cidades.shtml#post390353\">Bolsonaro compartilhou em suas redes v\u00eddeos das manifesta\u00e7\u00f5es<\/a>.<\/p>\n\n\n\n<h3 class=\"wp-block-heading\">HIENAS<\/h3>\n\n\n\n<p>Em outubro,&nbsp;<a href=\"https:\/\/www1.folha.uol.com.br\/poder\/2019\/10\/bolsonaro-compara-supremo-e-psl-a-hienas-que-o-atacam.shtml\">Bolsonaro publicou nas redes sociais um v\u00eddeo em que aparecia como um le\u00e3o acossado por hienas<\/a>.<\/p>\n\n\n\n<p>Entre as hienas apareciam o STF (Supremo Tribunal Federal), o PSL (legenda pela qual foi eleito mas da qual se desfiliou), partidos de esquerda como PT e PSOL, a CNBB (Confer\u00eancia Nacional dos Bispos do Brasil) e ve\u00edculos de imprensa, incluindo a&nbsp;<strong>Folha<\/strong>.<\/p>\n\n\n\n<p>O v\u00eddeo terminava com a chegada de um outro le\u00e3o chamado de \u201cconservador patriota\u201d e com um apelo: \u201cVamos apoiar o nosso presidente at\u00e9 o fim e n\u00e3o atac\u00e1-lo. J\u00e1 tem a oposi\u00e7\u00e3o pra fazer isso!&#8221;<\/p>\n\n\n\n<p>O ministro&nbsp;<a href=\"https:\/\/www1.folha.uol.com.br\/poder\/2019\/10\/atrevimento-de-bolsonaro-nao-tem-limites-diz-celso-de-mello-sobre-video-das-hienas.shtml\">Celso de Mello, decano do STF, disse que a postagem<\/a>&nbsp;evidenciava que \u201co atrevimento presidencial parece n\u00e3o encontrar limites\u201d. O v\u00eddeo&nbsp;<a href=\"https:\/\/www1.folha.uol.com.br\/poder\/2019\/10\/publicacao-de-bolsonaro-gera-mal-estar-no-supremo-e-infla-animos-no-psl.shtml\">causou mal-estar tamb\u00e9m entre outros ministros do Supremo<\/a>. Integrantes da corte disseram \u00e0&nbsp;<strong>Folha<\/strong>&nbsp;que enviaram recados ao Pal\u00e1cio do Planalto de que o filme era despropositado.<\/p>\n\n\n\n<p>Nos bastidores, alguns ministros classificaram a publica\u00e7\u00e3o como infantil e, com ironia, disseram que o governo precisa chegar \u00e0 vida adulta.&nbsp;<\/p>\n\n\n\n<p>A postagem foi apagada.&nbsp;<\/p>\n\n\n\n<p>Um dia depois, o presidente<a href=\"https:\/\/www1.folha.uol.com.br\/poder\/2019\/10\/bolsonaro-admite-erro-em-video-com-hienas-pede-desculpas-e-promete-retratacao.shtml\">&nbsp;admitiu que errou e pediu desculpas ao STF e \u201ca quem porventura ficou ofendido\u201d<\/a>.<\/p>\n","protected":false},"excerpt":{"rendered":"<p>Na FSP &#8211; O pa\u00eds vive mais uma crise entre os Poderes\u00a0depois que o presidente Jair Bolsonaro compartilhou pelo WhatsApp v\u00eddeo com convoca\u00e7\u00f5es a manifesta\u00e7\u00e3o anti-Congresso\u00a0marcada para o pr\u00f3ximo dia 15.<\/p>\n","protected":false},"author":1,"featured_media":0,"comment_status":"closed","ping_status":"open","sticky":false,"template":"","format":"standard","meta":{"_exactmetrics_skip_tracking":false,"_exactmetrics_sitenote_active":false,"_exactmetrics_sitenote_note":"","_exactmetrics_sitenote_category":0,"jetpack_post_was_ever_published":false,"_jetpack_newsletter_access":"","_jetpack_dont_email_post_to_subs":false,"_jetpack_newsletter_tier_id":0,"_jetpack_memberships_contains_paywalled_content":false,"_jetpack_memberships_contains_paid_content":false,"footnotes":"","jetpack_publicize_message":"","jetpack_publicize_feature_enabled":true,"jetpack_social_post_already_shared":true,"jetpack_social_options":{"image_generator_settings":{"template":"highway","enabled":false},"version":2}},"categories":[1],"tags":[],"class_list":["post-26667","post","type-post","status-publish","format-standard","hentry","category-notas"],"jetpack_publicize_connections":[],"jetpack_sharing_enabled":true,"jetpack_featured_media_url":"","jetpack_shortlink":"https:\/\/wp.me\/p7wKYW-6W7","jetpack-related-posts":[],"_links":{"self":[{"href":"http:\/\/blogdalucianaoliveira.com.br\/blog\/wp-json\/wp\/v2\/posts\/26667","targetHints":{"allow":["GET"]}}],"collection":[{"href":"http:\/\/blogdalucianaoliveira.com.br\/blog\/wp-json\/wp\/v2\/posts"}],"about":[{"href":"http:\/\/blogdalucianaoliveira.com.br\/blog\/wp-json\/wp\/v2\/types\/post"}],"author":[{"embeddable":true,"href":"http:\/\/blogdalucianaoliveira.com.br\/blog\/wp-json\/wp\/v2\/users\/1"}],"replies":[{"embeddable":true,"href":"http:\/\/blogdalucianaoliveira.com.br\/blog\/wp-json\/wp\/v2\/comments?post=26667"}],"version-history":[{"count":1,"href":"http:\/\/blogdalucianaoliveira.com.br\/blog\/wp-json\/wp\/v2\/posts\/26667\/revisions"}],"predecessor-version":[{"id":26669,"href":"http:\/\/blogdalucianaoliveira.com.br\/blog\/wp-json\/wp\/v2\/posts\/26667\/revisions\/26669"}],"wp:attachment":[{"href":"http:\/\/blogdalucianaoliveira.com.br\/blog\/wp-json\/wp\/v2\/media?parent=26667"}],"wp:term":[{"taxonomy":"category","embeddable":true,"href":"http:\/\/blogdalucianaoliveira.com.br\/blog\/wp-json\/wp\/v2\/categories?post=26667"},{"taxonomy":"post_tag","embeddable":true,"href":"http:\/\/blogdalucianaoliveira.com.br\/blog\/wp-json\/wp\/v2\/tags?post=26667"}],"curies":[{"name":"wp","href":"https:\/\/api.w.org\/{rel}","templated":true}]}}