{"id":26670,"date":"2020-03-02T09:15:34","date_gmt":"2020-03-02T13:15:34","guid":{"rendered":"http:\/\/blogdalucianaoliveira.com.br\/blog\/?p=26670"},"modified":"2020-03-02T09:15:45","modified_gmt":"2020-03-02T13:15:45","slug":"lula-recebe-titulo-em-paris-nesta-segunda-feira-2","status":"publish","type":"post","link":"http:\/\/blogdalucianaoliveira.com.br\/blog\/2020\/03\/02\/lula-recebe-titulo-em-paris-nesta-segunda-feira-2\/","title":{"rendered":"Lula recebe t\u00edtulo em Paris nesta segunda-feira (2)"},"content":{"rendered":"\n<figure class=\"wp-block-image size-large\"><img data-recalc-dims=\"1\" loading=\"lazy\" decoding=\"async\" width=\"600\" height=\"400\" data-attachment-id=\"26671\" data-permalink=\"http:\/\/blogdalucianaoliveira.com.br\/blog\/2020\/03\/02\/lula-recebe-titulo-em-paris-nesta-segunda-feira-2\/image-1143\/\" data-orig-file=\"https:\/\/i0.wp.com\/blogdalucianaoliveira.com.br\/blog\/wp-content\/uploads\/2020\/03\/image.jpeg?fit=800%2C533\" data-orig-size=\"800,533\" data-comments-opened=\"0\" data-image-meta=\"{&quot;aperture&quot;:&quot;0&quot;,&quot;credit&quot;:&quot;&quot;,&quot;camera&quot;:&quot;&quot;,&quot;caption&quot;:&quot;&quot;,&quot;created_timestamp&quot;:&quot;1575523636&quot;,&quot;copyright&quot;:&quot;&quot;,&quot;focal_length&quot;:&quot;0&quot;,&quot;iso&quot;:&quot;0&quot;,&quot;shutter_speed&quot;:&quot;0&quot;,&quot;title&quot;:&quot;&quot;,&quot;orientation&quot;:&quot;0&quot;}\" data-image-title=\"image\" data-image-description=\"\" data-image-caption=\"\" data-medium-file=\"https:\/\/i0.wp.com\/blogdalucianaoliveira.com.br\/blog\/wp-content\/uploads\/2020\/03\/image.jpeg?fit=300%2C200\" data-large-file=\"https:\/\/i0.wp.com\/blogdalucianaoliveira.com.br\/blog\/wp-content\/uploads\/2020\/03\/image.jpeg?fit=600%2C400\" src=\"https:\/\/i0.wp.com\/blogdalucianaoliveira.com.br\/blog\/wp-content\/uploads\/2020\/03\/image.jpeg?resize=600%2C400\" alt=\"\" class=\"wp-image-26671\" srcset=\"https:\/\/i0.wp.com\/blogdalucianaoliveira.com.br\/blog\/wp-content\/uploads\/2020\/03\/image.jpeg?w=800 800w, https:\/\/i0.wp.com\/blogdalucianaoliveira.com.br\/blog\/wp-content\/uploads\/2020\/03\/image.jpeg?resize=300%2C200 300w, https:\/\/i0.wp.com\/blogdalucianaoliveira.com.br\/blog\/wp-content\/uploads\/2020\/03\/image.jpeg?resize=768%2C512 768w, https:\/\/i0.wp.com\/blogdalucianaoliveira.com.br\/blog\/wp-content\/uploads\/2020\/03\/image.jpeg?resize=450%2C300 450w\" sizes=\"auto, (max-width: 600px) 100vw, 600px\" \/><\/figure>\n\n\n\n<p><\/p>\n\n\n\n<h4 class=\"wp-block-heading\">Honraria destaca a\u00e7\u00f5es do ex-presidente no combate \u00e0 fome e \u00e0 mis\u00e9ria<\/h4>\n\n\n\n<!--more-->\n\n\n\n<p>Reda\u00e7\u00e3o\u00a0<a rel=\"noreferrer noopener\" target=\"_blank\" href=\"https:\/\/www.redebrasilatual.com.br\/politica\/2020\/03\/lula-cidadao-honorario-paris\/\">Rede Brasil Atua<\/a><\/p>\n\n\n\n<p>O ex-presidente Luiz In\u00e1cio Lula da Silva participa nesta segunda-feira (2), em Paris, da primeira de uma s\u00e9rie de agendas&nbsp;que cumprir\u00e1 na Europa nos pr\u00f3ximo dias. Lula viajou \u00e0 Fran\u00e7a a convite da prefeita da capital francesa, Anne Hidalgo, para receber o t\u00edtulo de Cidad\u00e3o Honor\u00e1rio de Paris.<\/p>\n\n\n\n<p>A honraria foi aprovada pelo Legislativo local enquanto o ex-presidente ainda era mantido preso pol\u00edtico em Curitiba. O t\u00edtulo reconhece o legado de Lula no combate \u00e0 mis\u00e9ria e sua luta contra a fome.<\/p>\n\n\n\n<p>A prefeita Anne Hidalgo \u2013 primeira mulher a administrar a capital francesa na hist\u00f3ria do pa\u00eds \u2013, chegou a comemorar em seu Twitter quando Lula deixou a pris\u00e3o. \u201c\u00c9 bom saber que o ex-presidente brasileiro Luiz In\u00e1cio \u2018Lula\u2019 da Silva acaba de ser libertado. Espero por ele o mais r\u00e1pido poss\u00edvel em Paris, onde ele \u00e9 Cidad\u00e3o Honor\u00e1rio\u201d, escreveu.<\/p>\n\n\n\n<p>O ex-presidente \u00e9 o segundo brasileiro a receber o t\u00edtulo de Cidad\u00e3o Honor\u00e1rio de Paris, ao lado do l\u00edder ind\u00edgena kayap\u00f3 Raoni Metuktire. O l\u00edder sul-africano Nelson Mandela e o jornal franc\u00eas Charlie Hebdo tamb\u00e9m j\u00e1 foram contemplados.<\/p>\n\n\n\n<p>O evento ser\u00e1 realizado \u00e0 noite, no Theatre du Gymnase, e contar\u00e1 com presen\u00e7a da ex-presidenta Dilma Rousseff e do ex-ministro da Educa\u00e7\u00e3o e candidato \u00e0 Presid\u00eancia em 2018 pelo PT,&nbsp;Fernando Haddad.<\/p>\n\n\n\n<p>Na ter\u00e7a-feira (3), o ex-presidente participa do Festival Lula Livre em Paris, no Teatro do Sol, \u00e0s 19h30. As inscri\u00e7\u00f5es para participar do ato podem ser feitas pelo&nbsp;<a href=\"https:\/\/www.weezevent.com\/lula-libre-a-paris\">site do comit\u00ea local<\/a>.<\/p>\n\n\n\n<p>Desigualdade<\/p>\n\n\n\n<p>Na capital francesa, Lula ter\u00e1 encontros com lideran\u00e7as pol\u00edticas, partidos, sindicatos e intelectuais franceses.<\/p>\n\n\n\n<p>Em visita a Genebra, no dia 6, Lula se encontrar\u00e1 com representantes do Conselho Mundial das Igrejas (CMI), que congrega mais de 340 igrejas em mais de 120 pa\u00edses. Na pauta, o ex-presidente deve abordar a desigualdade social, tema central do encontro com o papa Francisco no Vaticano. Ainda na Su\u00ed\u00e7a, o ex-presidente participa de encontro com representantes de sindicatos globais.<\/p>\n\n\n\n<p>J\u00e1 em Berlim, na Alemanha, Lula vai se reunir com lideran\u00e7as pol\u00edticas e com representantes do movimento sindical alem\u00e3o. No dia 9, participa de encontro em defesa da democracia no Brasil. Ser\u00e1 um ato p\u00fablico em que encontrar\u00e1 representantes dos comit\u00eas internacionais Lula Livre.<\/p>\n","protected":false},"excerpt":{"rendered":"<p>Honraria destaca a\u00e7\u00f5es do ex-presidente no combate \u00e0 fome e \u00e0 mis\u00e9ria<\/p>\n","protected":false},"author":1,"featured_media":0,"comment_status":"closed","ping_status":"open","sticky":false,"template":"","format":"standard","meta":{"_exactmetrics_skip_tracking":false,"_exactmetrics_sitenote_active":false,"_exactmetrics_sitenote_note":"","_exactmetrics_sitenote_category":0,"jetpack_post_was_ever_published":false,"_jetpack_newsletter_access":"","_jetpack_dont_email_post_to_subs":false,"_jetpack_newsletter_tier_id":0,"_jetpack_memberships_contains_paywalled_content":false,"_jetpack_memberships_contains_paid_content":false,"footnotes":"","jetpack_publicize_message":"","jetpack_publicize_feature_enabled":true,"jetpack_social_post_already_shared":true,"jetpack_social_options":{"image_generator_settings":{"template":"highway","enabled":false},"version":2}},"categories":[1],"tags":[],"class_list":["post-26670","post","type-post","status-publish","format-standard","hentry","category-notas"],"jetpack_publicize_connections":[],"jetpack_sharing_enabled":true,"jetpack_featured_media_url":"","jetpack_shortlink":"https:\/\/wp.me\/p7wKYW-6Wa","jetpack-related-posts":[],"_links":{"self":[{"href":"http:\/\/blogdalucianaoliveira.com.br\/blog\/wp-json\/wp\/v2\/posts\/26670","targetHints":{"allow":["GET"]}}],"collection":[{"href":"http:\/\/blogdalucianaoliveira.com.br\/blog\/wp-json\/wp\/v2\/posts"}],"about":[{"href":"http:\/\/blogdalucianaoliveira.com.br\/blog\/wp-json\/wp\/v2\/types\/post"}],"author":[{"embeddable":true,"href":"http:\/\/blogdalucianaoliveira.com.br\/blog\/wp-json\/wp\/v2\/users\/1"}],"replies":[{"embeddable":true,"href":"http:\/\/blogdalucianaoliveira.com.br\/blog\/wp-json\/wp\/v2\/comments?post=26670"}],"version-history":[{"count":1,"href":"http:\/\/blogdalucianaoliveira.com.br\/blog\/wp-json\/wp\/v2\/posts\/26670\/revisions"}],"predecessor-version":[{"id":26672,"href":"http:\/\/blogdalucianaoliveira.com.br\/blog\/wp-json\/wp\/v2\/posts\/26670\/revisions\/26672"}],"wp:attachment":[{"href":"http:\/\/blogdalucianaoliveira.com.br\/blog\/wp-json\/wp\/v2\/media?parent=26670"}],"wp:term":[{"taxonomy":"category","embeddable":true,"href":"http:\/\/blogdalucianaoliveira.com.br\/blog\/wp-json\/wp\/v2\/categories?post=26670"},{"taxonomy":"post_tag","embeddable":true,"href":"http:\/\/blogdalucianaoliveira.com.br\/blog\/wp-json\/wp\/v2\/tags?post=26670"}],"curies":[{"name":"wp","href":"https:\/\/api.w.org\/{rel}","templated":true}]}}