{"id":26673,"date":"2020-03-02T09:30:51","date_gmt":"2020-03-02T13:30:51","guid":{"rendered":"http:\/\/blogdalucianaoliveira.com.br\/blog\/?p=26673"},"modified":"2020-03-02T09:31:02","modified_gmt":"2020-03-02T13:31:02","slug":"prioridade-do-governo-pos-com-nota-alta-em-cidade-pobre-nao-existe","status":"publish","type":"post","link":"http:\/\/blogdalucianaoliveira.com.br\/blog\/2020\/03\/02\/prioridade-do-governo-pos-com-nota-alta-em-cidade-pobre-nao-existe\/","title":{"rendered":"Prioridade do governo, p\u00f3s com nota alta em cidade pobre n\u00e3o existe"},"content":{"rendered":"\n<figure class=\"wp-block-image size-large\"><img data-recalc-dims=\"1\" loading=\"lazy\" decoding=\"async\" width=\"600\" height=\"401\" data-attachment-id=\"26674\" data-permalink=\"http:\/\/blogdalucianaoliveira.com.br\/blog\/2020\/03\/02\/prioridade-do-governo-pos-com-nota-alta-em-cidade-pobre-nao-existe\/image-1-6\/\" data-orig-file=\"https:\/\/i0.wp.com\/blogdalucianaoliveira.com.br\/blog\/wp-content\/uploads\/2020\/03\/image-1.jpeg?fit=768%2C513\" data-orig-size=\"768,513\" data-comments-opened=\"0\" data-image-meta=\"{&quot;aperture&quot;:&quot;0&quot;,&quot;credit&quot;:&quot;&quot;,&quot;camera&quot;:&quot;&quot;,&quot;caption&quot;:&quot;&quot;,&quot;created_timestamp&quot;:&quot;0&quot;,&quot;copyright&quot;:&quot;&quot;,&quot;focal_length&quot;:&quot;0&quot;,&quot;iso&quot;:&quot;0&quot;,&quot;shutter_speed&quot;:&quot;0&quot;,&quot;title&quot;:&quot;&quot;,&quot;orientation&quot;:&quot;0&quot;}\" data-image-title=\"image-1\" data-image-description=\"\" data-image-caption=\"\" data-medium-file=\"https:\/\/i0.wp.com\/blogdalucianaoliveira.com.br\/blog\/wp-content\/uploads\/2020\/03\/image-1.jpeg?fit=300%2C200\" data-large-file=\"https:\/\/i0.wp.com\/blogdalucianaoliveira.com.br\/blog\/wp-content\/uploads\/2020\/03\/image-1.jpeg?fit=600%2C401\" src=\"https:\/\/i0.wp.com\/blogdalucianaoliveira.com.br\/blog\/wp-content\/uploads\/2020\/03\/image-1.jpeg?resize=600%2C401\" alt=\"\" class=\"wp-image-26674\" srcset=\"https:\/\/i0.wp.com\/blogdalucianaoliveira.com.br\/blog\/wp-content\/uploads\/2020\/03\/image-1.jpeg?w=768 768w, https:\/\/i0.wp.com\/blogdalucianaoliveira.com.br\/blog\/wp-content\/uploads\/2020\/03\/image-1.jpeg?resize=300%2C200 300w, https:\/\/i0.wp.com\/blogdalucianaoliveira.com.br\/blog\/wp-content\/uploads\/2020\/03\/image-1.jpeg?resize=449%2C300 449w\" sizes=\"auto, (max-width: 600px) 100vw, 600px\" \/><\/figure>\n\n\n\n<p>Novo crit\u00e9rio para distribui\u00e7\u00e3o de bolsas da Capes inclui n\u00famero de formados e favorece munic\u00edpios com IDHM baixo<\/p>\n\n\n\n<!--more-->\n\n\n\n<p><strong>Sabine Righetti<\/strong><\/p>\n\n\n\n<p><strong><a href=\"https:\/\/www1.folha.uol.com.br\/autores\/estevao-gamba.shtml\">Est\u00eav\u00e3o Gamba<\/a><\/strong><\/p>\n\n\n\n<p>O governo federal&nbsp;<a href=\"https:\/\/www1.folha.uol.com.br\/educacao\/2020\/03\/pesquisadores-questionam-criterios-da-capes-em-novo-modelo-de-concessao-de-bolsas.shtml\">anunciou em fevereiro<\/a>&nbsp;que ir\u00e1 privilegiar a concess\u00e3o de bolsas de mestrado e de doutorado para alunos dos cursos mais bem avaliados do pa\u00eds que, ao mesmo tempo, estejam nas cidades mais pobres. O problema \u00e9 que, de acordo com cruzamento de dados feito pela&nbsp;<strong>Folha<\/strong>, as duas caracter\u00edsticas caminham completamente separadas.<\/p>\n\n\n\n<p>Pela proposta da&nbsp;<a href=\"https:\/\/www1.folha.uol.com.br\/educacao\/2020\/01\/novo-presidente-da-capes-defende-criacionismo-em-contraponto-a-teoria-da-evolucao.shtml\">Capes, ag\u00eancia federal ligada ao MEC<\/a>&nbsp;(Minist\u00e9rio da Educa\u00e7\u00e3o), quanto maior a nota do programa de p\u00f3s-gradua\u00e7\u00e3o, maior ser\u00e1 o n\u00famero de bolsas. Na pr\u00e1tica, isso j\u00e1 acontece. A novidade \u00e9 que entrariam na conta tamb\u00e9m a quantidade de estudantes formados de 2015 a 2018 em cada programa e o IDHM (\u00cdndice de Desenvolvimento Humano Municipal) da cidade de cada curso.<\/p>\n\n\n\n<p>Pela nova distribui\u00e7\u00e3o, informa a Capes, um curso oferecido em uma institui\u00e7\u00e3o de uma cidade com IDHM mais baixo teria duas vezes o n\u00famero de bolsas de outro semelhante que fica em um munic\u00edpio com IDHM mais alto.\u00a0<br><\/p>\n\n\n\n<p>O que a Capes parece n\u00e3o saber \u00e9 que 95% dos 4.285 programas de p\u00f3s-gradua\u00e7\u00e3o ativos hoje no Brasil est\u00e3o em 287 munic\u00edpios com IDHM alto ou muito alto. Ou seja: considerar o \u00edndice como crit\u00e9rio de sele\u00e7\u00e3o de bolsa n\u00e3o faz sentido.<\/p>\n\n\n\n<p>O restante \u20145% dos programas de p\u00f3s do pa\u00eds, que s\u00e3o oferecidos em institui\u00e7\u00f5es de cidades mais pobres (IDHM m\u00e9dio e baixo)\u2014 n\u00e3o atinge o n\u00edvel de excel\u00eancia exigido pela pr\u00f3pria Capes nos sistemas de avalia\u00e7\u00e3o da ag\u00eancia.&nbsp;<\/p>\n\n\n\n<p>H\u00e1 apenas duas exce\u00e7\u00f5es: dois programas de p\u00f3s-gradua\u00e7\u00e3o da Universidade Federal de Pelotas em Cap\u00e3o do Le\u00e3o (a 265 km de Porto Alegre). L\u00e1, o IDHM \u00e9 m\u00e9dio, mas os cursos em ci\u00eancias agr\u00e1rias e em biotecnologia t\u00eam os conceitos m\u00e1ximos na avalia\u00e7\u00e3o da Capes (notas 6 e 7).<\/p>\n\n\n\n<p>Os \u00fanicos programas de p\u00f3s de escolas que ficam em cidades com IDHM baixo no Brasil \u2014s\u00e3o apenas oito\u2014 tamb\u00e9m n\u00e3o se beneficiariam com a nova proposta da Capes.<\/p>\n\n\n\n<p>\u00a0<\/p>\n\n\n\n<p>Os cursos t\u00eam como foco biodiversidade, educa\u00e7\u00e3o e ci\u00eancias agr\u00e1rias e correlatas em campus das universidades federais da Para\u00edba (na cidades de Areia, Bananeiras e Rio Tinto) e do Par\u00e1 (em Camet\u00e1). A maioria deles tem nota 3, ou seja, est\u00e3o apenas um ponto acima de programas desativados pela Capes por m\u00e1 qualidade.<\/p>\n\n\n\n<p>Al\u00e9m disso, a tamb\u00e9m maioria desses programas de p\u00f3s oferecidos em cidades com IDHM baixo t\u00eam apenas mestrado \u2014a Capes anunciou que vai priorizar as bolsas de doutorado. E dois deles foram criados em 2014, ou seja, t\u00eam poucos alunos formados entre 2015 e 2018.<\/p>\n\n\n\n<p>N\u00e3o h\u00e1, no pa\u00eds, nenhuma cidade com IDHM muito baixo que tenha institui\u00e7\u00e3o de ensino superior ofertando programa de p\u00f3s-gradua\u00e7\u00e3o \u2014algo que a Capes tamb\u00e9m parece desconhecer.&nbsp;<\/p>\n\n\n\n<p>Na pr\u00e1tica, valer\u00e1 o mesmo de sempre no modelo \u201cin\u00e9dito\u201d de concess\u00e3o de bolsas: as notas dos programas de p\u00f3s-gradua\u00e7\u00e3o, que s\u00e3o avaliados pela pr\u00f3pria Capes a partir de indicadores como a quantidade de estudos cient\u00edficos dos alunos e dos docentes. E, por esse crit\u00e9rio, cursos de universidades recentemente criadas em regi\u00f5es do pa\u00eds nas quais o ensino superior ainda n\u00e3o se consolidou sempre sair\u00e3o perdendo.&nbsp;<\/p>\n\n\n\n<figure><iframe loading=\"lazy\" src=\"https:\/\/arte.folha.uol.com.br\/cotidiano\/2020\/02\/17\/corte-capes\/?initialWidth=1&amp;childId=infographic-1&amp;parentTitle=Prioridade%20do%20governo%2C%20p%C3%B3s%20com%20nota%20alta%20em%20cidade%20pobre%20n%C3%A3o%20existe%20-%2002%2F03%2F2020%20-%20Educa%C3%A7%C3%A3o%20-%20Folha&amp;parentUrl=https%3A%2F%2Fwww1.folha.uol.com.br%2Feducacao%2F2020%2F03%2Fprioridade-do-governo-pos-com-nota-alta-em-cidade-pobre-nao-existe.shtml\" width=\"100%\" height=\"1430px\"><\/iframe><\/figure>\n\n\n\n<p><\/p>\n\n\n\n<p><\/p>\n","protected":false},"excerpt":{"rendered":"<p>Novo crit\u00e9rio para distribui\u00e7\u00e3o de bolsas da Capes inclui n\u00famero de formados e favorece munic\u00edpios com IDHM baixo<\/p>\n","protected":false},"author":1,"featured_media":0,"comment_status":"closed","ping_status":"open","sticky":false,"template":"","format":"standard","meta":{"_exactmetrics_skip_tracking":false,"_exactmetrics_sitenote_active":false,"_exactmetrics_sitenote_note":"","_exactmetrics_sitenote_category":0,"jetpack_post_was_ever_published":false,"_jetpack_newsletter_access":"","_jetpack_dont_email_post_to_subs":false,"_jetpack_newsletter_tier_id":0,"_jetpack_memberships_contains_paywalled_content":false,"_jetpack_memberships_contains_paid_content":false,"footnotes":"","jetpack_publicize_message":"","jetpack_publicize_feature_enabled":true,"jetpack_social_post_already_shared":true,"jetpack_social_options":{"image_generator_settings":{"template":"highway","enabled":false},"version":2}},"categories":[1],"tags":[],"class_list":["post-26673","post","type-post","status-publish","format-standard","hentry","category-notas"],"jetpack_publicize_connections":[],"jetpack_sharing_enabled":true,"jetpack_featured_media_url":"","jetpack_shortlink":"https:\/\/wp.me\/p7wKYW-6Wd","jetpack-related-posts":[],"_links":{"self":[{"href":"http:\/\/blogdalucianaoliveira.com.br\/blog\/wp-json\/wp\/v2\/posts\/26673","targetHints":{"allow":["GET"]}}],"collection":[{"href":"http:\/\/blogdalucianaoliveira.com.br\/blog\/wp-json\/wp\/v2\/posts"}],"about":[{"href":"http:\/\/blogdalucianaoliveira.com.br\/blog\/wp-json\/wp\/v2\/types\/post"}],"author":[{"embeddable":true,"href":"http:\/\/blogdalucianaoliveira.com.br\/blog\/wp-json\/wp\/v2\/users\/1"}],"replies":[{"embeddable":true,"href":"http:\/\/blogdalucianaoliveira.com.br\/blog\/wp-json\/wp\/v2\/comments?post=26673"}],"version-history":[{"count":1,"href":"http:\/\/blogdalucianaoliveira.com.br\/blog\/wp-json\/wp\/v2\/posts\/26673\/revisions"}],"predecessor-version":[{"id":26675,"href":"http:\/\/blogdalucianaoliveira.com.br\/blog\/wp-json\/wp\/v2\/posts\/26673\/revisions\/26675"}],"wp:attachment":[{"href":"http:\/\/blogdalucianaoliveira.com.br\/blog\/wp-json\/wp\/v2\/media?parent=26673"}],"wp:term":[{"taxonomy":"category","embeddable":true,"href":"http:\/\/blogdalucianaoliveira.com.br\/blog\/wp-json\/wp\/v2\/categories?post=26673"},{"taxonomy":"post_tag","embeddable":true,"href":"http:\/\/blogdalucianaoliveira.com.br\/blog\/wp-json\/wp\/v2\/tags?post=26673"}],"curies":[{"name":"wp","href":"https:\/\/api.w.org\/{rel}","templated":true}]}}