{"id":26686,"date":"2020-03-02T18:33:36","date_gmt":"2020-03-02T22:33:36","guid":{"rendered":"http:\/\/blogdalucianaoliveira.com.br\/blog\/?p=26686"},"modified":"2020-03-02T18:33:43","modified_gmt":"2020-03-02T22:33:43","slug":"lula-recebe-titulo-de-cidadao-honorario-de-paris","status":"publish","type":"post","link":"http:\/\/blogdalucianaoliveira.com.br\/blog\/2020\/03\/02\/lula-recebe-titulo-de-cidadao-honorario-de-paris\/","title":{"rendered":"Lula recebe t\u00edtulo de Cidad\u00e3o Honor\u00e1rio de Paris"},"content":{"rendered":"\n<figure class=\"wp-block-image\"><img data-recalc-dims=\"1\" height=\"360\" width=\"600\" decoding=\"async\" src=\"https:\/\/i0.wp.com\/www.cartacapital.com.br\/wp-content\/uploads\/2020\/02\/Lula-Foto-Sergio-LIMA-AFP-1200x720.jpg?resize=600%2C360&#038;ssl=1\" alt=\"O ex-presidente Lula (Foto: Sergio LIMA \/ AFP)\"\/><\/figure>\n\n\n\n<h4 class=\"wp-block-heading\">Lula recebeu o diploma da m\u00e3o da prefeita da capital francesa,&nbsp;Anne Hidalgo<\/h4>\n\n\n\n<!--more-->\n\n\n\n<p>Na Carta Capital<\/p>\n\n\n\n<p>O ex-presidente Luiz In\u00e1cio Lula da Silva recebeu, nesta segunda-feira 2, o t\u00edtulo de Cidad\u00e3o Honor\u00e1rio de Paris. Na presen\u00e7a da ex-presidente Dilma Rousseff (PT) e do ex-prefeito de S\u00e3o Paulo Fernando Haddad (PT), Lula recebeu o diploma da m\u00e3o da prefeita da capital francesa,\u00a0Anne Hidalgo.<\/p>\n\n\n\n<p>Lula come\u00e7ou seu discurso falando sobre a opera\u00e7\u00e3o Lava Jato e sobre sua condena\u00e7\u00e3o, que o petista classificou como injusta. Lula criticou Moro e afirmou que sua pris\u00e3o foi motivada para tir\u00e1-lo das elei\u00e7\u00f5es de 2018.<\/p>\n\n\n\n<p><br><\/p>\n\n\n\n<iframe loading=\"lazy\" src=\"https:\/\/www.facebook.com\/plugins\/post.php?href=https%3A%2F%2Fwww.facebook.com%2FLula%2Fposts%2F2870470943021887&#038;width=500\" width=\"500\" height=\"751\" style=\"border:none;overflow:hidden\" scrolling=\"no\" frameborder=\"0\" allowTransparency=\"true\" allow=\"encrypted-media\"><\/iframe>\n\n\n\n<p>Lula tamb\u00e9m citou os programas sociais de seu governo, que tiraram o Brasil do mapa da fome, e criticou a atual gest\u00e3o do presidente Jair Bolsonaro por cortar or\u00e7amento de programas sociais.<\/p>\n\n\n\n<p>Enquanto falava, o petista era ovacionado no teatro municipal de Paris. \u201cEstou muito emocionado de estar aqui recebendo essa homenagem. Quando digo pra voc\u00eas que tenho energia de 30, digo porque nunca estive mais motivado do que estou agora a brigar pela democracia no nosso pa\u00eds. Agrade\u00e7o muito a voc\u00eas\u201d, disse o ex-presidente.<br><\/p>\n\n\n\n<p><br><\/p>\n","protected":false},"excerpt":{"rendered":"<p>Lula recebeu o diploma da m\u00e3o da prefeita da capital francesa,&nbsp;Anne Hidalgo<\/p>\n","protected":false},"author":1,"featured_media":0,"comment_status":"closed","ping_status":"open","sticky":false,"template":"","format":"standard","meta":{"_exactmetrics_skip_tracking":false,"_exactmetrics_sitenote_active":false,"_exactmetrics_sitenote_note":"","_exactmetrics_sitenote_category":0,"jetpack_post_was_ever_published":false,"_jetpack_newsletter_access":"","_jetpack_dont_email_post_to_subs":false,"_jetpack_newsletter_tier_id":0,"_jetpack_memberships_contains_paywalled_content":false,"_jetpack_memberships_contains_paid_content":false,"footnotes":"","jetpack_publicize_message":"","jetpack_publicize_feature_enabled":true,"jetpack_social_post_already_shared":true,"jetpack_social_options":{"image_generator_settings":{"template":"highway","enabled":false},"version":2}},"categories":[1],"tags":[],"class_list":["post-26686","post","type-post","status-publish","format-standard","hentry","category-notas"],"jetpack_publicize_connections":[],"jetpack_sharing_enabled":true,"jetpack_featured_media_url":"","jetpack_shortlink":"https:\/\/wp.me\/p7wKYW-6Wq","jetpack-related-posts":[],"_links":{"self":[{"href":"http:\/\/blogdalucianaoliveira.com.br\/blog\/wp-json\/wp\/v2\/posts\/26686","targetHints":{"allow":["GET"]}}],"collection":[{"href":"http:\/\/blogdalucianaoliveira.com.br\/blog\/wp-json\/wp\/v2\/posts"}],"about":[{"href":"http:\/\/blogdalucianaoliveira.com.br\/blog\/wp-json\/wp\/v2\/types\/post"}],"author":[{"embeddable":true,"href":"http:\/\/blogdalucianaoliveira.com.br\/blog\/wp-json\/wp\/v2\/users\/1"}],"replies":[{"embeddable":true,"href":"http:\/\/blogdalucianaoliveira.com.br\/blog\/wp-json\/wp\/v2\/comments?post=26686"}],"version-history":[{"count":2,"href":"http:\/\/blogdalucianaoliveira.com.br\/blog\/wp-json\/wp\/v2\/posts\/26686\/revisions"}],"predecessor-version":[{"id":26688,"href":"http:\/\/blogdalucianaoliveira.com.br\/blog\/wp-json\/wp\/v2\/posts\/26686\/revisions\/26688"}],"wp:attachment":[{"href":"http:\/\/blogdalucianaoliveira.com.br\/blog\/wp-json\/wp\/v2\/media?parent=26686"}],"wp:term":[{"taxonomy":"category","embeddable":true,"href":"http:\/\/blogdalucianaoliveira.com.br\/blog\/wp-json\/wp\/v2\/categories?post=26686"},{"taxonomy":"post_tag","embeddable":true,"href":"http:\/\/blogdalucianaoliveira.com.br\/blog\/wp-json\/wp\/v2\/tags?post=26686"}],"curies":[{"name":"wp","href":"https:\/\/api.w.org\/{rel}","templated":true}]}}