{"id":26689,"date":"2020-03-02T18:38:20","date_gmt":"2020-03-02T22:38:20","guid":{"rendered":"http:\/\/blogdalucianaoliveira.com.br\/blog\/?p=26689"},"modified":"2020-03-02T18:38:27","modified_gmt":"2020-03-02T22:38:27","slug":"desmatamento-na-amazonia-e-maior-em-territorios-com-povos-indigenas-isolados","status":"publish","type":"post","link":"http:\/\/blogdalucianaoliveira.com.br\/blog\/2020\/03\/02\/desmatamento-na-amazonia-e-maior-em-territorios-com-povos-indigenas-isolados\/","title":{"rendered":"Desmatamento na Amaz\u00f4nia \u00e9 maior em territ\u00f3rios com povos ind\u00edgenas isolados"},"content":{"rendered":"\n<figure class=\"wp-block-image\"><img data-recalc-dims=\"1\" decoding=\"async\" src=\"https:\/\/i0.wp.com\/img.brasildefato.com.br\/media\/71ca2a7681ffd26ae95b5958b0bb9af8.jpg?w=600&#038;ssl=1\" alt=\"\"\/><\/figure>\n\n\n\n<h4 class=\"wp-block-heading\">Brasil ser\u00e1 alvo de den\u00fancia na ONU por risco elevado de genoc\u00eddio dessa popula\u00e7\u00e3o; desmatamento cresceu 113%<\/h4>\n\n\n\n<!--more-->\n\n\n\n<p>Reda\u00e7\u00e3oBrasil de Fato | S\u00e3o Paulo <\/p>\n\n\n\n<p>Durante o primeiro ano do governo de Jair Bolsonaro (sem partido) o desmatamento na Amaz\u00f4nia foi maior em territ\u00f3rios com a presen\u00e7a de povos ind\u00edgenas isolados.<\/p>\n\n\n\n<p>Segundo dados oficiais do sistema Prodes (Inpe), o desmatamento nas Terras Ind\u00edgenas em 2019 foi 80% maior em compara\u00e7\u00e3o com o ano de 2018. J\u00e1 nos territ\u00f3rios com a presen\u00e7a de povos ind\u00edgenas isolados o desmatamento aumentou em 113%.<\/p>\n\n\n\n<p>Os dados do desmatamento se baseiam no Prodes, do Instituto Nacional de Pesquisas Espaciais (Inpe). O levantamento aponta que seis Terras Ind\u00edgenas que possuem dez registros de povos ind\u00edgenas isolados est\u00e3o entre os 13 territ\u00f3rios que respondem por 90% do desmatamento registrado em 2019 nas TIs localizadas na Amaz\u00f4nia brasileira. Hoje, s\u00e3o 115 registros de grupos ind\u00edgenas isolados no Brasil, 28 deles confirmados.<\/p>\n\n\n\n<p>Os n\u00fameros constam em relat\u00f3rio do Instituto Socioambiental (ISA) que ser\u00e1 apresentado nesta ter\u00e7a-feira (3) na Comiss\u00e3o de Direitos Humanos da Organiza\u00e7\u00e3o das Na\u00e7\u00f5es Unidas (ONU) com o objetivo de denunciar \u201ca fr\u00e1gil situa\u00e7\u00e3o dos povos ind\u00edgenas em isolamento no Brasil, e os crescentes riscos de etnoc\u00eddios (quando a cultura tradicional \u00e9 destru\u00edda) e de genoc\u00eddios dessas popula\u00e7\u00f5es\u201d, informou o ISA em nota distribu\u00edda \u00e0 imprensa.<\/p>\n\n\n\n<p>\u201cAs mudan\u00e7as legislativas e atos executivos e administrativos estabelecidos at\u00e9 o momento indicam a precariza\u00e7\u00e3o do aparato nacional para a prote\u00e7\u00e3o dos povos ind\u00edgenas no Brasil, o que resulta em uma amea\u00e7a direta ao direito \u00e0 vida, integridade, cultura, propriedade, liberdade e meio ambiente sadio de milhares de pessoas\u201d, diz o documento que apresenta uma s\u00e9rie de medidas a serem tomadas pelo Estado brasileiro para garantir a sobreviv\u00eancia dessa popula\u00e7\u00e3o.<\/p>\n\n\n\n<p>Desmatamento em \u00e1reas com povos ind\u00edgenas isolados<\/p>\n\n\n\n<p>Das 54 Terras Ind\u00edgenas com registros de povos ind\u00edgenas isolados (83 registros), 37 delas registram desmatamentos que somaram, at\u00e9 julho de 2019, 336 mil hectares. Em 2019, o desmatamento nessas Terras Ind\u00edgenas foi 113% em compara\u00e7\u00e3o com 2018 e 363% maior em compara\u00e7\u00e3o com 2017.<\/p>\n\n\n\n<p>Das nove Unidades de Conserva\u00e7\u00e3o federais com registros de grupos isolados (nove registros), sete registram desmatamentos que j\u00e1 consumiram mais de 136 mil hectares. Em 2019, o desmatamento nessas \u00e1reas foi 98% maior em compara\u00e7\u00e3o com 2018.<\/p>\n\n\n\n<p>Nas sete Unidades de Conserva\u00e7\u00e3o estaduais com registros de grupos isolados (oito registros), cinco registram um desmatamento acumulado de 1.320,4 hectares. Em 2019, o desmatamento nas Unidades de Conserva\u00e7\u00e3o estaduais foi 4.693% maior em compara\u00e7\u00e3o com 2018.<\/p>\n\n\n\n<p>No total, o desmatamento acumulado at\u00e9 julho de 2019 nas 50 \u00e1reas protegidas com registros de isolados (37 Terras Ind\u00edgenas, sete Unidades de Conserva\u00e7\u00e3o federais e cinco Unidades de Conserva\u00e7\u00e3o estaduais) somam 474.394 hectares.<\/p>\n\n\n\n<p>Somente em 2019, foram 21.028 hectares desmatados, que representa um aumento de 113% em compara\u00e7\u00e3o com o ano anterior.<\/p>\n\n\n\n<p>&#8220;O panorama para os povos ind\u00edgenas isolados no Brasil, portanto, \u00e9 devastador. Com a explos\u00e3o do desmatamento e da destrui\u00e7\u00e3o das florestas e o avan\u00e7o de pr\u00e1ticas il\u00edcitas, como o garimpo, extra\u00e7\u00e3o ilegal de madeira e grilagem de terras, a exist\u00eancia desses grupos est\u00e1 gravemente amea\u00e7ada&#8221;, aponta o ISA.<\/p>\n\n\n\n<p>Pastor na chefia de povos isolados da Funai<\/p>\n\n\n\n<p>O relat\u00f3rio aponta que o desmonte nas pol\u00edticas ambientais durante o governo Bolsonaro s\u00e3o respons\u00e1veis por agravar a situa\u00e7\u00e3o dos povos isolados e a&nbsp;&nbsp;Funda\u00e7\u00e3o Nacional do \u00cdndio (Funai) \u00e9&nbsp;<a href=\"https:\/\/www.brasildefato.com.br\/2020\/02\/13\/gestao-bolsonaro-e-a-mais-terrivel-da-republica-diz-ex-presidente-da-funai\" target=\"_blank\" rel=\"noreferrer noopener\">apontada como o &#8220;org\u00e3o que apresenta a pior situa\u00e7\u00e3o&#8221; dentro desse quadro<\/a>.<\/p>\n\n\n\n<p>&#8220;As atividades est\u00e3o praticamente paralisadas com os cortes or\u00e7ament\u00e1rios e a altera\u00e7\u00e3o de quadros e coordena\u00e7\u00f5es. A institui\u00e7\u00e3o sofre influ\u00eancia de alas religiosas e ruralistas, como foi o caso da nomea\u00e7\u00e3o de um mission\u00e1rio para a Coordena\u00e7\u00e3o Geral dos Povos Isolados e de Recente Contato (CGIIRC) e que pode colocar em risco a pol\u00edtica de n\u00e3o contato, que nos \u00faltimos 30 anos evitou epidemias e massacres dos povos isolados&#8221;, diz o documento.<\/p>\n\n\n\n<p>A nomea\u00e7\u00e3o do pastor&nbsp;Ricardo Lopes Dias para essa coordena\u00e7\u00e3o,&nbsp;<a href=\"https:\/\/www.brasildefato.com.br\/2020\/02\/11\/mpf-pede-suspensao-de-pastor-na-funai-e-aponta-ameaca-de-genocidio\" target=\"_blank\" rel=\"noreferrer noopener\">antecipada em reportagem do Brasil de Fato<\/a>, \u00e9 alvo de uma&nbsp;<a href=\"https:\/\/www.brasildefato.com.br\/2020\/02\/11\/mpf-pede-suspensao-de-pastor-na-funai-e-aponta-ameaca-de-genocidio\" target=\"_blank\" rel=\"noreferrer noopener\">a\u00e7\u00e3o civil p\u00fablica por parte do Minist\u00e9rio P\u00fablico Federal (MPF)<\/a>.<\/p>\n\n\n\n<p>Os procuradores que assinam a\u00e7\u00e3o afirmam que o cargo ocupado por Dias&nbsp;permite acesso a &nbsp;dados sobre identifica\u00e7\u00e3o e localiza\u00e7\u00e3o dos povos em isolamento volunt\u00e1rio e de recente contato que podem ser utilizados por miss\u00f5es evangelizadoras.<\/p>\n\n\n\n<p>\u201cPara o MPF, esses dados s\u00e3o extremamente sens\u00edveis e o acesso de mission\u00e1rios a eles pode colocar os povos em risco de genoc\u00eddio e etnoc\u00eddio\u201d, afirmam os procuradores em nota distribu\u00edda \u00e0 imprensa.<\/p>\n\n\n\n<p>Casos de amea\u00e7a iminente a povos isolados<\/p>\n\n\n\n<p>O relat\u00f3rio que ser\u00e1 apresentado na ONU nesta ter\u00e7a-feira (3), em sess\u00e3o conjunta promovida pelo ISA, Comiss\u00e3o Arns e Conecta Direitos Humanos, aponta situa\u00e7\u00e3o de cinco povos isolados que est\u00e3o em situa\u00e7\u00e3o de amea\u00e7a iminente no pa\u00eds. A apresenta\u00e7\u00e3o do relat\u00f3rio contar\u00e1 com a presen\u00e7a do l\u00edder ind\u00edgena&nbsp;Davi Kopenawa Yanomami, representante de uma das etnias mais amea\u00e7adas.<\/p>\n\n\n\n<figure class=\"wp-block-image\"><img data-recalc-dims=\"1\" decoding=\"async\" src=\"https:\/\/i0.wp.com\/img.brasildefato.com.br\/media\/1a39e9e8bda18a251fae4af8b3674ba4.jpg?w=600&#038;ssl=1\" alt=\"\"\/><\/figure>\n\n\n\n<p><br>Davi Kopenawa \/ Martin BUREAU \/ AFP<\/p>\n\n\n\n<p>Yanomami<\/p>\n\n\n\n<p>Localiza\u00e7\u00e3o: Terra Ind\u00edgena Yanomami (RR\/AM)<br>1&nbsp;registro de povos isolados confirmado: Moxihat\u00ebt\u00ebma<br>6&nbsp;em informa\u00e7\u00e3o<br>1&nbsp;em estudo<br>Amea\u00e7a:&nbsp;Invas\u00e3o de 20 mil garimpeiros<br>Pista de pouso a poucos quil\u00f4metros de um registro de isolados<br>330 mil ha degradados em decorr\u00eancia do garimpo<br>Principais rios contaminados por merc\u00fario<br>Lideran\u00e7as amea\u00e7adas de morte<\/p>\n\n\n\n<p>Aw\u00e1-Guaj\u00e1<\/p>\n\n\n\n<p>Localiza\u00e7\u00e3o:&nbsp;Terra Ind\u00edgena Ararib\u00f3ia, Caru, Aw\u00e1 (MA)<br>2&nbsp;confirmados;<br>2&nbsp;em estudo;<br>1&nbsp;em informa\u00e7\u00e3o<br>Amea\u00e7as:&nbsp;Invas\u00e3o madeireira: degrada\u00e7\u00e3o de 92% na TI Aw\u00e1<br>Mais de mil quil\u00f4metros de ramais madeireiros detectados na TI Ararib\u00f3ia, onde vivem cerca de 60 Aw\u00e1 isolados.<br>Viol\u00eancia: Guardi\u00e3o da floresta na TI Ararib\u00f3ia Paulo Paulino Guajajara assassinado em 2019 por defender a floresta da invas\u00e3o madeireira.<\/p>\n\n\n\n<p>Av\u00e1 Canoeiro<\/p>\n\n\n\n<p>Localiza\u00e7\u00e3o:&nbsp;Parque do Araguaia (Ilha do Bananal) (TO)<br>1&nbsp;registro em estudo<br>Amea\u00e7a:&nbsp;Grupo de isolados foi avistado pela \u00faltima vez por agentes do ICMBio fugindo das queimadas que castigam a Ilha do Bananal. Outra grave amea\u00e7a \u00e0 exist\u00eancia do grupo \u00e9 a constru\u00e7\u00e3o de estrada no territ\u00f3rio que ir\u00e1 cortar a floresta onde esses ind\u00edgenas vivem.<\/p>\n\n\n\n<p>Vale do Javari<\/p>\n\n\n\n<p>Localiza\u00e7\u00e3o: Terra Ind\u00edgena Vale do Javari (AM)<br>Terra Ind\u00edgena com mais registros de isolados do pa\u00eds<br>10&nbsp;registros confirmados,<br>3&nbsp;em estudo,<br>3&nbsp;em informa\u00e7\u00e3o<br>Amea\u00e7a:&nbsp;Presen\u00e7a constante de mission\u00e1rios na regi\u00e3o com intuito de evangelizar povos isolados e de recente contato<br>Viol\u00eancia:&nbsp;Ataque a tiros a uma base da Funai (ago\/19), e o assassinato de um colaborador e ex-servidor da Funai em setembro, em Tabatinga\/AM<\/p>\n\n\n\n<p>Edi\u00e7\u00e3o: Leandro Melito<\/p>\n","protected":false},"excerpt":{"rendered":"<p>Brasil ser\u00e1 alvo de den\u00fancia na ONU por risco elevado de genoc\u00eddio dessa popula\u00e7\u00e3o; desmatamento cresceu 113%<\/p>\n","protected":false},"author":1,"featured_media":0,"comment_status":"closed","ping_status":"open","sticky":false,"template":"","format":"standard","meta":{"_exactmetrics_skip_tracking":false,"_exactmetrics_sitenote_active":false,"_exactmetrics_sitenote_note":"","_exactmetrics_sitenote_category":0,"jetpack_post_was_ever_published":false,"_jetpack_newsletter_access":"","_jetpack_dont_email_post_to_subs":false,"_jetpack_newsletter_tier_id":0,"_jetpack_memberships_contains_paywalled_content":false,"_jetpack_memberships_contains_paid_content":false,"footnotes":"","jetpack_publicize_message":"","jetpack_publicize_feature_enabled":true,"jetpack_social_post_already_shared":true,"jetpack_social_options":{"image_generator_settings":{"template":"highway","enabled":false},"version":2}},"categories":[1],"tags":[],"class_list":["post-26689","post","type-post","status-publish","format-standard","hentry","category-notas"],"jetpack_publicize_connections":[],"jetpack_sharing_enabled":true,"jetpack_featured_media_url":"","jetpack_shortlink":"https:\/\/wp.me\/p7wKYW-6Wt","jetpack-related-posts":[],"_links":{"self":[{"href":"http:\/\/blogdalucianaoliveira.com.br\/blog\/wp-json\/wp\/v2\/posts\/26689","targetHints":{"allow":["GET"]}}],"collection":[{"href":"http:\/\/blogdalucianaoliveira.com.br\/blog\/wp-json\/wp\/v2\/posts"}],"about":[{"href":"http:\/\/blogdalucianaoliveira.com.br\/blog\/wp-json\/wp\/v2\/types\/post"}],"author":[{"embeddable":true,"href":"http:\/\/blogdalucianaoliveira.com.br\/blog\/wp-json\/wp\/v2\/users\/1"}],"replies":[{"embeddable":true,"href":"http:\/\/blogdalucianaoliveira.com.br\/blog\/wp-json\/wp\/v2\/comments?post=26689"}],"version-history":[{"count":1,"href":"http:\/\/blogdalucianaoliveira.com.br\/blog\/wp-json\/wp\/v2\/posts\/26689\/revisions"}],"predecessor-version":[{"id":26690,"href":"http:\/\/blogdalucianaoliveira.com.br\/blog\/wp-json\/wp\/v2\/posts\/26689\/revisions\/26690"}],"wp:attachment":[{"href":"http:\/\/blogdalucianaoliveira.com.br\/blog\/wp-json\/wp\/v2\/media?parent=26689"}],"wp:term":[{"taxonomy":"category","embeddable":true,"href":"http:\/\/blogdalucianaoliveira.com.br\/blog\/wp-json\/wp\/v2\/categories?post=26689"},{"taxonomy":"post_tag","embeddable":true,"href":"http:\/\/blogdalucianaoliveira.com.br\/blog\/wp-json\/wp\/v2\/tags?post=26689"}],"curies":[{"name":"wp","href":"https:\/\/api.w.org\/{rel}","templated":true}]}}