{"id":26708,"date":"2020-03-04T13:14:12","date_gmt":"2020-03-04T17:14:12","guid":{"rendered":"http:\/\/blogdalucianaoliveira.com.br\/blog\/?p=26708"},"modified":"2020-03-04T13:14:25","modified_gmt":"2020-03-04T17:14:25","slug":"pib-do-brasil-cresce-11-em-2019-pior-avanco-em-3-anos","status":"publish","type":"post","link":"http:\/\/blogdalucianaoliveira.com.br\/blog\/2020\/03\/04\/pib-do-brasil-cresce-11-em-2019-pior-avanco-em-3-anos\/","title":{"rendered":"PIB do Brasil cresce 1,1% em 2019, pior avan\u00e7o em 3 anos"},"content":{"rendered":"\n<figure class=\"wp-block-image size-large\"><img data-recalc-dims=\"1\" loading=\"lazy\" decoding=\"async\" width=\"600\" height=\"360\" data-attachment-id=\"26709\" data-permalink=\"http:\/\/blogdalucianaoliveira.com.br\/blog\/2020\/03\/04\/pib-do-brasil-cresce-11-em-2019-pior-avanco-em-3-anos\/image-10-6\/\" data-orig-file=\"https:\/\/i0.wp.com\/blogdalucianaoliveira.com.br\/blog\/wp-content\/uploads\/2020\/03\/image-10.jpeg?fit=1024%2C614\" data-orig-size=\"1024,614\" data-comments-opened=\"0\" data-image-meta=\"{&quot;aperture&quot;:&quot;0&quot;,&quot;credit&quot;:&quot;&quot;,&quot;camera&quot;:&quot;&quot;,&quot;caption&quot;:&quot;&quot;,&quot;created_timestamp&quot;:&quot;0&quot;,&quot;copyright&quot;:&quot;&quot;,&quot;focal_length&quot;:&quot;0&quot;,&quot;iso&quot;:&quot;0&quot;,&quot;shutter_speed&quot;:&quot;0&quot;,&quot;title&quot;:&quot;&quot;,&quot;orientation&quot;:&quot;0&quot;}\" data-image-title=\"image-10\" data-image-description=\"\" data-image-caption=\"\" data-medium-file=\"https:\/\/i0.wp.com\/blogdalucianaoliveira.com.br\/blog\/wp-content\/uploads\/2020\/03\/image-10.jpeg?fit=300%2C180\" data-large-file=\"https:\/\/i0.wp.com\/blogdalucianaoliveira.com.br\/blog\/wp-content\/uploads\/2020\/03\/image-10.jpeg?fit=600%2C360\" src=\"https:\/\/i0.wp.com\/blogdalucianaoliveira.com.br\/blog\/wp-content\/uploads\/2020\/03\/image-10.jpeg?resize=600%2C360\" alt=\"\" class=\"wp-image-26709\" srcset=\"https:\/\/i0.wp.com\/blogdalucianaoliveira.com.br\/blog\/wp-content\/uploads\/2020\/03\/image-10.jpeg?w=1024 1024w, https:\/\/i0.wp.com\/blogdalucianaoliveira.com.br\/blog\/wp-content\/uploads\/2020\/03\/image-10.jpeg?resize=300%2C180 300w, https:\/\/i0.wp.com\/blogdalucianaoliveira.com.br\/blog\/wp-content\/uploads\/2020\/03\/image-10.jpeg?resize=768%2C461 768w, https:\/\/i0.wp.com\/blogdalucianaoliveira.com.br\/blog\/wp-content\/uploads\/2020\/03\/image-10.jpeg?resize=500%2C300 500w\" sizes=\"auto, (max-width: 600px) 100vw, 600px\" \/><\/figure>\n\n\n\n<p>Resultado equivale ao terceiro ano seguido de fraco crescimento e deve afetar as proje\u00e7\u00f5es da economia para 2020<\/p>\n\n\n\n<!--more-->\n\n\n\n<p>Na Carta Capital <\/p>\n\n\n\n<p><br>O Produto Interno Bruto (PIB) do Brasil cresceu 1,1% em 2019. Esse n\u00famero foi divulgado nesta quarta-feira 04, pelo IBGE. Esse n\u00famero era o que estava previsto pelos economistas ap\u00f3s resultados decepcionantes na atividade econ\u00f4mica de novembro e dezembro de 2019.<\/p>\n\n\n\n<p>Esse \u00e9 um resultado frustrante diante das expectativas do mercado com o novo governo, que adotou um programa a favor de ajustes e privatiza\u00e7\u00f5es.<\/p>\n\n\n\n<p>O \u00faltimo trimestre de 2019 apresentou resultados negativos em alguns dos principais setores econ\u00f4micos. Com\u00e9rcio e servi\u00e7os, por exemplo, fecharam no vermelho em dezembro, mesmo com as vendas do Natal.<\/p>\n\n\n\n<p>O \u00edndice divulgado nesta quarta deve afetar as proje\u00e7\u00f5es da economia para 2020, que j\u00e1 t\u00eam sido revistas para baixo por conta dos impactos econ\u00f4micos do coronav\u00edrus.<\/p>\n\n\n\n<p>O governo havia estimado um crescimento de 2,4% em 2020. O mercado apostava em 2,2%. Com o n\u00famero baixo de 2019, essas estimativas ser\u00e3o revisadas.<\/p>\n\n\n\n<p>O PIB \u00e9 a soma de todos os bens e servi\u00e7os produzidos no pa\u00eds e serve para medir a evolu\u00e7\u00e3o da economia.<\/p>\n","protected":false},"excerpt":{"rendered":"<p>Resultado equivale ao terceiro ano seguido de fraco crescimento e deve afetar as proje\u00e7\u00f5es da economia para 2020<\/p>\n","protected":false},"author":1,"featured_media":0,"comment_status":"closed","ping_status":"open","sticky":false,"template":"","format":"standard","meta":{"_exactmetrics_skip_tracking":false,"_exactmetrics_sitenote_active":false,"_exactmetrics_sitenote_note":"","_exactmetrics_sitenote_category":0,"jetpack_post_was_ever_published":false,"_jetpack_newsletter_access":"","_jetpack_dont_email_post_to_subs":false,"_jetpack_newsletter_tier_id":0,"_jetpack_memberships_contains_paywalled_content":false,"_jetpack_memberships_contains_paid_content":false,"footnotes":"","jetpack_publicize_message":"","jetpack_publicize_feature_enabled":true,"jetpack_social_post_already_shared":true,"jetpack_social_options":{"image_generator_settings":{"template":"highway","enabled":false},"version":2}},"categories":[1],"tags":[],"class_list":["post-26708","post","type-post","status-publish","format-standard","hentry","category-notas"],"jetpack_publicize_connections":[],"jetpack_sharing_enabled":true,"jetpack_featured_media_url":"","jetpack_shortlink":"https:\/\/wp.me\/p7wKYW-6WM","jetpack-related-posts":[],"_links":{"self":[{"href":"http:\/\/blogdalucianaoliveira.com.br\/blog\/wp-json\/wp\/v2\/posts\/26708","targetHints":{"allow":["GET"]}}],"collection":[{"href":"http:\/\/blogdalucianaoliveira.com.br\/blog\/wp-json\/wp\/v2\/posts"}],"about":[{"href":"http:\/\/blogdalucianaoliveira.com.br\/blog\/wp-json\/wp\/v2\/types\/post"}],"author":[{"embeddable":true,"href":"http:\/\/blogdalucianaoliveira.com.br\/blog\/wp-json\/wp\/v2\/users\/1"}],"replies":[{"embeddable":true,"href":"http:\/\/blogdalucianaoliveira.com.br\/blog\/wp-json\/wp\/v2\/comments?post=26708"}],"version-history":[{"count":1,"href":"http:\/\/blogdalucianaoliveira.com.br\/blog\/wp-json\/wp\/v2\/posts\/26708\/revisions"}],"predecessor-version":[{"id":26710,"href":"http:\/\/blogdalucianaoliveira.com.br\/blog\/wp-json\/wp\/v2\/posts\/26708\/revisions\/26710"}],"wp:attachment":[{"href":"http:\/\/blogdalucianaoliveira.com.br\/blog\/wp-json\/wp\/v2\/media?parent=26708"}],"wp:term":[{"taxonomy":"category","embeddable":true,"href":"http:\/\/blogdalucianaoliveira.com.br\/blog\/wp-json\/wp\/v2\/categories?post=26708"},{"taxonomy":"post_tag","embeddable":true,"href":"http:\/\/blogdalucianaoliveira.com.br\/blog\/wp-json\/wp\/v2\/tags?post=26708"}],"curies":[{"name":"wp","href":"https:\/\/api.w.org\/{rel}","templated":true}]}}