{"id":26711,"date":"2020-03-04T13:17:39","date_gmt":"2020-03-04T17:17:39","guid":{"rendered":"http:\/\/blogdalucianaoliveira.com.br\/blog\/?p=26711"},"modified":"2020-03-04T13:17:49","modified_gmt":"2020-03-04T17:17:49","slug":"bolsonaro-usa-ator-para-distribuir-bananas-a-jornalistas-na-saida-do-alvorada","status":"publish","type":"post","link":"http:\/\/blogdalucianaoliveira.com.br\/blog\/2020\/03\/04\/bolsonaro-usa-ator-para-distribuir-bananas-a-jornalistas-na-saida-do-alvorada\/","title":{"rendered":"Bolsonaro usa ator para distribuir bananas a jornalistas na sa\u00edda do Alvorada"},"content":{"rendered":"\n<figure class=\"wp-block-image size-large\"><img data-recalc-dims=\"1\" loading=\"lazy\" decoding=\"async\" width=\"600\" height=\"360\" data-attachment-id=\"26712\" data-permalink=\"http:\/\/blogdalucianaoliveira.com.br\/blog\/2020\/03\/04\/bolsonaro-usa-ator-para-distribuir-bananas-a-jornalistas-na-saida-do-alvorada\/image-11-6\/\" data-orig-file=\"https:\/\/i0.wp.com\/blogdalucianaoliveira.com.br\/blog\/wp-content\/uploads\/2020\/03\/image-11.jpeg?fit=1024%2C614\" data-orig-size=\"1024,614\" data-comments-opened=\"0\" data-image-meta=\"{&quot;aperture&quot;:&quot;0&quot;,&quot;credit&quot;:&quot;&quot;,&quot;camera&quot;:&quot;&quot;,&quot;caption&quot;:&quot;&quot;,&quot;created_timestamp&quot;:&quot;0&quot;,&quot;copyright&quot;:&quot;&quot;,&quot;focal_length&quot;:&quot;0&quot;,&quot;iso&quot;:&quot;0&quot;,&quot;shutter_speed&quot;:&quot;0&quot;,&quot;title&quot;:&quot;&quot;,&quot;orientation&quot;:&quot;0&quot;}\" data-image-title=\"image-11\" data-image-description=\"\" data-image-caption=\"\" data-medium-file=\"https:\/\/i0.wp.com\/blogdalucianaoliveira.com.br\/blog\/wp-content\/uploads\/2020\/03\/image-11.jpeg?fit=300%2C180\" data-large-file=\"https:\/\/i0.wp.com\/blogdalucianaoliveira.com.br\/blog\/wp-content\/uploads\/2020\/03\/image-11.jpeg?fit=600%2C360\" src=\"https:\/\/i0.wp.com\/blogdalucianaoliveira.com.br\/blog\/wp-content\/uploads\/2020\/03\/image-11.jpeg?resize=600%2C360\" alt=\"\" class=\"wp-image-26712\" srcset=\"https:\/\/i0.wp.com\/blogdalucianaoliveira.com.br\/blog\/wp-content\/uploads\/2020\/03\/image-11.jpeg?w=1024 1024w, https:\/\/i0.wp.com\/blogdalucianaoliveira.com.br\/blog\/wp-content\/uploads\/2020\/03\/image-11.jpeg?resize=300%2C180 300w, https:\/\/i0.wp.com\/blogdalucianaoliveira.com.br\/blog\/wp-content\/uploads\/2020\/03\/image-11.jpeg?resize=768%2C461 768w, https:\/\/i0.wp.com\/blogdalucianaoliveira.com.br\/blog\/wp-content\/uploads\/2020\/03\/image-11.jpeg?resize=500%2C300 500w\" sizes=\"auto, (max-width: 600px) 100vw, 600px\" \/><\/figure>\n\n\n\n<h4 class=\"wp-block-heading\"><br>O momento foi transmitido em uma live. No dia anterior, governo havia publicado cartilha de prote\u00e7\u00e3o \u00e0 imprensa e jornalistas<\/h4>\n\n\n\n<!--more-->\n\n\n\n<p>Carta Capital &#8211; A cobertura da sa\u00edda do presidente Jair Bolsonaro do Pal\u00e1cio da Alvorada, que acontece diariamente em Bras\u00edlia, teve como elemento extra desta quarta-feira 04 a presen\u00e7a de um ator vestido de presidente, que distribuia bananas aos jornalistas presentes no local.<\/p>\n\n\n\n<p>O momento foi transmitido em uma live no Facebook do presidente. Ao longo da transmiss\u00e3o, Bolsonaro se re\u00fane com os apoiadores que o aguardam e se esquiva de responder perguntas sobre o resultado do PIB brasileiro em 2019, que apresentou o\u00a0<a href=\"https:\/\/www.cartacapital.com.br\/economia\/pib-do-brasil-cresce-11-em-2019-pior-avanco-em-3-anos\/\">menor crescimento dos \u00faltimos tr\u00eas anos<\/a>.<\/p>\n\n\n\n<p>O ator sai do carro depois do chefe da Secom, Fabio Wajngarten, e toca uma corneta. O s\u00f3sia chama os apoiadores para tirar fotos. Ele pega uma caixa com bananas e come\u00e7a a oferecer aos jornalistas que diariamente acompanham a sa\u00edda de Bolsonaro do Pal\u00e1cio da Alvorada.<\/p>\n\n\n\n<p>Em seguida, o ator, que carrega a faixa presidencial, se coloca \u00e0 disposi\u00e7\u00e3o da imprensa. \u201cFoi o presidente Jair Bolsonaro que pediu para distribuir banana?\u201d, questiona um jornalista. \u201cN\u00e3o vem com esse papo n\u00e3o, foi ideia minha, isso aqui se chama humorista\u201d, responde o ator.<\/p>\n\n\n\n<figure><iframe loading=\"lazy\" width=\"1060px\" height=\"1000px\" allowfullscreen=\"true\" src=\"https:\/\/www.facebook.com\/v6.0\/plugins\/video.php?app_id=&amp;channel=https%3A%2F%2Fstaticxx.facebook.com%2Fconnect%2Fxd_arbiter.php%3Fversion%3D46%23cb%3Df8b6f2f96373c%26domain%3Dwww.cartacapital.com.br%26origin%3Dhttps%253A%252F%252Fwww.cartacapital.com.br%252Ff2b0ca182f209a2%26relation%3Dparent.parent&amp;container_width=300&amp;href=https%3A%2F%2Fwww.facebook.com%2Fjairmessias.bolsonaro%2Fvideos%2F520246752243739%2F%3F__xts__%5B0%5D%3D68.ARBu8M27qN1NzNDxCWdjrG5BMK4j0UtTE8DJJsLF9U7tTTlBBU4bOD5-QYXmfsKCMUEU8tDEeSqUR9qUvEYUl9lyhELoXB-iAXXaPwOfAxhN-uZb6ffXSYlolo3RZxjKyO85_sx2gyIGabVKmPfISD6UCnXawZKyt4xNcT8f_KyKThFJM8eh6Ku6ngC4uVdbq5qDPFEWd3asD5hQdCWHuqE32zPYRNnM6gcrIaOD0qQZRffv9ztb_e2IFvtXdcH5OsdbHXmdjUohfrLZClo1g7ASu5KIWScchRRiJ6VF4GuWYV3oNr5cMgThhailT7CsgrsZj252YLLxIKYlOcw3UJbIER6j9RVae3o%26__tn__%3D-R&amp;locale=en_US&amp;sdk=joey&amp;width=1060\" class=\"\"><\/iframe><\/figure>\n\n\n\n<p>No dia anterior, o governo\u00a0reeditou e publicou uma cartilha de 2018 sobre a prote\u00e7\u00e3o de jornalistas e outros comunicadores. O documento traz as obriga\u00e7\u00f5es governamentais acerca da preven\u00e7\u00e3o, prote\u00e7\u00e3o e acesso \u00e0 justi\u00e7a em casos de viol\u00eancia cometida contra esses profissionais em raz\u00e3o do exerc\u00edcio do seu direito \u00e0 liberdade de pensamento e express\u00e3o.<\/p>\n\n\n\n<p>Entre as obriga\u00e7\u00f5es do governo, est\u00e3o fazer discursos p\u00fablicos que contribuam para prevenir a viol\u00eancia contra jornalistas e comunicadores e campanhas e capacita\u00e7\u00f5es de agentes do Estado sobre o papel desses profissionais em sociedades democr\u00e1ticas, diz o documento.<\/p>\n\n\n\n<p><em>*Com informa\u00e7\u00f5es da Ag\u00eancia Brasil<\/em><\/p>\n","protected":false},"excerpt":{"rendered":"<p>O momento foi transmitido em uma live. No dia anterior, governo havia publicado cartilha de prote\u00e7\u00e3o \u00e0 imprensa e jornalistas<\/p>\n","protected":false},"author":1,"featured_media":0,"comment_status":"closed","ping_status":"open","sticky":false,"template":"","format":"standard","meta":{"_exactmetrics_skip_tracking":false,"_exactmetrics_sitenote_active":false,"_exactmetrics_sitenote_note":"","_exactmetrics_sitenote_category":0,"jetpack_post_was_ever_published":false,"_jetpack_newsletter_access":"","_jetpack_dont_email_post_to_subs":false,"_jetpack_newsletter_tier_id":0,"_jetpack_memberships_contains_paywalled_content":false,"_jetpack_memberships_contains_paid_content":false,"footnotes":"","jetpack_publicize_message":"","jetpack_publicize_feature_enabled":true,"jetpack_social_post_already_shared":true,"jetpack_social_options":{"image_generator_settings":{"template":"highway","enabled":false},"version":2}},"categories":[1],"tags":[],"class_list":["post-26711","post","type-post","status-publish","format-standard","hentry","category-notas"],"jetpack_publicize_connections":[],"jetpack_sharing_enabled":true,"jetpack_featured_media_url":"","jetpack_shortlink":"https:\/\/wp.me\/p7wKYW-6WP","jetpack-related-posts":[],"_links":{"self":[{"href":"http:\/\/blogdalucianaoliveira.com.br\/blog\/wp-json\/wp\/v2\/posts\/26711","targetHints":{"allow":["GET"]}}],"collection":[{"href":"http:\/\/blogdalucianaoliveira.com.br\/blog\/wp-json\/wp\/v2\/posts"}],"about":[{"href":"http:\/\/blogdalucianaoliveira.com.br\/blog\/wp-json\/wp\/v2\/types\/post"}],"author":[{"embeddable":true,"href":"http:\/\/blogdalucianaoliveira.com.br\/blog\/wp-json\/wp\/v2\/users\/1"}],"replies":[{"embeddable":true,"href":"http:\/\/blogdalucianaoliveira.com.br\/blog\/wp-json\/wp\/v2\/comments?post=26711"}],"version-history":[{"count":1,"href":"http:\/\/blogdalucianaoliveira.com.br\/blog\/wp-json\/wp\/v2\/posts\/26711\/revisions"}],"predecessor-version":[{"id":26713,"href":"http:\/\/blogdalucianaoliveira.com.br\/blog\/wp-json\/wp\/v2\/posts\/26711\/revisions\/26713"}],"wp:attachment":[{"href":"http:\/\/blogdalucianaoliveira.com.br\/blog\/wp-json\/wp\/v2\/media?parent=26711"}],"wp:term":[{"taxonomy":"category","embeddable":true,"href":"http:\/\/blogdalucianaoliveira.com.br\/blog\/wp-json\/wp\/v2\/categories?post=26711"},{"taxonomy":"post_tag","embeddable":true,"href":"http:\/\/blogdalucianaoliveira.com.br\/blog\/wp-json\/wp\/v2\/tags?post=26711"}],"curies":[{"name":"wp","href":"https:\/\/api.w.org\/{rel}","templated":true}]}}