{"id":26717,"date":"2020-03-05T09:37:01","date_gmt":"2020-03-05T13:37:01","guid":{"rendered":"http:\/\/blogdalucianaoliveira.com.br\/blog\/?p=26717"},"modified":"2020-03-05T09:37:08","modified_gmt":"2020-03-05T13:37:08","slug":"ze-simao-qual-a-diferenca-entre-bolsonaro-e-o-carioca-nenhuma","status":"publish","type":"post","link":"http:\/\/blogdalucianaoliveira.com.br\/blog\/2020\/03\/05\/ze-simao-qual-a-diferenca-entre-bolsonaro-e-o-carioca-nenhuma\/","title":{"rendered":"Z\u00e9 Sim\u00e3o: qual a diferen\u00e7a entre Bolsonaro e o Carioca? Nenhuma"},"content":{"rendered":"\n<figure class=\"wp-block-image\"><img data-recalc-dims=\"1\" decoding=\"async\" src=\"https:\/\/i0.wp.com\/publisher-publish.s3.eu-central-1.amazonaws.com\/pb-brasil247\/swp\/jtjeq9\/media\/20200304160336_34e139a8-2b59-43b5-95c1-bbcaf9c96f02.jpeg?w=600&#038;ssl=1\" alt=\"\"\/><figcaption><br><\/figcaption><\/figure>\n\n\n\n<p><strong>247<\/strong>\u00a0&#8211; O jornalista Jos\u00e9 Sim\u00e3o, colunista da Folha de S.Paulo, ironizou pelo Twitter a imita\u00e7\u00e3o do humorista Carioca, ex-P\u00e2nico, de Jair Bolsonaro nesta quarta-feira 4 em frente ao Pal\u00e1cio da Alvorada.<br><\/p>\n\n\n\n<!--more-->\n\n\n\n<p>&#8220;Rep\u00fablica das Bananas! Qual a diferen\u00e7a entre o Bolsonaro e o Carioca do P\u00e2nico? Nenhuma!&#8221;, postou. Carioca foi levado ao grupo de eleitores e jornalistas com a faixa presidencial no dia em que os rep\u00f3rteres perguntavam sobre o pibinho de 1,1%.\u00a0<\/p>\n\n\n\n<figure class=\"wp-block-embed-twitter wp-block-embed is-type-rich is-provider-twitter\"><div class=\"wp-block-embed__wrapper\">\n<blockquote class=\"twitter-tweet\" data-width=\"550\" data-dnt=\"true\"><p lang=\"pt\" dir=\"ltr\">Rep\u00fablica das Bananas! Qual a diferen\u00e7a entre o Bolsonaro e o Carioca do P\u00e2nico? Nenhuma!<\/p>&mdash; Jos\u00e9 Sim\u00e3o (@jose_simao) <a href=\"https:\/\/twitter.com\/jose_simao\/status\/1235264294033510400?ref_src=twsrc%5Etfw\">March 4, 2020<\/a><\/blockquote><script async src=\"https:\/\/platform.twitter.com\/widgets.js\" charset=\"utf-8\"><\/script>\n<\/div><\/figure>\n","protected":false},"excerpt":{"rendered":"<p>247\u00a0&#8211; O jornalista Jos\u00e9 Sim\u00e3o, colunista da Folha de S.Paulo, ironizou pelo Twitter a imita\u00e7\u00e3o do humorista Carioca, ex-P\u00e2nico, de Jair Bolsonaro nesta quarta-feira 4 em frente ao Pal\u00e1cio da Alvorada.<\/p>\n","protected":false},"author":1,"featured_media":0,"comment_status":"closed","ping_status":"open","sticky":false,"template":"","format":"standard","meta":{"_exactmetrics_skip_tracking":false,"_exactmetrics_sitenote_active":false,"_exactmetrics_sitenote_note":"","_exactmetrics_sitenote_category":0,"jetpack_post_was_ever_published":false,"_jetpack_newsletter_access":"","_jetpack_dont_email_post_to_subs":false,"_jetpack_newsletter_tier_id":0,"_jetpack_memberships_contains_paywalled_content":false,"_jetpack_memberships_contains_paid_content":false,"footnotes":"","jetpack_publicize_message":"","jetpack_publicize_feature_enabled":true,"jetpack_social_post_already_shared":true,"jetpack_social_options":{"image_generator_settings":{"template":"highway","enabled":false},"version":2}},"categories":[1],"tags":[],"class_list":["post-26717","post","type-post","status-publish","format-standard","hentry","category-notas"],"jetpack_publicize_connections":[],"jetpack_sharing_enabled":true,"jetpack_featured_media_url":"","jetpack_shortlink":"https:\/\/wp.me\/p7wKYW-6WV","jetpack-related-posts":[],"_links":{"self":[{"href":"http:\/\/blogdalucianaoliveira.com.br\/blog\/wp-json\/wp\/v2\/posts\/26717","targetHints":{"allow":["GET"]}}],"collection":[{"href":"http:\/\/blogdalucianaoliveira.com.br\/blog\/wp-json\/wp\/v2\/posts"}],"about":[{"href":"http:\/\/blogdalucianaoliveira.com.br\/blog\/wp-json\/wp\/v2\/types\/post"}],"author":[{"embeddable":true,"href":"http:\/\/blogdalucianaoliveira.com.br\/blog\/wp-json\/wp\/v2\/users\/1"}],"replies":[{"embeddable":true,"href":"http:\/\/blogdalucianaoliveira.com.br\/blog\/wp-json\/wp\/v2\/comments?post=26717"}],"version-history":[{"count":2,"href":"http:\/\/blogdalucianaoliveira.com.br\/blog\/wp-json\/wp\/v2\/posts\/26717\/revisions"}],"predecessor-version":[{"id":26719,"href":"http:\/\/blogdalucianaoliveira.com.br\/blog\/wp-json\/wp\/v2\/posts\/26717\/revisions\/26719"}],"wp:attachment":[{"href":"http:\/\/blogdalucianaoliveira.com.br\/blog\/wp-json\/wp\/v2\/media?parent=26717"}],"wp:term":[{"taxonomy":"category","embeddable":true,"href":"http:\/\/blogdalucianaoliveira.com.br\/blog\/wp-json\/wp\/v2\/categories?post=26717"},{"taxonomy":"post_tag","embeddable":true,"href":"http:\/\/blogdalucianaoliveira.com.br\/blog\/wp-json\/wp\/v2\/tags?post=26717"}],"curies":[{"name":"wp","href":"https:\/\/api.w.org\/{rel}","templated":true}]}}