{"id":2672,"date":"2016-07-29T11:38:52","date_gmt":"2016-07-29T15:38:52","guid":{"rendered":"http:\/\/blogdalucianaoliveira.com.br\/blog\/?p=2672"},"modified":"2016-07-29T11:38:52","modified_gmt":"2016-07-29T15:38:52","slug":"governo-carcara-comeca-a-vender-pre-sal-em-carcara","status":"publish","type":"post","link":"http:\/\/blogdalucianaoliveira.com.br\/blog\/2016\/07\/29\/governo-carcara-comeca-a-vender-pre-sal-em-carcara\/","title":{"rendered":"Governo &#8216;Carcar\u00e1&#8217; come\u00e7a a vender Pr\u00e9-Sal em Carcar\u00e1"},"content":{"rendered":"<p><img data-recalc-dims=\"1\" loading=\"lazy\" decoding=\"async\" data-attachment-id=\"2673\" data-permalink=\"http:\/\/blogdalucianaoliveira.com.br\/blog\/2016\/07\/29\/governo-carcara-comeca-a-vender-pre-sal-em-carcara\/sal\/\" data-orig-file=\"https:\/\/i0.wp.com\/blogdalucianaoliveira.com.br\/blog\/wp-content\/uploads\/2016\/07\/sal.jpg?fit=3445%2C1378\" data-orig-size=\"3445,1378\" data-comments-opened=\"0\" data-image-meta=\"{&quot;aperture&quot;:&quot;0&quot;,&quot;credit&quot;:&quot;&quot;,&quot;camera&quot;:&quot;&quot;,&quot;caption&quot;:&quot;&quot;,&quot;created_timestamp&quot;:&quot;0&quot;,&quot;copyright&quot;:&quot;&quot;,&quot;focal_length&quot;:&quot;0&quot;,&quot;iso&quot;:&quot;0&quot;,&quot;shutter_speed&quot;:&quot;0&quot;,&quot;title&quot;:&quot;&quot;,&quot;orientation&quot;:&quot;0&quot;}\" data-image-title=\"sal\" data-image-description=\"\" data-image-caption=\"\" data-medium-file=\"https:\/\/i0.wp.com\/blogdalucianaoliveira.com.br\/blog\/wp-content\/uploads\/2016\/07\/sal.jpg?fit=300%2C120\" data-large-file=\"https:\/\/i0.wp.com\/blogdalucianaoliveira.com.br\/blog\/wp-content\/uploads\/2016\/07\/sal.jpg?fit=600%2C240\" src=\"https:\/\/i0.wp.com\/blogdalucianaoliveira.com.br\/blog\/wp-content\/uploads\/2016\/07\/sal.jpg?resize=600%2C240\" alt=\"sal\" width=\"600\" height=\"240\" class=\"alignnone size-full wp-image-2673\" srcset=\"https:\/\/i0.wp.com\/blogdalucianaoliveira.com.br\/blog\/wp-content\/uploads\/2016\/07\/sal.jpg?w=3445 3445w, https:\/\/i0.wp.com\/blogdalucianaoliveira.com.br\/blog\/wp-content\/uploads\/2016\/07\/sal.jpg?resize=300%2C120 300w, https:\/\/i0.wp.com\/blogdalucianaoliveira.com.br\/blog\/wp-content\/uploads\/2016\/07\/sal.jpg?resize=768%2C307 768w, https:\/\/i0.wp.com\/blogdalucianaoliveira.com.br\/blog\/wp-content\/uploads\/2016\/07\/sal.jpg?w=1200 1200w, https:\/\/i0.wp.com\/blogdalucianaoliveira.com.br\/blog\/wp-content\/uploads\/2016\/07\/sal.jpg?w=1800 1800w\" sizes=\"auto, (max-width: 600px) 100vw, 600px\" \/><\/p>\n<p>PETROBRAS J\u00c1 COME\u00c7A A VENDER CAMPOS DO PR\u00c9-SAL<\/p>\n<p>Reuters &#8211; A Petrobras anunciou nesta sexta-feira que seu Conselho de Administra\u00e7\u00e3o aprovou a venda de participa\u00e7\u00e3o no bloco explorat\u00f3rio BM-S-8 para a Statoil Brasil \u00d3leo e G\u00e1s, por um pre\u00e7o base de 2,5 bilh\u00f5es de d\u00f3lares.<!--more--><\/p>\n<p>No bloco, est\u00e1 o prospecto explorat\u00f3rio de Carcar\u00e1, no pr\u00e9-sal, uma das grandes descobertas de petr\u00f3leo no mundo nos \u00faltimos anos. A Petrobras informou anteriormente que testes comprovaram alta produtividade na \u00e1rea.<\/p>\n<p>A negocia\u00e7\u00e3o est\u00e1 dentro do plano de desinvestimentos da estatal, que busca vender ativos para fazer frente a uma enorme d\u00edvida, diante de um cen\u00e1rio de fracos pre\u00e7os do petr\u00f3leo.<\/p>\n<p>A Petrobras informou que a primeira parcela do valor negociado, correspondente a 50 por cento do pre\u00e7o total (1,25 bilh\u00e3o de d\u00f3lares), ser\u00e1 paga no fechamento da opera\u00e7\u00e3o pela subs\u00eddi\u00e1ria brasileira da norueguesa Statoil.<\/p>\n<p>O restante do valor, acrescentou a empresa, ser\u00e1 pago atrav\u00e9s de parcelas contingentes relacionadas a eventos subsequentes como, por exemplo, a celebra\u00e7\u00e3o do Acordo de Individualiza\u00e7\u00e3o da Produ\u00e7\u00e3o (unitiza\u00e7\u00e3o).<\/p>\n<p>O BM-S-8 est\u00e1 localizado na Bacia de Santos e \u00e9 atualmente operado pela Petrobras (66 por cento) em parceria com a Petrogal Brasil S.A. (14 por cento), Queiroz Galv\u00e3o Explora\u00e7\u00e3o e Produ\u00e7\u00e3o S.A (10 por cento) e Barra Energia do Brasil Petr\u00f3leo e G\u00e1s LTDA (10 por cento).<\/p>\n<p>(Por Roberto Samora)<\/p>\n","protected":false},"excerpt":{"rendered":"<p>PETROBRAS J\u00c1 COME\u00c7A A VENDER CAMPOS DO PR\u00c9-SAL Reuters &#8211; A Petrobras anunciou nesta sexta-feira que seu Conselho de Administra\u00e7\u00e3o aprovou a venda de participa\u00e7\u00e3o no bloco explorat\u00f3rio BM-S-8 para a Statoil Brasil \u00d3leo e G\u00e1s, por um pre\u00e7o base de 2,5 bilh\u00f5es de d\u00f3lares.<\/p>\n","protected":false},"author":1,"featured_media":0,"comment_status":"closed","ping_status":"open","sticky":false,"template":"","format":"standard","meta":{"_exactmetrics_skip_tracking":false,"_exactmetrics_sitenote_active":false,"_exactmetrics_sitenote_note":"","_exactmetrics_sitenote_category":0,"jetpack_post_was_ever_published":false,"_jetpack_newsletter_access":"","_jetpack_dont_email_post_to_subs":false,"_jetpack_newsletter_tier_id":0,"_jetpack_memberships_contains_paywalled_content":false,"_jetpack_memberships_contains_paid_content":false,"footnotes":"","jetpack_publicize_message":"","jetpack_publicize_feature_enabled":true,"jetpack_social_post_already_shared":true,"jetpack_social_options":{"image_generator_settings":{"template":"highway","enabled":false},"version":2}},"categories":[1],"tags":[],"class_list":["post-2672","post","type-post","status-publish","format-standard","hentry","category-notas"],"jetpack_publicize_connections":[],"jetpack_sharing_enabled":true,"jetpack_featured_media_url":"","jetpack_shortlink":"https:\/\/wp.me\/p7wKYW-H6","jetpack-related-posts":[],"_links":{"self":[{"href":"http:\/\/blogdalucianaoliveira.com.br\/blog\/wp-json\/wp\/v2\/posts\/2672","targetHints":{"allow":["GET"]}}],"collection":[{"href":"http:\/\/blogdalucianaoliveira.com.br\/blog\/wp-json\/wp\/v2\/posts"}],"about":[{"href":"http:\/\/blogdalucianaoliveira.com.br\/blog\/wp-json\/wp\/v2\/types\/post"}],"author":[{"embeddable":true,"href":"http:\/\/blogdalucianaoliveira.com.br\/blog\/wp-json\/wp\/v2\/users\/1"}],"replies":[{"embeddable":true,"href":"http:\/\/blogdalucianaoliveira.com.br\/blog\/wp-json\/wp\/v2\/comments?post=2672"}],"version-history":[{"count":2,"href":"http:\/\/blogdalucianaoliveira.com.br\/blog\/wp-json\/wp\/v2\/posts\/2672\/revisions"}],"predecessor-version":[{"id":2675,"href":"http:\/\/blogdalucianaoliveira.com.br\/blog\/wp-json\/wp\/v2\/posts\/2672\/revisions\/2675"}],"wp:attachment":[{"href":"http:\/\/blogdalucianaoliveira.com.br\/blog\/wp-json\/wp\/v2\/media?parent=2672"}],"wp:term":[{"taxonomy":"category","embeddable":true,"href":"http:\/\/blogdalucianaoliveira.com.br\/blog\/wp-json\/wp\/v2\/categories?post=2672"},{"taxonomy":"post_tag","embeddable":true,"href":"http:\/\/blogdalucianaoliveira.com.br\/blog\/wp-json\/wp\/v2\/tags?post=2672"}],"curies":[{"name":"wp","href":"https:\/\/api.w.org\/{rel}","templated":true}]}}