{"id":26720,"date":"2020-03-05T09:41:20","date_gmt":"2020-03-05T13:41:20","guid":{"rendered":"http:\/\/blogdalucianaoliveira.com.br\/blog\/?p=26720"},"modified":"2020-03-05T09:41:27","modified_gmt":"2020-03-05T13:41:27","slug":"pm-admite-mortes-em-paraisopolis-ao-mesmo-tempo-que-culpa-os-pais-dos-jovens","status":"publish","type":"post","link":"http:\/\/blogdalucianaoliveira.com.br\/blog\/2020\/03\/05\/pm-admite-mortes-em-paraisopolis-ao-mesmo-tempo-que-culpa-os-pais-dos-jovens\/","title":{"rendered":"PM admite mortes em Parais\u00f3polis ao mesmo tempo que culpa os pais dos jovens"},"content":{"rendered":"\n<figure class=\"wp-block-image\"><img data-recalc-dims=\"1\" decoding=\"async\" src=\"https:\/\/i0.wp.com\/img.brasildefato.com.br\/media\/983664220abd73d4d5ebfd1716ec2664.jpg?w=600&#038;ssl=1\" alt=\"\"\/><\/figure>\n\n\n\n<p><\/p>\n\n\n\n<h4 class=\"wp-block-heading\">Corregedoria da PM-SP tamb\u00e9m citou leg\u00edtima defesa<\/h4>\n\n\n\n<!--more-->\n\n\n\n<p>Reda\u00e7\u00e3o Brasil de Fato | S\u00e3o Paulo <\/p>\n\n\n\n<p>A Pol\u00edcia Militar de S\u00e3o Paulo (PM-SP) concluiu que agentes da corpora\u00e7\u00e3o foram respons\u00e1veis pela&nbsp;<a href=\"https:\/\/www.brasildefato.com.br\/2019\/12\/02\/morte-de-nove-jovens-em-paraisopolis-ocorreu-apos-um-mes-de-ameacas-da-pm-de-sp\" target=\"_blank\" rel=\"noreferrer noopener\">morte de nove pessoas durante o Baile da 17 em Parais\u00f3polis, na Zona Sul paulistana, no final de 2019<\/a>.&nbsp;<\/p>\n\n\n\n<p>O relat\u00f3rio final da Corregedoria da PM-SP culpou a a\u00e7\u00e3o policial desencadeada na madrugada do dia 1\u00ba de dezembro, mas falou em leg\u00edtima defesa como excludente de ilicitude para pedir que os agentes n\u00e3o sejam punidos. O Minist\u00e9rio P\u00fablico Federal (MPF) solicitou novas dilig\u00eancias.&nbsp;<\/p>\n\n\n\n<p>No documento, obtido pelo jornal&nbsp;<em>Folha de S. Paulo<\/em>, o capit\u00e3o Rafael Oliveira Casella, presidente do Inqu\u00e9rito Policial Militar (IPM) que investiga o caso, afirma que n\u00e3o houve crime, uma vez que os policiais teriam agido \u201cem leg\u00edtima defesa pr\u00f3pria e de terceiros\u201d depois de serem agredidos com \u201cgarrafas, paus, pedras e demais objetos\u201d pelas pessoas no local.&nbsp;<\/p>\n\n\n\n<p>\u201cAponto o nexo de causalidade entre a a\u00e7\u00e3o dos 31 policiais militares averiguados e a morte das nove v\u00edtimas na comunidade de Parais\u00f3polis, por\u00e9m marco que houve excludente de ilicitude da leg\u00edtima defesa pr\u00f3pria e de terceiros\u201d, diz trecho do documento.<\/p>\n\n\n\n<p>A conclus\u00e3o da Corregedoria contraria a recomenda\u00e7\u00e3o feita pela Comiss\u00e3o Interamericana de Direitos Humanos (CIDH) que condenou a a\u00e7\u00e3o dos policiais no \u00faltimo m\u00eas de dezembro.&nbsp;Na ocasi\u00e3o, a CIDH&nbsp; insistiu na necessidade do Estado brasileiro investigar imediata e imparcialmente o ocorrido,&nbsp;<a href=\"https:\/\/www.brasildefato.com.br\/2019\/12\/07\/comissao-interamericana-de-direitos-humanos-condena-pm-por-massacre-de-paraisopolis\" target=\"_blank\" rel=\"noreferrer noopener\">punir os respons\u00e1veis e reparar \u00e0s v\u00edtimas e os familiares<\/a>.<\/p>\n\n\n\n<p>Grava\u00e7\u00f5es de moradores mostram agentes acuando e espancando jovens em ruelas e becos. Os policiais envolvidos contam que estavam perseguindo dois suspeitos, que teriam atirado em meio aos participantes do baile em uma motocicleta e que os mortos e feridos foram pisoteados em meio \u00e0 confus\u00e3o. Moradores contestam a vers\u00e3o, e a Corregedoria n\u00e3o confirmou que disparos teriam sido feitos por bandidos.&nbsp;<\/p>\n\n\n\n<p>\u201cAcuados, os militares sozinhos naquele momento, tentam utilizar meios n\u00e3o letais, a fim de repelir uma injusta agress\u00e3o pontual e iminente, zelando pela integridade f\u00edsica daquela equipe\u201d, diz um trecho.<\/p>\n\n\n\n<p>\u201cNeste momento h\u00e1 um tumulto generalizado naquele local, assim iniciando uma evas\u00e3o em massa. Nesta ocasi\u00e3o, por falta de conhecimento do local (geografia), bem como interesse em fugir daquela autoridade p\u00fablica, muitas pessoas optaram por adentrar a uma viela (Viela do Louro) existente na Rua Emest Renan, entre as ruas Herbert Spencer e RodolfLotze, onde houve o pisoteamento e aglomera\u00e7\u00e3o.\u201d<\/p>\n\n\n\n<p>\u00c9 a partir desse momento que a Corregedoria concluiu que houve uma rela\u00e7\u00e3o de causalidade entre a a\u00e7\u00e3o policial e a morte dos nove jovens. Al\u00e9m de citar a a\u00e7\u00e3o dos agentes como respons\u00e1vel, tamb\u00e9m culpou pais e m\u00e3es dos jovens pelas mortes: \u201cNotadamente, todos negligenciaram o \u2018p\u00e1trio poder\u2019 e subsidiariamente t\u00eam suas parcelas de responsabilidades pela omiss\u00e3o na guarda dos menores.\u201d<\/p>\n\n\n\n<p>Edi\u00e7\u00e3o: Leandro Melito<\/p>\n","protected":false},"excerpt":{"rendered":"<p>Corregedoria da PM-SP tamb\u00e9m citou leg\u00edtima defesa<\/p>\n","protected":false},"author":1,"featured_media":0,"comment_status":"closed","ping_status":"open","sticky":false,"template":"","format":"standard","meta":{"_exactmetrics_skip_tracking":false,"_exactmetrics_sitenote_active":false,"_exactmetrics_sitenote_note":"","_exactmetrics_sitenote_category":0,"jetpack_post_was_ever_published":false,"_jetpack_newsletter_access":"","_jetpack_dont_email_post_to_subs":false,"_jetpack_newsletter_tier_id":0,"_jetpack_memberships_contains_paywalled_content":false,"_jetpack_memberships_contains_paid_content":false,"footnotes":"","jetpack_publicize_message":"","jetpack_publicize_feature_enabled":true,"jetpack_social_post_already_shared":true,"jetpack_social_options":{"image_generator_settings":{"template":"highway","enabled":false},"version":2}},"categories":[1],"tags":[],"class_list":["post-26720","post","type-post","status-publish","format-standard","hentry","category-notas"],"jetpack_publicize_connections":[],"jetpack_sharing_enabled":true,"jetpack_featured_media_url":"","jetpack_shortlink":"https:\/\/wp.me\/p7wKYW-6WY","jetpack-related-posts":[],"_links":{"self":[{"href":"http:\/\/blogdalucianaoliveira.com.br\/blog\/wp-json\/wp\/v2\/posts\/26720","targetHints":{"allow":["GET"]}}],"collection":[{"href":"http:\/\/blogdalucianaoliveira.com.br\/blog\/wp-json\/wp\/v2\/posts"}],"about":[{"href":"http:\/\/blogdalucianaoliveira.com.br\/blog\/wp-json\/wp\/v2\/types\/post"}],"author":[{"embeddable":true,"href":"http:\/\/blogdalucianaoliveira.com.br\/blog\/wp-json\/wp\/v2\/users\/1"}],"replies":[{"embeddable":true,"href":"http:\/\/blogdalucianaoliveira.com.br\/blog\/wp-json\/wp\/v2\/comments?post=26720"}],"version-history":[{"count":1,"href":"http:\/\/blogdalucianaoliveira.com.br\/blog\/wp-json\/wp\/v2\/posts\/26720\/revisions"}],"predecessor-version":[{"id":26724,"href":"http:\/\/blogdalucianaoliveira.com.br\/blog\/wp-json\/wp\/v2\/posts\/26720\/revisions\/26724"}],"wp:attachment":[{"href":"http:\/\/blogdalucianaoliveira.com.br\/blog\/wp-json\/wp\/v2\/media?parent=26720"}],"wp:term":[{"taxonomy":"category","embeddable":true,"href":"http:\/\/blogdalucianaoliveira.com.br\/blog\/wp-json\/wp\/v2\/categories?post=26720"},{"taxonomy":"post_tag","embeddable":true,"href":"http:\/\/blogdalucianaoliveira.com.br\/blog\/wp-json\/wp\/v2\/tags?post=26720"}],"curies":[{"name":"wp","href":"https:\/\/api.w.org\/{rel}","templated":true}]}}