{"id":26727,"date":"2020-03-05T10:23:15","date_gmt":"2020-03-05T14:23:15","guid":{"rendered":"http:\/\/blogdalucianaoliveira.com.br\/blog\/?p=26727"},"modified":"2020-03-05T10:23:26","modified_gmt":"2020-03-05T14:23:26","slug":"feminicidios-aumentam-73-no-brasil-pos-bolsonaro","status":"publish","type":"post","link":"http:\/\/blogdalucianaoliveira.com.br\/blog\/2020\/03\/05\/feminicidios-aumentam-73-no-brasil-pos-bolsonaro\/","title":{"rendered":"Feminic\u00eddios aumentam 7,3% no Brasil p\u00f3s-Bolsonaro"},"content":{"rendered":"\n<figure class=\"wp-block-image\"><img data-recalc-dims=\"1\" decoding=\"async\" src=\"https:\/\/i0.wp.com\/publisher-publish.s3.eu-central-1.amazonaws.com\/pb-brasil247\/swp\/jtjeq9\/media\/2020030511030_6f4b13105c007086fa87fb0834d87f575bb7cb91c56805f16ecb85094f1828ff.jpeg?w=600&#038;ssl=1\" alt=\"\"\/><\/figure>\n\n\n\n<p><strong>247&nbsp;<\/strong>&#8211; O Brasil teve um aumento de 7,3% nos casos de feminic\u00eddio em 2019 na compara\u00e7\u00e3o com 2018. S\u00e3o 1.314 pessoas mortas pelo fato de serem mulheres, uma a cada 7 horas, em m\u00e9dia. \u00c9 maior n\u00famero j\u00e1 registrado desde que a lei entrou em vigor, em 2015, de acordo com &nbsp;um levantamento feito pelo G1 com base nos dados oficiais dos 26 estados e do Distrito Federal.<\/p>\n\n\n\n<!--more-->\n\n\n\n<p>O pa\u00eds teve 19% menos mortes em 2019 em rela\u00e7\u00e3o ao ano anterior. Se forem consideradas apenas as mortes de mulheres, o que inclui tamb\u00e9m os casos n\u00e3o classificados como feminic\u00eddios, houve uma diminui\u00e7\u00e3o de 14% \u2013 menor, mas, ainda assim, um recorde.<\/p>\n\n\n\n<p>Acre e Alagoas s\u00e3o os estados com maior taxa de feminic\u00eddios: 2,5 a cada 100 mil.&nbsp;<br><\/p>\n","protected":false},"excerpt":{"rendered":"<p>247&nbsp;&#8211; O Brasil teve um aumento de 7,3% nos casos de feminic\u00eddio em 2019 na compara\u00e7\u00e3o com 2018. S\u00e3o 1.314 pessoas mortas pelo fato de serem mulheres, uma a cada 7 horas, em m\u00e9dia. \u00c9 maior n\u00famero j\u00e1 registrado desde que a lei entrou em vigor, em 2015, de acordo com &nbsp;um levantamento feito pelo&#8230;<a class=\"more-link\" href=\"http:\/\/blogdalucianaoliveira.com.br\/blog\/2020\/03\/05\/feminicidios-aumentam-73-no-brasil-pos-bolsonaro\/\">Continue a leitura <span class=\"meta-nav\">&raquo;<\/span><\/a><\/p>\n","protected":false},"author":1,"featured_media":0,"comment_status":"closed","ping_status":"open","sticky":false,"template":"","format":"standard","meta":{"_exactmetrics_skip_tracking":false,"_exactmetrics_sitenote_active":false,"_exactmetrics_sitenote_note":"","_exactmetrics_sitenote_category":0,"jetpack_post_was_ever_published":false,"_jetpack_newsletter_access":"","_jetpack_dont_email_post_to_subs":false,"_jetpack_newsletter_tier_id":0,"_jetpack_memberships_contains_paywalled_content":false,"_jetpack_memberships_contains_paid_content":false,"footnotes":"","jetpack_publicize_message":"","jetpack_publicize_feature_enabled":true,"jetpack_social_post_already_shared":true,"jetpack_social_options":{"image_generator_settings":{"template":"highway","enabled":false},"version":2}},"categories":[1],"tags":[],"class_list":["post-26727","post","type-post","status-publish","format-standard","hentry","category-notas"],"jetpack_publicize_connections":[],"jetpack_sharing_enabled":true,"jetpack_featured_media_url":"","jetpack_shortlink":"https:\/\/wp.me\/p7wKYW-6X5","jetpack-related-posts":[],"_links":{"self":[{"href":"http:\/\/blogdalucianaoliveira.com.br\/blog\/wp-json\/wp\/v2\/posts\/26727","targetHints":{"allow":["GET"]}}],"collection":[{"href":"http:\/\/blogdalucianaoliveira.com.br\/blog\/wp-json\/wp\/v2\/posts"}],"about":[{"href":"http:\/\/blogdalucianaoliveira.com.br\/blog\/wp-json\/wp\/v2\/types\/post"}],"author":[{"embeddable":true,"href":"http:\/\/blogdalucianaoliveira.com.br\/blog\/wp-json\/wp\/v2\/users\/1"}],"replies":[{"embeddable":true,"href":"http:\/\/blogdalucianaoliveira.com.br\/blog\/wp-json\/wp\/v2\/comments?post=26727"}],"version-history":[{"count":1,"href":"http:\/\/blogdalucianaoliveira.com.br\/blog\/wp-json\/wp\/v2\/posts\/26727\/revisions"}],"predecessor-version":[{"id":26728,"href":"http:\/\/blogdalucianaoliveira.com.br\/blog\/wp-json\/wp\/v2\/posts\/26727\/revisions\/26728"}],"wp:attachment":[{"href":"http:\/\/blogdalucianaoliveira.com.br\/blog\/wp-json\/wp\/v2\/media?parent=26727"}],"wp:term":[{"taxonomy":"category","embeddable":true,"href":"http:\/\/blogdalucianaoliveira.com.br\/blog\/wp-json\/wp\/v2\/categories?post=26727"},{"taxonomy":"post_tag","embeddable":true,"href":"http:\/\/blogdalucianaoliveira.com.br\/blog\/wp-json\/wp\/v2\/tags?post=26727"}],"curies":[{"name":"wp","href":"https:\/\/api.w.org\/{rel}","templated":true}]}}