{"id":26729,"date":"2020-03-05T13:39:25","date_gmt":"2020-03-05T17:39:25","guid":{"rendered":"http:\/\/blogdalucianaoliveira.com.br\/blog\/?p=26729"},"modified":"2020-03-05T13:39:37","modified_gmt":"2020-03-05T17:39:37","slug":"tse-detecta-assinatura-de-mortos-em-lista-de-apoios-do-alianca-pelo-brasil","status":"publish","type":"post","link":"http:\/\/blogdalucianaoliveira.com.br\/blog\/2020\/03\/05\/tse-detecta-assinatura-de-mortos-em-lista-de-apoios-do-alianca-pelo-brasil\/","title":{"rendered":"TSE detecta assinatura de mortos em lista de apoios do Alian\u00e7a pelo Brasil"},"content":{"rendered":"\n<figure class=\"wp-block-image size-large\"><img data-recalc-dims=\"1\" loading=\"lazy\" decoding=\"async\" width=\"600\" height=\"400\" data-attachment-id=\"26730\" data-permalink=\"http:\/\/blogdalucianaoliveira.com.br\/blog\/2020\/03\/05\/tse-detecta-assinatura-de-mortos-em-lista-de-apoios-do-alianca-pelo-brasil\/image-13-5\/\" data-orig-file=\"https:\/\/i0.wp.com\/blogdalucianaoliveira.com.br\/blog\/wp-content\/uploads\/2020\/03\/image-13.jpeg?fit=680%2C453\" data-orig-size=\"680,453\" data-comments-opened=\"0\" data-image-meta=\"{&quot;aperture&quot;:&quot;0&quot;,&quot;credit&quot;:&quot;&quot;,&quot;camera&quot;:&quot;&quot;,&quot;caption&quot;:&quot;&quot;,&quot;created_timestamp&quot;:&quot;0&quot;,&quot;copyright&quot;:&quot;&quot;,&quot;focal_length&quot;:&quot;0&quot;,&quot;iso&quot;:&quot;0&quot;,&quot;shutter_speed&quot;:&quot;0&quot;,&quot;title&quot;:&quot;&quot;,&quot;orientation&quot;:&quot;0&quot;}\" data-image-title=\"image-13\" data-image-description=\"\" data-image-caption=\"\" data-medium-file=\"https:\/\/i0.wp.com\/blogdalucianaoliveira.com.br\/blog\/wp-content\/uploads\/2020\/03\/image-13.jpeg?fit=300%2C200\" data-large-file=\"https:\/\/i0.wp.com\/blogdalucianaoliveira.com.br\/blog\/wp-content\/uploads\/2020\/03\/image-13.jpeg?fit=600%2C400\" src=\"https:\/\/i0.wp.com\/blogdalucianaoliveira.com.br\/blog\/wp-content\/uploads\/2020\/03\/image-13.jpeg?resize=600%2C400\" alt=\"\" class=\"wp-image-26730\" srcset=\"https:\/\/i0.wp.com\/blogdalucianaoliveira.com.br\/blog\/wp-content\/uploads\/2020\/03\/image-13.jpeg?w=680 680w, https:\/\/i0.wp.com\/blogdalucianaoliveira.com.br\/blog\/wp-content\/uploads\/2020\/03\/image-13.jpeg?resize=300%2C200 300w, https:\/\/i0.wp.com\/blogdalucianaoliveira.com.br\/blog\/wp-content\/uploads\/2020\/03\/image-13.jpeg?resize=450%2C300 450w\" sizes=\"auto, (max-width: 600px) 100vw, 600px\" \/><\/figure>\n\n\n\n<p>Conte\u00fado Estad\u00e3o  \u2014 O Tribunal Superior Eleitoral (<strong><a href=\"https:\/\/exame.abril.com.br\/noticias-sobre\/tse\">TSE<\/a><\/strong>) informou ter identificado a assinatura de sete eleitores mortos na lista de apoios apresentada pelo\u00a0<strong><a href=\"https:\/\/exame.abril.com.br\/noticias-sobre\/alianca-pelo-brasil\/\">Alian\u00e7a pelo Brasil<\/a><\/strong>, partido que o presidente\u00a0<strong><a href=\"https:\/\/exame.abril.com.br\/noticias-sobre\/jair-bolsonaro\">Jair Bolsonaro<\/a><\/strong>\u00a0tenta criar. Tesoureira da sigla, a advogada Karina Kufa disse que pediu uma verifica\u00e7\u00e3o interna e que, em pelo menos um desses casos, foi constatado que o apoiador assinou a lista em 26 de janeiro e morreu em 22 de fevereiro.<\/p>\n\n\n\n<!--more-->\n\n\n\n<p>Para ter o registro aprovado e poder disputar elei\u00e7\u00f5es, o Alian\u00e7a precisa coletar a assinatura de 491,9 mil eleitores \u2013 que devem ter firmas reconhecidas em cart\u00f3rio. O partido j\u00e1 apresentou mais de 80 mil fichas assinadas ao TSE, mas, segundo o balan\u00e7o mais recente, apenas 6.605 foram aprovadas \u2013 menos de 2% do necess\u00e1rio. Outras 13,7 mil foram rejeitadas pelos t\u00e9cnicos da Corte, incluindo a dos sete apontados como mortos. O restante est\u00e1 em an\u00e1lise.<\/p>\n\n\n\n<p>\u201cN\u00f3s adotamos o sistema de reconhecimento de firma justamente para impossibilitar o uso de fichas por eleitor falecido, como foi denunciado massivamente no momento da cria\u00e7\u00e3o do PSD\u201d, disse Karina, em refer\u00eancia ao partido criado pelo ex-ministro Gilberto Kassab, em 2011. Na ocasi\u00e3o, a sigla foi acusada de incluir eleitores mortos para conseguir o n\u00famero de assinaturas necess\u00e1rias.<\/p>\n\n\n\n<p>Um outro integrante do Alian\u00e7a, que pediu para n\u00e3o ser identificado, citou a possibilidade de os nomes terem sido inclu\u00eddos propositalmente na lista entregue ao TSE como forma de boicote ao novo partido.<\/p>\n\n\n\n<p>O Alian\u00e7a pelo Brasil foi criado em novembro ap\u00f3s Bolsonaro romper com o PSL, partido pelo qual foi eleito em 2018. Inicialmente, a inten\u00e7\u00e3o do grupo pol\u00edtico do presidente era obter o registro at\u00e9 este m\u00eas, a tempo de disputar as elei\u00e7\u00f5es municipais de outubro. O plano foi abandonado ap\u00f3s dificuldades em reunir o apoio necess\u00e1rio.<\/p>\n\n\n\n<h3 class=\"wp-block-heading\">Filia\u00e7\u00e3o<\/h3>\n\n\n\n<p>At\u00e9 agora, o principal motivo das assinaturas apresentadas pelo Alian\u00e7a terem sido rejeitadas pelo TSE \u00e9 a filia\u00e7\u00e3o a outro partido. Das 13,7 mil fichas descartadas, 10,7 mil (78%) foram por este motivo.<\/p>\n\n\n\n<p>Uma regra criada na reforma eleitoral de 2015 exige que, para apoiar a cria\u00e7\u00e3o de uma nova sigla, o eleitor n\u00e3o pode estar filiado a nenhuma outra legenda. A restri\u00e7\u00e3o teve como objetivo dificultar a prolifera\u00e7\u00e3o de partidos no Pa\u00eds. Em julgamento ontem, o Supremo Tribunal Federal (STF) negou, por 9 votos a 1, derrubar a exig\u00eancia (mais informa\u00e7\u00f5es nesta p\u00e1gina).<\/p>\n\n\n\n<p>Karina afirmou ainda que est\u00e1 em contato constante com a Corte Eleitoral para sanar qualquer d\u00favida que surja durante o processo de coleta de assinaturas. \u201cO Tribunal Superior Eleitoral tem sido muito prestativo com todas as indaga\u00e7\u00f5es que apresentamos, dando pronto suporte t\u00e9cnico. Tenho realizado audi\u00eancias com ministros e t\u00e9cnicos do TSE e posso afirmar com total seguran\u00e7a a responsabilidade que tratam do tema. Qualquer informa\u00e7\u00e3o contr\u00e1ria, se foi prestada, deve ser por quem n\u00e3o conhece a opera\u00e7\u00e3o da Alian\u00e7a pelo Brasil\u201d, disse a advogada do Alian\u00e7a<\/p>\n\n\n\n<p><\/p>\n","protected":false},"excerpt":{"rendered":"<p>Conte\u00fado Estad\u00e3o \u2014 O Tribunal Superior Eleitoral (TSE) informou ter identificado a assinatura de sete eleitores mortos na lista de apoios apresentada pelo\u00a0Alian\u00e7a pelo Brasil, partido que o presidente\u00a0Jair Bolsonaro\u00a0tenta criar. Tesoureira da sigla, a advogada Karina Kufa disse que pediu uma verifica\u00e7\u00e3o interna e que, em pelo menos um desses casos, foi constatado que&#8230;<a class=\"more-link\" href=\"http:\/\/blogdalucianaoliveira.com.br\/blog\/2020\/03\/05\/tse-detecta-assinatura-de-mortos-em-lista-de-apoios-do-alianca-pelo-brasil\/\">Continue a leitura <span class=\"meta-nav\">&raquo;<\/span><\/a><\/p>\n","protected":false},"author":1,"featured_media":0,"comment_status":"closed","ping_status":"open","sticky":false,"template":"","format":"standard","meta":{"_exactmetrics_skip_tracking":false,"_exactmetrics_sitenote_active":false,"_exactmetrics_sitenote_note":"","_exactmetrics_sitenote_category":0,"jetpack_post_was_ever_published":false,"_jetpack_newsletter_access":"","_jetpack_dont_email_post_to_subs":false,"_jetpack_newsletter_tier_id":0,"_jetpack_memberships_contains_paywalled_content":false,"_jetpack_memberships_contains_paid_content":false,"footnotes":"","jetpack_publicize_message":"","jetpack_publicize_feature_enabled":true,"jetpack_social_post_already_shared":true,"jetpack_social_options":{"image_generator_settings":{"template":"highway","enabled":false},"version":2}},"categories":[1],"tags":[],"class_list":["post-26729","post","type-post","status-publish","format-standard","hentry","category-notas"],"jetpack_publicize_connections":[],"jetpack_sharing_enabled":true,"jetpack_featured_media_url":"","jetpack_shortlink":"https:\/\/wp.me\/p7wKYW-6X7","jetpack-related-posts":[],"_links":{"self":[{"href":"http:\/\/blogdalucianaoliveira.com.br\/blog\/wp-json\/wp\/v2\/posts\/26729","targetHints":{"allow":["GET"]}}],"collection":[{"href":"http:\/\/blogdalucianaoliveira.com.br\/blog\/wp-json\/wp\/v2\/posts"}],"about":[{"href":"http:\/\/blogdalucianaoliveira.com.br\/blog\/wp-json\/wp\/v2\/types\/post"}],"author":[{"embeddable":true,"href":"http:\/\/blogdalucianaoliveira.com.br\/blog\/wp-json\/wp\/v2\/users\/1"}],"replies":[{"embeddable":true,"href":"http:\/\/blogdalucianaoliveira.com.br\/blog\/wp-json\/wp\/v2\/comments?post=26729"}],"version-history":[{"count":1,"href":"http:\/\/blogdalucianaoliveira.com.br\/blog\/wp-json\/wp\/v2\/posts\/26729\/revisions"}],"predecessor-version":[{"id":26731,"href":"http:\/\/blogdalucianaoliveira.com.br\/blog\/wp-json\/wp\/v2\/posts\/26729\/revisions\/26731"}],"wp:attachment":[{"href":"http:\/\/blogdalucianaoliveira.com.br\/blog\/wp-json\/wp\/v2\/media?parent=26729"}],"wp:term":[{"taxonomy":"category","embeddable":true,"href":"http:\/\/blogdalucianaoliveira.com.br\/blog\/wp-json\/wp\/v2\/categories?post=26729"},{"taxonomy":"post_tag","embeddable":true,"href":"http:\/\/blogdalucianaoliveira.com.br\/blog\/wp-json\/wp\/v2\/tags?post=26729"}],"curies":[{"name":"wp","href":"https:\/\/api.w.org\/{rel}","templated":true}]}}