{"id":26732,"date":"2020-03-05T16:40:07","date_gmt":"2020-03-05T20:40:07","guid":{"rendered":"http:\/\/blogdalucianaoliveira.com.br\/blog\/?p=26732"},"modified":"2020-03-05T16:40:13","modified_gmt":"2020-03-05T20:40:13","slug":"foro-de-teresina-90-o-golpismo-de-bolsonaro-a-policia-politica-e-a-super-terca-americana","status":"publish","type":"post","link":"http:\/\/blogdalucianaoliveira.com.br\/blog\/2020\/03\/05\/foro-de-teresina-90-o-golpismo-de-bolsonaro-a-policia-politica-e-a-super-terca-americana\/","title":{"rendered":"FORO DE TERESINA #90: O GOLPISMO DE BOLSONARO, A POL\u00cdCIA POL\u00cdTICA E A SUPER TER\u00c7A AMERICANA"},"content":{"rendered":"\n<figure class=\"wp-block-image\"><img data-recalc-dims=\"1\" decoding=\"async\" src=\"https:\/\/i0.wp.com\/piaui.folha.uol.com.br\/wp-content\/uploads\/2020\/03\/banana_foro_interna_05032020.jpg?w=600&#038;ssl=1\" alt=\"\"\/><\/figure>\n\n\n\n<h4 class=\"wp-block-heading\">O podcast de pol\u00edtica da&nbsp;<strong>piau\u00ed<\/strong>&nbsp;discute os principais fatos da semana<\/h4>\n\n\n\n<!--more-->\n\n\n\n<p>Revista Piau\u00ed<\/p>\n\n\n\n<p>O <em>Foro de Teresina<\/em>\u00a0discute o que est\u00e1 em jogo com manifesta\u00e7\u00e3o anti-Congresso marcada para 15 de mar\u00e7o, o saldo pol\u00edtico do motim da PM no Cear\u00e1 e as pr\u00e9vias para definir o candidato que enfrentar\u00e1 Donald Trump nas elei\u00e7\u00f5es de novembro nos Estados Unidos. <br><\/p>\n\n\n\n<p><strong>Bloco 1: As manifesta\u00e7\u00f5es do dia 15 de mar\u00e7o&nbsp;<\/strong>(03:47)<br>Ao convocar a popula\u00e7\u00e3o para um ato contra o Congresso e o Supremo Tribunal Federal, Bolsonaro escala mais um degrau no seu discurso antidemocr\u00e1tico e tensiona a rela\u00e7\u00e3o entre o governo e os parlamentares.<\/p>\n\n\n\n<figure class=\"wp-block-image\"><img data-recalc-dims=\"1\" decoding=\"async\" src=\"https:\/\/i0.wp.com\/piaui.folha.uol.com.br\/wp-content\/uploads\/2020\/03\/foro90_toledo.png?w=600&#038;ssl=1\" alt=\"\" class=\"wp-image-378587\"\/><\/figure>\n\n\n\n<p><strong>Bloco 2: Um governo de balaclava&nbsp;<\/strong>(19:55)<br>Ap\u00f3s o fim da greve da PM no Cear\u00e1, o governo federal deixou ainda mais evidente seu apoio aos policiais amotinados e acendeu o alerta para o uso pol\u00edtico das for\u00e7as de seguran\u00e7a em outros estados.<\/p>\n\n\n\n<figure class=\"wp-block-image\"><img data-recalc-dims=\"1\" decoding=\"async\" src=\"https:\/\/i0.wp.com\/piaui.folha.uol.com.br\/wp-content\/uploads\/2020\/03\/foro90_thais.png?w=600&#038;ssl=1\" alt=\"\" class=\"wp-image-378586\"\/><\/figure>\n\n\n\n<p><strong>Bloco 3: Bernie Sanders x Joe Biden&nbsp;<\/strong>(33:19)<br>Na primeira vota\u00e7\u00e3o de peso das prim\u00e1rias para a elei\u00e7\u00e3o americana, a disputa dentro do Partido Democrata se afunilou entre Bernie Sanders \u2013 da ala mais \u00e0 esquerda do partido \u2013 e Joe Biden \u2013 que formou uma coaliz\u00e3o \u201cmoderada\u201d.<\/p>\n\n\n\n<figure class=\"wp-block-image\"><img data-recalc-dims=\"1\" decoding=\"async\" src=\"https:\/\/i0.wp.com\/piaui.folha.uol.com.br\/wp-content\/uploads\/2020\/03\/foro90_fernando.png?w=600&#038;ssl=1\" alt=\"\" class=\"wp-image-378585\"\/><\/figure>\n\n\n\n<div style=\"width: 600px;\" class=\"wp-video\"><video class=\"wp-video-shortcode\" id=\"video-26732-1\" width=\"600\" height=\"338\" preload=\"metadata\" controls=\"controls\"><source type=\"video\/mp4\" src=\"http:\/\/traffic.libsyn.com\/force-cdn\/highwinds\/forodeteresina\/Foro_90_.mp4?_=1\" \/><a href=\"http:\/\/traffic.libsyn.com\/force-cdn\/highwinds\/forodeteresina\/Foro_90_.mp4\">http:\/\/traffic.libsyn.com\/force-cdn\/highwinds\/forodeteresina\/Foro_90_.mp4<\/a><\/video><\/div>\n\n\n\n<p><strong>O\u00a0<em>Foro de Teresina<\/em>\u00a0tem novos epis\u00f3dios sempre \u00e0s quintas, a partir das 17 horas.<\/strong>\u00a0Voc\u00ea encontra o podcast em tocadores como\u00a0<a href=\"https:\/\/open.spotify.com\/show\/04bTe3UuVaZVDKV9ORFN4Y?si=LsbyoGM_Tw2pzhKqD8qpJQ\">Spotify<\/a>\u00a0e\u00a0<a href=\"https:\/\/itunes.apple.com\/br\/podcast\/foro-de-teresina\/\">Apple Podcasts<\/a>\u00a0buscando pelo nome do programa ou pode acessar\u00a0<a href=\"https:\/\/piaui.folha.uol.com.br\/radio-piaui\/foro-de-teresina\/\">a p\u00e1gina do\u00a0<em>Foro<\/em>\u00a0no site da\u00a0<strong>piau\u00ed<\/strong><\/a>. Toda quarta-feira, lan\u00e7amos no YouTube o\u00a0<a href=\"https:\/\/www.youtube.com\/playlist?list=PLn_YkZF2TTNswsNEGCLOCXJIJdHTcBj_k\"><em>Foro Privilegiado<\/em><\/a>, com os bastidores do epis\u00f3dio da semana.<\/p>\n\n\n\n<p><strong>Ficha t\u00e9cnica:<br><\/strong>Apresenta\u00e7\u00e3o: Fernando de Barros e Silva, Jos\u00e9 Roberto de Toledo e Thais Bilenky<br>Coordena\u00e7\u00e3o geral: Paula Scarpin<br>Dire\u00e7\u00e3o: Luigi Mazza<br>Edi\u00e7\u00e3o: Claudia Holanda, \u00c9velin Argenta e Mari Romano<br>Produ\u00e7\u00e3o: Mari Faria e Yasmin Santos<br>Apoio de produ\u00e7\u00e3o: Clara Rellstab e Vitor Hugo Brandalise<br>Produ\u00e7\u00e3o musical, finaliza\u00e7\u00e3o e mixagem: Jo\u00e3o Jabace<br>M\u00fasica tema: W\u00e2nya Sales e Beto Boreno<br>Identidade visual: Jo\u00e3o Brizzi<br>Ilustra\u00e7\u00e3o: Paula Cardoso<br>Teaser (<em>Foro Privilegiado<\/em>): Julia Sena<br>Distribui\u00e7\u00e3o: Yasmin Santos<br>Coordena\u00e7\u00e3o digital: Kellen Moraes<br>Gravado nos est\u00fadios Rastro (RJ) e Reamping Anonimato (SP)<br>Para falar com a equipe:&nbsp;<a href=\"mailto:forodeteresina@revistapiaui.com.br\">forodeteresina@revistapiaui.com.br<\/a><\/p>\n","protected":false},"excerpt":{"rendered":"<p>O podcast de pol\u00edtica da&nbsp;piau\u00ed&nbsp;discute os principais fatos da semana<\/p>\n","protected":false},"author":1,"featured_media":0,"comment_status":"closed","ping_status":"open","sticky":false,"template":"","format":"standard","meta":{"_exactmetrics_skip_tracking":false,"_exactmetrics_sitenote_active":false,"_exactmetrics_sitenote_note":"","_exactmetrics_sitenote_category":0,"jetpack_post_was_ever_published":false,"_jetpack_newsletter_access":"","_jetpack_dont_email_post_to_subs":false,"_jetpack_newsletter_tier_id":0,"_jetpack_memberships_contains_paywalled_content":false,"_jetpack_memberships_contains_paid_content":false,"footnotes":"","jetpack_publicize_message":"","jetpack_publicize_feature_enabled":true,"jetpack_social_post_already_shared":true,"jetpack_social_options":{"image_generator_settings":{"template":"highway","enabled":false},"version":2}},"categories":[1],"tags":[],"class_list":["post-26732","post","type-post","status-publish","format-standard","hentry","category-notas"],"jetpack_publicize_connections":[],"jetpack_sharing_enabled":true,"jetpack_featured_media_url":"","jetpack_shortlink":"https:\/\/wp.me\/p7wKYW-6Xa","jetpack-related-posts":[],"_links":{"self":[{"href":"http:\/\/blogdalucianaoliveira.com.br\/blog\/wp-json\/wp\/v2\/posts\/26732","targetHints":{"allow":["GET"]}}],"collection":[{"href":"http:\/\/blogdalucianaoliveira.com.br\/blog\/wp-json\/wp\/v2\/posts"}],"about":[{"href":"http:\/\/blogdalucianaoliveira.com.br\/blog\/wp-json\/wp\/v2\/types\/post"}],"author":[{"embeddable":true,"href":"http:\/\/blogdalucianaoliveira.com.br\/blog\/wp-json\/wp\/v2\/users\/1"}],"replies":[{"embeddable":true,"href":"http:\/\/blogdalucianaoliveira.com.br\/blog\/wp-json\/wp\/v2\/comments?post=26732"}],"version-history":[{"count":2,"href":"http:\/\/blogdalucianaoliveira.com.br\/blog\/wp-json\/wp\/v2\/posts\/26732\/revisions"}],"predecessor-version":[{"id":26734,"href":"http:\/\/blogdalucianaoliveira.com.br\/blog\/wp-json\/wp\/v2\/posts\/26732\/revisions\/26734"}],"wp:attachment":[{"href":"http:\/\/blogdalucianaoliveira.com.br\/blog\/wp-json\/wp\/v2\/media?parent=26732"}],"wp:term":[{"taxonomy":"category","embeddable":true,"href":"http:\/\/blogdalucianaoliveira.com.br\/blog\/wp-json\/wp\/v2\/categories?post=26732"},{"taxonomy":"post_tag","embeddable":true,"href":"http:\/\/blogdalucianaoliveira.com.br\/blog\/wp-json\/wp\/v2\/tags?post=26732"}],"curies":[{"name":"wp","href":"https:\/\/api.w.org\/{rel}","templated":true}]}}