{"id":26735,"date":"2020-03-05T16:48:13","date_gmt":"2020-03-05T20:48:13","guid":{"rendered":"http:\/\/blogdalucianaoliveira.com.br\/blog\/?p=26735"},"modified":"2020-03-05T16:48:21","modified_gmt":"2020-03-05T20:48:21","slug":"marco-das-mulheres-saiba-onde-serao-realizadas-as-manifestacoes","status":"publish","type":"post","link":"http:\/\/blogdalucianaoliveira.com.br\/blog\/2020\/03\/05\/marco-das-mulheres-saiba-onde-serao-realizadas-as-manifestacoes\/","title":{"rendered":"Mar\u00e7o das Mulheres: saiba onde ser\u00e3o realizadas as manifesta\u00e7\u00f5es"},"content":{"rendered":"\n<figure class=\"wp-block-image\"><img data-recalc-dims=\"1\" decoding=\"async\" src=\"https:\/\/i0.wp.com\/img.brasildefato.com.br\/media\/f85dfe5cc342dc206591878c4933beb4.jpg?w=600&#038;ssl=1\" alt=\"\"\/><\/figure>\n\n\n\n<h4 class=\"wp-block-heading\">Protestos est\u00e3o marcados para acontecer de norte a sul do pa\u00eds, das capitais \u00e0s cidades menores<\/h4>\n\n\n\n<!--more-->\n\n\n\n<p>Caroline OliveiraBrasil de Fato | S\u00e3o Paulo (SP) <\/p>\n\n\n\n<p>No pr\u00f3ximo domingo (8), Dia Internacional de Luta das Mulheres, centenas de manifesta\u00e7\u00f5es se espalhar\u00e3o pelas ruas do Brasil para denunciar&nbsp;<a href=\"https:\/\/www.brasildefato.com.br\/2020\/03\/05\/artigo-o-teto-de-vidro-e-as-mulheres-nos-espacos-de-poder-por-yanne-teles\" target=\"_blank\" rel=\"noreferrer noopener\">a desigualdade de g\u00eanero e os retrocessos encampados contra as mulheres brasileiras<\/a>.<\/p>\n\n\n\n<p>J\u00e1 s\u00e3o centenas de protestos marcados&nbsp;em todas as regi\u00f5es do pa\u00eds, desde Santana do Livramento, no Rio Grande do Sul, at\u00e9 Santa Luzia do Par\u00e1.&nbsp;<\/p>\n\n\n\n<p>Nalu Faria, psic\u00f3loga e coordenadora da Marcha Mundial das Mulheres, afirma que o 8 de mar\u00e7o se tornou o principal dia de mobiliza\u00e7\u00e3o das mulheres n\u00e3o s\u00f3 no Brasil, mas no mundo inteiro.<\/p>\n\n\n\n<p>\u00c9 quando diversos setores de movimentos de mulheres, como as trabalhadoras sindicalistas, camponesas e mulheres negras buscam se unir para denunciar os retrocessos, ainda que dentro de suas especificidades.&nbsp;<\/p>\n\n\n\n<p>\u201cA gente busca sempre que seja um momento que a gente n\u00e3o separe as chamadas agendas feministas das agendas de outras lutas. Pelo contr\u00e1rio, a gente sempre trabalha com a ideia de atuar por uma perspectiva feminista em uma luta pela transforma\u00e7\u00e3o do mundo. E claro que isso coloca especificidade nas bandeiras, mas nossas lutas v\u00e3o nesse sentido de transforma\u00e7\u00e3o do mundo\u201d, afirma Faria.&nbsp;<\/p>\n\n\n\n<p>A psic\u00f3loga ressalta que a pauta conservadora do governo de Jair Bolsonaro (sem partido) \u00e9 uma das quest\u00f5es centrais das manifesta\u00e7\u00f5es neste ano. \u201c\u00c9 um governo de direita, conservador, contra os trabalhadores, as mulheres, os negros e&nbsp;os ind\u00edgenas\u201d, diz.<\/p>\n\n\n\n<p>No in\u00edcio do m\u00eas de mar\u00e7o, o governo brasileiro foi citado em um relat\u00f3rio da Organiza\u00e7\u00e3o das Na\u00e7\u00f5es Unidas (ONU) sobre pa\u00edses onde a religi\u00e3o \u00e9 utilizada por governos como uma justificativa para dificultar o acesso de mulheres e meninas \u00e0 educa\u00e7\u00e3o sexual.<\/p>\n\n\n\n<p>Desde o come\u00e7o de sua gest\u00e3o, Bolsonaro modificou a pol\u00edtica externa e de direitos humanos a fim de priorizar valores religiosos em detrimento dos direitos femininos.&nbsp;<\/p>\n\n\n\n<h2 class=\"wp-block-heading\"><strong>Confira a agenda das manifesta\u00e7\u00f5es em mar\u00e7o deste ano:<\/strong><\/h2>\n\n\n\n<p>Sudeste<\/p>\n\n\n\n<h4 class=\"wp-block-heading\"><strong>S\u00e3o Paulo (SP)<\/strong>&nbsp;<\/h4>\n\n\n\n<p>Os atos ser\u00e3o realizados, na parte da tarde, nos seguintes locais: Escadaria do Theatro Municipal, Pra\u00e7a Ramos de Azevedo e&nbsp;P\u00e1tio do Col\u00e9gio, no dia 5;&nbsp; Pra\u00e7a da S\u00e9, dia 6;&nbsp;em frente ao Museu de Arte de S\u00e3o Paulo Assis Chateaubriand, no dia 8.<\/p>\n\n\n\n<h4 class=\"wp-block-heading\"><strong>Belo Horizonte (MG)<\/strong>&nbsp;<\/h4>\n\n\n\n<p>Ocupa\u00e7\u00e3o P\u00e1tria Livre, dia 8 \u00e0s 14h.<\/p>\n\n\n\n<h4 class=\"wp-block-heading\"><strong>Vit\u00f3ria (ES)<\/strong>&nbsp;<\/h4>\n\n\n\n<p>Em frente \u00e0 Defensoria P\u00fablica e no Parque Moscoso, no dia 6 \u00e0s 15h.<\/p>\n\n\n\n<h4 class=\"wp-block-heading\"><strong>Rio de Janeiro (RJ)<\/strong>&nbsp;<\/h4>\n\n\n\n<p>Pra\u00e7a da Candel\u00e1ria, dia 9, \u00e0s 17h.<\/p>\n\n\n\n<p>Nordeste<\/p>\n\n\n\n<h4 class=\"wp-block-heading\"><strong>Natal (RN)<\/strong><\/h4>\n\n\n\n<p>Pra\u00e7a das Flores, dia 8, \u00e0s 8h.<\/p>\n\n\n\n<h4 class=\"wp-block-heading\">Teresina (PI)<\/h4>\n\n\n\n<p>Pra\u00e7a da Liberdade, dia 8, \u00e0s 8h.<\/p>\n\n\n\n<h4 class=\"wp-block-heading\"><strong>Aracaju (SE)<\/strong><\/h4>\n\n\n\n<p>Arcos da Orla, dia 8, \u00e0s 9h.<\/p>\n\n\n\n<h4 class=\"wp-block-heading\"><strong>Salvador (BA)<\/strong><\/h4>\n\n\n\n<p>Cristo da Barra, dia 8, \u00e0s 9h.<\/p>\n\n\n\n<h4 class=\"wp-block-heading\"><strong>Fortaleza (CE)<\/strong><\/h4>\n\n\n\n<p>Centro Drag\u00e3o do Mar, dia 5, \u00e0s 13h.<\/p>\n\n\n\n<h4 class=\"wp-block-heading\">Recife (PE)<\/h4>\n\n\n\n<p>Pra\u00e7a Treze de Maio, dia 9, \u00e0s 13h.<\/p>\n\n\n\n<h4 class=\"wp-block-heading\">Macei\u00f3 (AL)<\/h4>\n\n\n\n<p>Iate Clube, na praia de Paju\u00e7ara,&nbsp;dia 8, \u00e0s 14h.<\/p>\n\n\n\n<h4 class=\"wp-block-heading\">S\u00e3o Lu\u00eds (MA)<\/h4>\n\n\n\n<p>Pra\u00e7a Deodoro, dia 9, \u00e0s 15h.<\/p>\n\n\n\n<h4 class=\"wp-block-heading\">Jo\u00e3o Pessoa (PB)<\/h4>\n\n\n\n<p>Busto de Tamba\u00fa, dia 8 \u00e0s, 15h.<\/p>\n\n\n\n<h4 class=\"wp-block-heading\">S\u00e3o Lu\u00eds (MA)<\/h4>\n\n\n\n<p>Pra\u00e7a Deodoro, dia 8, \u00e0s 15h.<\/p>\n\n\n\n<p>Norte<\/p>\n\n\n\n<h4 class=\"wp-block-heading\">Palmas (TO)<\/h4>\n\n\n\n<p>Feira da Aureny, dia 8, \u00e0s 7h.<\/p>\n\n\n\n<h4 class=\"wp-block-heading\">Boa Vista (RR)<\/h4>\n\n\n\n<p>Anfiteatro do Mini-terminal, dia 8, \u00e0s 18h.<\/p>\n\n\n\n<h4 class=\"wp-block-heading\">Bel\u00e9m (PA)<\/h4>\n\n\n\n<p>Pra\u00e7a Waldemar Henrique, dia 8, \u00e0s 9h.<\/p>\n\n\n\n<h4 class=\"wp-block-heading\">Macap\u00e1 (AP)<\/h4>\n\n\n\n<p>Pra\u00e7a Veiga Cabral, dia 8, \u00e0s 15h.<\/p>\n\n\n\n<h4 class=\"wp-block-heading\">Manaus (AM)<\/h4>\n\n\n\n<p>Largo S\u00e3o Sebasti\u00e3o, dia 6, \u00e0s 16h.<\/p>\n\n\n\n<p>Centro-Oeste<\/p>\n\n\n\n<h4 class=\"wp-block-heading\">Goi\u00e2nia (GO)<\/h4>\n\n\n\n<p>Faculdade de Educa\u00e7\u00e3o, no setor Leste Universit\u00e1rio, dia 7h, \u00e0s 15h.<\/p>\n\n\n\n<h4 class=\"wp-block-heading\">Cuiab\u00e1, (MT)<\/h4>\n\n\n\n<p>Pra\u00e7a Ulysses Guimar\u00e3es, dia 8, \u00e0s 16h.<\/p>\n\n\n\n<h4 class=\"wp-block-heading\">Bras\u00edlia (DF)<\/h4>\n\n\n\n<p>Pavilh\u00e3o do Parque da Cidade, dia 8, \u00e0s 7h.<\/p>\n\n\n\n<p>Sul<\/p>\n\n\n\n<h4 class=\"wp-block-heading\">Curitiba (PR)<\/h4>\n\n\n\n<p>Teatro Paiol, dia 8, \u00e0s 8h. Parolin, dia 8, \u00e0s 9h.<\/p>\n\n\n\n<h4 class=\"wp-block-heading\">Porto Alegre (RS)<\/h4>\n\n\n\n<p>Orla do Gas\u00f4metro, dia 8, \u00e0s 10h. Esquina Democr\u00e1tica, dia 9, \u00e0s 10h.&nbsp;<\/p>\n\n\n\n<h4 class=\"wp-block-heading\">Florian\u00f3polis (SC)<\/h4>\n\n\n\n<p>Cabeceira da Ponte Herc\u00edlio Luz, dia 8, 12h<\/p>\n\n\n\n<p>Edi\u00e7\u00e3o: Leandro Melito<\/p>\n","protected":false},"excerpt":{"rendered":"<p>Protestos est\u00e3o marcados para acontecer de norte a sul do pa\u00eds, das capitais \u00e0s cidades menores<\/p>\n","protected":false},"author":1,"featured_media":0,"comment_status":"closed","ping_status":"open","sticky":false,"template":"","format":"standard","meta":{"_exactmetrics_skip_tracking":false,"_exactmetrics_sitenote_active":false,"_exactmetrics_sitenote_note":"","_exactmetrics_sitenote_category":0,"jetpack_post_was_ever_published":false,"_jetpack_newsletter_access":"","_jetpack_dont_email_post_to_subs":false,"_jetpack_newsletter_tier_id":0,"_jetpack_memberships_contains_paywalled_content":false,"_jetpack_memberships_contains_paid_content":false,"footnotes":"","jetpack_publicize_message":"","jetpack_publicize_feature_enabled":true,"jetpack_social_post_already_shared":true,"jetpack_social_options":{"image_generator_settings":{"template":"highway","enabled":false},"version":2}},"categories":[1],"tags":[],"class_list":["post-26735","post","type-post","status-publish","format-standard","hentry","category-notas"],"jetpack_publicize_connections":[],"jetpack_sharing_enabled":true,"jetpack_featured_media_url":"","jetpack_shortlink":"https:\/\/wp.me\/p7wKYW-6Xd","jetpack-related-posts":[],"_links":{"self":[{"href":"http:\/\/blogdalucianaoliveira.com.br\/blog\/wp-json\/wp\/v2\/posts\/26735","targetHints":{"allow":["GET"]}}],"collection":[{"href":"http:\/\/blogdalucianaoliveira.com.br\/blog\/wp-json\/wp\/v2\/posts"}],"about":[{"href":"http:\/\/blogdalucianaoliveira.com.br\/blog\/wp-json\/wp\/v2\/types\/post"}],"author":[{"embeddable":true,"href":"http:\/\/blogdalucianaoliveira.com.br\/blog\/wp-json\/wp\/v2\/users\/1"}],"replies":[{"embeddable":true,"href":"http:\/\/blogdalucianaoliveira.com.br\/blog\/wp-json\/wp\/v2\/comments?post=26735"}],"version-history":[{"count":1,"href":"http:\/\/blogdalucianaoliveira.com.br\/blog\/wp-json\/wp\/v2\/posts\/26735\/revisions"}],"predecessor-version":[{"id":26736,"href":"http:\/\/blogdalucianaoliveira.com.br\/blog\/wp-json\/wp\/v2\/posts\/26735\/revisions\/26736"}],"wp:attachment":[{"href":"http:\/\/blogdalucianaoliveira.com.br\/blog\/wp-json\/wp\/v2\/media?parent=26735"}],"wp:term":[{"taxonomy":"category","embeddable":true,"href":"http:\/\/blogdalucianaoliveira.com.br\/blog\/wp-json\/wp\/v2\/categories?post=26735"},{"taxonomy":"post_tag","embeddable":true,"href":"http:\/\/blogdalucianaoliveira.com.br\/blog\/wp-json\/wp\/v2\/tags?post=26735"}],"curies":[{"name":"wp","href":"https:\/\/api.w.org\/{rel}","templated":true}]}}