{"id":26738,"date":"2020-03-05T16:52:33","date_gmt":"2020-03-05T20:52:33","guid":{"rendered":"http:\/\/blogdalucianaoliveira.com.br\/blog\/?p=26738"},"modified":"2020-03-05T16:52:42","modified_gmt":"2020-03-05T20:52:42","slug":"canta-mulher-e-realizado-em-porto-velho-com-quatro-dias-de-apresentacoes","status":"publish","type":"post","link":"http:\/\/blogdalucianaoliveira.com.br\/blog\/2020\/03\/05\/canta-mulher-e-realizado-em-porto-velho-com-quatro-dias-de-apresentacoes\/","title":{"rendered":"Canta Mulher \u00e9 realizado em Porto Velho com quatro dias de apresenta\u00e7\u00f5es"},"content":{"rendered":"\n<figure class=\"wp-block-image\"><img data-recalc-dims=\"1\" decoding=\"async\" src=\"https:\/\/i0.wp.com\/jhnoticias.com.br\/wp-content\/uploads\/2020\/03\/cant-amulher.jpg?w=600&#038;ssl=1\" alt=\"Projeto Canta Mulher leva ao palco o Show Musical Maria de Verdade\"\/><\/figure>\n\n\n\n<p>Programa\u00e7\u00e3o inicia na quinta-feira (5) com debate sobre mulher, ci\u00eancia e sociedade e encerra com o show &#8220;Maria de Verdade&#8221;. Evento ter\u00e1 palco aberto para participa\u00e7\u00e3o do p\u00fablico.<\/p>\n\n\n\n<!--more-->\n\n\n\n<p>No G1<\/p>\n\n\n\n<p>Em alus\u00e3o ao Dia Internacional da Mulher, um evento cultural ser\u00e1 realizado em Porto Velho com quatro dias de apresenta\u00e7\u00f5es. A 28\u00aa edi\u00e7\u00e3o do Canta Mulher tem in\u00edcio na pr\u00f3xima quinta-feira (5) e tem com destaque o show &#8220;Maria de Verdade&#8221;. A programa\u00e7\u00e3o encerra no domingo (8).<\/p>\n\n\n\n<p>Um f\u00f3rum ser\u00e1 realizado nos dois primeiros dias do evento com a participa\u00e7\u00e3o da professora doutora Berenice Tourinho e da m\u00e9dica ginecologista Ida Per\u00e9a Monteiro, que v\u00e3o discutir temas como ci\u00eancia, sa\u00fade e cultura.<\/p>\n\n\n\n<p>A programa\u00e7\u00e3o tamb\u00e9m conta com palco livre para apresenta\u00e7\u00f5es musicais, o Canta Comerci\u00e1ria e o show musical &#8220;Maria de Verdade&#8221;, que vai levar ao palco cantoras como: Carol Aguiar, Marcia Aguiar, Gabri\u00ea, Gina Beta, Luana Shokness, Charlene Marques, Ana Dantas, Anayole \u00caba, Silvia Pinheiro, Walnice, Sarah Gabriela, Maysa, Izabella Lima, Vanessa Farias, Anyr Celina, Geysi Debro e Ekaterina Marques.<\/p>\n\n\n\n<p>O Palco Vitrine e o Canta Comerci\u00e1ria ser\u00e3o realizados no Teatro 1 do Sesc Esplanada, localizado na Avenida Presidente Dutra, 4175, bairro Olaria. As apresenta\u00e7\u00f5es do Palco Livre e do show &#8220;Maria de Verdade&#8221; acontecem no shopping de Porto Velho, localizado na Av. Rio Madeira.<\/p>\n\n\n\n<h2 class=\"wp-block-heading\">Veja a programa\u00e7\u00e3o<\/h2>\n\n\n\n<p><strong>05\/03<\/strong><\/p>\n\n\n\n<ul class=\"wp-block-list\"><li><strong>19h30<\/strong>&nbsp;&#8211; Palco Vitrine: Mulher, Ci\u00eancia e Cultura\/Mulher, Sa\u00fade e Cultura<\/li><li><strong>20h<\/strong>&nbsp;&#8211; Show musical &#8220;Maria de Verdade&#8221;<\/li><\/ul>\n\n\n\n<p><strong>06\/03<\/strong><\/p>\n\n\n\n<ul class=\"wp-block-list\"><li><strong>18h30&nbsp;<\/strong>&#8211; Palco Livre Canta Mulher<\/li><li><strong>19h30&nbsp;<\/strong>&#8211; Palco Vitrine: Mulher, Ci\u00eancia e Cultura\/Mulher Sa\u00fade e Cultura<\/li><li><strong>20h<\/strong>&nbsp;&#8211; Show musical &#8220;Maria de Verdade&#8221;<\/li><\/ul>\n\n\n\n<p><strong>07\/03<\/strong><\/p>\n\n\n\n<ul class=\"wp-block-list\"><li><strong>18h30&nbsp;<\/strong>&#8211; Palco Livre Canta Mulher<\/li><li><strong>19h<\/strong>&nbsp;&#8211; Canta Comerci\u00e1ria<\/li><\/ul>\n\n\n\n<p><strong>08\/03<\/strong><\/p>\n\n\n\n<ul class=\"wp-block-list\"><li><strong>20h&nbsp;<\/strong>&#8211; Show musical &#8220;Maria de Verdade&#8221;<\/li><\/ul>\n","protected":false},"excerpt":{"rendered":"<p>Programa\u00e7\u00e3o inicia na quinta-feira (5) com debate sobre mulher, ci\u00eancia e sociedade e encerra com o show &#8220;Maria de Verdade&#8221;. Evento ter\u00e1 palco aberto para participa\u00e7\u00e3o do p\u00fablico.<\/p>\n","protected":false},"author":1,"featured_media":0,"comment_status":"closed","ping_status":"open","sticky":false,"template":"","format":"standard","meta":{"_exactmetrics_skip_tracking":false,"_exactmetrics_sitenote_active":false,"_exactmetrics_sitenote_note":"","_exactmetrics_sitenote_category":0,"jetpack_post_was_ever_published":false,"_jetpack_newsletter_access":"","_jetpack_dont_email_post_to_subs":false,"_jetpack_newsletter_tier_id":0,"_jetpack_memberships_contains_paywalled_content":false,"_jetpack_memberships_contains_paid_content":false,"footnotes":"","jetpack_publicize_message":"","jetpack_publicize_feature_enabled":true,"jetpack_social_post_already_shared":true,"jetpack_social_options":{"image_generator_settings":{"template":"highway","enabled":false},"version":2}},"categories":[1],"tags":[],"class_list":["post-26738","post","type-post","status-publish","format-standard","hentry","category-notas"],"jetpack_publicize_connections":[],"jetpack_sharing_enabled":true,"jetpack_featured_media_url":"","jetpack_shortlink":"https:\/\/wp.me\/p7wKYW-6Xg","jetpack-related-posts":[],"_links":{"self":[{"href":"http:\/\/blogdalucianaoliveira.com.br\/blog\/wp-json\/wp\/v2\/posts\/26738","targetHints":{"allow":["GET"]}}],"collection":[{"href":"http:\/\/blogdalucianaoliveira.com.br\/blog\/wp-json\/wp\/v2\/posts"}],"about":[{"href":"http:\/\/blogdalucianaoliveira.com.br\/blog\/wp-json\/wp\/v2\/types\/post"}],"author":[{"embeddable":true,"href":"http:\/\/blogdalucianaoliveira.com.br\/blog\/wp-json\/wp\/v2\/users\/1"}],"replies":[{"embeddable":true,"href":"http:\/\/blogdalucianaoliveira.com.br\/blog\/wp-json\/wp\/v2\/comments?post=26738"}],"version-history":[{"count":1,"href":"http:\/\/blogdalucianaoliveira.com.br\/blog\/wp-json\/wp\/v2\/posts\/26738\/revisions"}],"predecessor-version":[{"id":26739,"href":"http:\/\/blogdalucianaoliveira.com.br\/blog\/wp-json\/wp\/v2\/posts\/26738\/revisions\/26739"}],"wp:attachment":[{"href":"http:\/\/blogdalucianaoliveira.com.br\/blog\/wp-json\/wp\/v2\/media?parent=26738"}],"wp:term":[{"taxonomy":"category","embeddable":true,"href":"http:\/\/blogdalucianaoliveira.com.br\/blog\/wp-json\/wp\/v2\/categories?post=26738"},{"taxonomy":"post_tag","embeddable":true,"href":"http:\/\/blogdalucianaoliveira.com.br\/blog\/wp-json\/wp\/v2\/tags?post=26738"}],"curies":[{"name":"wp","href":"https:\/\/api.w.org\/{rel}","templated":true}]}}