{"id":26749,"date":"2020-03-06T10:49:27","date_gmt":"2020-03-06T14:49:27","guid":{"rendered":"http:\/\/blogdalucianaoliveira.com.br\/blog\/?p=26749"},"modified":"2020-03-06T10:49:34","modified_gmt":"2020-03-06T14:49:34","slug":"jornalistas-farao-protesto-dia-18-contra-ataques-de-bolsonaro","status":"publish","type":"post","link":"http:\/\/blogdalucianaoliveira.com.br\/blog\/2020\/03\/06\/jornalistas-farao-protesto-dia-18-contra-ataques-de-bolsonaro\/","title":{"rendered":"Jornalistas far\u00e3o protesto dia 18 contra ataques de Bolsonaro"},"content":{"rendered":"\n<figure class=\"wp-block-image size-large\"><img data-recalc-dims=\"1\" loading=\"lazy\" decoding=\"async\" width=\"500\" height=\"240\" data-attachment-id=\"26750\" data-permalink=\"http:\/\/blogdalucianaoliveira.com.br\/blog\/2020\/03\/06\/jornalistas-farao-protesto-dia-18-contra-ataques-de-bolsonaro\/image-14-5\/\" data-orig-file=\"https:\/\/i0.wp.com\/blogdalucianaoliveira.com.br\/blog\/wp-content\/uploads\/2020\/03\/image-14.jpeg?fit=500%2C240\" data-orig-size=\"500,240\" data-comments-opened=\"0\" data-image-meta=\"{&quot;aperture&quot;:&quot;0&quot;,&quot;credit&quot;:&quot;&quot;,&quot;camera&quot;:&quot;&quot;,&quot;caption&quot;:&quot;&quot;,&quot;created_timestamp&quot;:&quot;0&quot;,&quot;copyright&quot;:&quot;&quot;,&quot;focal_length&quot;:&quot;0&quot;,&quot;iso&quot;:&quot;0&quot;,&quot;shutter_speed&quot;:&quot;0&quot;,&quot;title&quot;:&quot;&quot;,&quot;orientation&quot;:&quot;0&quot;}\" data-image-title=\"image-14\" data-image-description=\"\" data-image-caption=\"\" data-medium-file=\"https:\/\/i0.wp.com\/blogdalucianaoliveira.com.br\/blog\/wp-content\/uploads\/2020\/03\/image-14.jpeg?fit=300%2C144\" data-large-file=\"https:\/\/i0.wp.com\/blogdalucianaoliveira.com.br\/blog\/wp-content\/uploads\/2020\/03\/image-14.jpeg?fit=500%2C240\" src=\"https:\/\/i0.wp.com\/blogdalucianaoliveira.com.br\/blog\/wp-content\/uploads\/2020\/03\/image-14.jpeg?resize=500%2C240\" alt=\"\" class=\"wp-image-26750\" srcset=\"https:\/\/i0.wp.com\/blogdalucianaoliveira.com.br\/blog\/wp-content\/uploads\/2020\/03\/image-14.jpeg?w=500 500w, https:\/\/i0.wp.com\/blogdalucianaoliveira.com.br\/blog\/wp-content\/uploads\/2020\/03\/image-14.jpeg?resize=300%2C144 300w\" sizes=\"auto, (max-width: 500px) 100vw, 500px\" \/><\/figure>\n\n\n\n<p>Na manifesta\u00e7\u00e3o, os jornalistas pretendem repetir o ato hist\u00f3rico feito por fot\u00f3grafos que cobriam o Pal\u00e1cio do Planalto, em 1984. Em protesto contra o tratamento dispensado pelo presidente da \u00e9poca, general Jo\u00e3o Figueiredo, cruzaram os bra\u00e7os e abaixaram as c\u00e2meras.<\/p>\n\n\n\n<!--more-->\n\n\n\n<p>No 247<\/p>\n\n\n\n<p><br>Sindicato dos Jornalistas Profissionais do Distrito Federal (SJPDF) est\u00e1 mobilizando os profissionais que fazem a cobertura do Planalto e do Congresso Nacional para um protesto na Esplanada dos Minist\u00e9rios em defesa do jornalismo e da democracia e em rep\u00fadio aos ataques \u00a0feitos pelo presidente Jair Bolsonaro (sem partido). O ato est\u00e1 marcado para o dia 18 de mar\u00e7o.<\/p>\n\n\n\n<figure class=\"wp-block-embed-twitter wp-block-embed is-type-rich is-provider-twitter\"><div class=\"wp-block-embed__wrapper\">\n<blockquote class=\"twitter-tweet\" data-width=\"550\" data-dnt=\"true\"><p lang=\"pt\" dir=\"ltr\">\ud83d\udce3 O Sindicato dos Jornalistas Profissionais do DF convoca a categoria a participar da manifesta\u00e7\u00e3o no dia 18\/3, em defesa dos servi\u00e7os p\u00fablicos, da educa\u00e7\u00e3o, pela democracia e contra os ataques que os jornalistas e as jornalistas v\u00eam sofrendo. Basta! \ud83d\udce2 <a href=\"https:\/\/t.co\/DrN9ulPE9B\">pic.twitter.com\/DrN9ulPE9B<\/a><\/p>&mdash; Sind. Jornalistas DF (@sjpdf) <a href=\"https:\/\/twitter.com\/sjpdf\/status\/1235625428997545984?ref_src=twsrc%5Etfw\">March 5, 2020<\/a><\/blockquote><script async src=\"https:\/\/platform.twitter.com\/widgets.js\" charset=\"utf-8\"><\/script>\n<\/div><\/figure>\n\n\n\n<p>Segundo i<a rel=\"noreferrer noopener\" target=\"_blank\" href=\"https:\/\/congressoemfoco.uol.com.br\/direitos-humanos\/jornalistas-farao-protesto-dia-18-contra-ataques-de-bolsonaro\/?utm_source=twitter&amp;utm_medium=social-media&amp;utm_content=geral&amp;utm_campaign=noticias\">nforma\u00a0<\/a>o portal Congresso em Foco, na manifesta\u00e7\u00e3o, os jornalistas pretendem repetir o ato hist\u00f3rico feito por fot\u00f3grafos que cobriam o Pal\u00e1cio do Planalto (onde despacha o presidente da Rep\u00fablica) em 1984. Em protesto contra o tratamento dispensado pelo presidente da \u00e9poca, general Jo\u00e3o Figueiredo, cruzaram os bra\u00e7os e abaixaram as c\u00e2meras, dando origem \u00e0 imagem hist\u00f3rica destacada acima.<\/p>\n","protected":false},"excerpt":{"rendered":"<p>Na manifesta\u00e7\u00e3o, os jornalistas pretendem repetir o ato hist\u00f3rico feito por fot\u00f3grafos que cobriam o Pal\u00e1cio do Planalto, em 1984. Em protesto contra o tratamento dispensado pelo presidente da \u00e9poca, general Jo\u00e3o Figueiredo, cruzaram os bra\u00e7os e abaixaram as c\u00e2meras.<\/p>\n","protected":false},"author":1,"featured_media":0,"comment_status":"closed","ping_status":"open","sticky":false,"template":"","format":"standard","meta":{"_exactmetrics_skip_tracking":false,"_exactmetrics_sitenote_active":false,"_exactmetrics_sitenote_note":"","_exactmetrics_sitenote_category":0,"jetpack_post_was_ever_published":false,"_jetpack_newsletter_access":"","_jetpack_dont_email_post_to_subs":false,"_jetpack_newsletter_tier_id":0,"_jetpack_memberships_contains_paywalled_content":false,"_jetpack_memberships_contains_paid_content":false,"footnotes":"","jetpack_publicize_message":"","jetpack_publicize_feature_enabled":true,"jetpack_social_post_already_shared":true,"jetpack_social_options":{"image_generator_settings":{"template":"highway","enabled":false},"version":2}},"categories":[1],"tags":[],"class_list":["post-26749","post","type-post","status-publish","format-standard","hentry","category-notas"],"jetpack_publicize_connections":[],"jetpack_sharing_enabled":true,"jetpack_featured_media_url":"","jetpack_shortlink":"https:\/\/wp.me\/p7wKYW-6Xr","jetpack-related-posts":[],"_links":{"self":[{"href":"http:\/\/blogdalucianaoliveira.com.br\/blog\/wp-json\/wp\/v2\/posts\/26749","targetHints":{"allow":["GET"]}}],"collection":[{"href":"http:\/\/blogdalucianaoliveira.com.br\/blog\/wp-json\/wp\/v2\/posts"}],"about":[{"href":"http:\/\/blogdalucianaoliveira.com.br\/blog\/wp-json\/wp\/v2\/types\/post"}],"author":[{"embeddable":true,"href":"http:\/\/blogdalucianaoliveira.com.br\/blog\/wp-json\/wp\/v2\/users\/1"}],"replies":[{"embeddable":true,"href":"http:\/\/blogdalucianaoliveira.com.br\/blog\/wp-json\/wp\/v2\/comments?post=26749"}],"version-history":[{"count":1,"href":"http:\/\/blogdalucianaoliveira.com.br\/blog\/wp-json\/wp\/v2\/posts\/26749\/revisions"}],"predecessor-version":[{"id":26751,"href":"http:\/\/blogdalucianaoliveira.com.br\/blog\/wp-json\/wp\/v2\/posts\/26749\/revisions\/26751"}],"wp:attachment":[{"href":"http:\/\/blogdalucianaoliveira.com.br\/blog\/wp-json\/wp\/v2\/media?parent=26749"}],"wp:term":[{"taxonomy":"category","embeddable":true,"href":"http:\/\/blogdalucianaoliveira.com.br\/blog\/wp-json\/wp\/v2\/categories?post=26749"},{"taxonomy":"post_tag","embeddable":true,"href":"http:\/\/blogdalucianaoliveira.com.br\/blog\/wp-json\/wp\/v2\/tags?post=26749"}],"curies":[{"name":"wp","href":"https:\/\/api.w.org\/{rel}","templated":true}]}}