{"id":2676,"date":"2016-07-29T12:24:47","date_gmt":"2016-07-29T16:24:47","guid":{"rendered":"http:\/\/blogdalucianaoliveira.com.br\/blog\/?p=2676"},"modified":"2016-07-29T12:24:47","modified_gmt":"2016-07-29T16:24:47","slug":"a-historia-nos-mostra-que-quando-se-perde-a-memoria-e-se-oculta-a-verdade-os-povos-voltam-a-repetir-as-tragedia-de-seu-passado","status":"publish","type":"post","link":"http:\/\/blogdalucianaoliveira.com.br\/blog\/2016\/07\/29\/a-historia-nos-mostra-que-quando-se-perde-a-memoria-e-se-oculta-a-verdade-os-povos-voltam-a-repetir-as-tragedia-de-seu-passado\/","title":{"rendered":"A hist\u00f3ria nos mostra que quando se perde a mem\u00f3ria e se oculta a verdade, os povos voltam a repetir as trag\u00e9dia de seu passado."},"content":{"rendered":"<p><img data-recalc-dims=\"1\" loading=\"lazy\" decoding=\"async\" data-attachment-id=\"2677\" data-permalink=\"http:\/\/blogdalucianaoliveira.com.br\/blog\/2016\/07\/29\/a-historia-nos-mostra-que-quando-se-perde-a-memoria-e-se-oculta-a-verdade-os-povos-voltam-a-repetir-as-tragedia-de-seu-passado\/image-608\/\" data-orig-file=\"https:\/\/i0.wp.com\/blogdalucianaoliveira.com.br\/blog\/wp-content\/uploads\/2016\/07\/image-158.jpeg?fit=500%2C294\" data-orig-size=\"500,294\" data-comments-opened=\"0\" data-image-meta=\"{&quot;aperture&quot;:&quot;0&quot;,&quot;credit&quot;:&quot;&quot;,&quot;camera&quot;:&quot;&quot;,&quot;caption&quot;:&quot;&quot;,&quot;created_timestamp&quot;:&quot;0&quot;,&quot;copyright&quot;:&quot;&quot;,&quot;focal_length&quot;:&quot;0&quot;,&quot;iso&quot;:&quot;0&quot;,&quot;shutter_speed&quot;:&quot;0&quot;,&quot;title&quot;:&quot;&quot;,&quot;orientation&quot;:&quot;0&quot;}\" data-image-title=\"image\" data-image-description=\"\" data-image-caption=\"\" data-medium-file=\"https:\/\/i0.wp.com\/blogdalucianaoliveira.com.br\/blog\/wp-content\/uploads\/2016\/07\/image-158.jpeg?fit=300%2C176\" data-large-file=\"https:\/\/i0.wp.com\/blogdalucianaoliveira.com.br\/blog\/wp-content\/uploads\/2016\/07\/image-158.jpeg?fit=500%2C294\" src=\"https:\/\/i0.wp.com\/blogdalucianaoliveira.com.br\/blog\/wp-content\/uploads\/2016\/07\/image-158.jpeg?resize=500%2C294\" alt=\"image\" width=\"500\" height=\"294\" class=\"alignnone size-full wp-image-2677\" srcset=\"https:\/\/i0.wp.com\/blogdalucianaoliveira.com.br\/blog\/wp-content\/uploads\/2016\/07\/image-158.jpeg?w=500 500w, https:\/\/i0.wp.com\/blogdalucianaoliveira.com.br\/blog\/wp-content\/uploads\/2016\/07\/image-158.jpeg?resize=300%2C176 300w\" sizes=\"auto, (max-width: 500px) 100vw, 500px\" \/><\/p>\n<p>Haja hoje pra tanto ontem. <!--more--><\/p>\n<p><img data-recalc-dims=\"1\" loading=\"lazy\" decoding=\"async\" data-attachment-id=\"2678\" data-permalink=\"http:\/\/blogdalucianaoliveira.com.br\/blog\/2016\/07\/29\/a-historia-nos-mostra-que-quando-se-perde-a-memoria-e-se-oculta-a-verdade-os-povos-voltam-a-repetir-as-tragedia-de-seu-passado\/image-609\/\" data-orig-file=\"https:\/\/i0.wp.com\/blogdalucianaoliveira.com.br\/blog\/wp-content\/uploads\/2016\/07\/image-159.jpeg?fit=468%2C314\" data-orig-size=\"468,314\" data-comments-opened=\"0\" data-image-meta=\"{&quot;aperture&quot;:&quot;0&quot;,&quot;credit&quot;:&quot;&quot;,&quot;camera&quot;:&quot;&quot;,&quot;caption&quot;:&quot;&quot;,&quot;created_timestamp&quot;:&quot;0&quot;,&quot;copyright&quot;:&quot;&quot;,&quot;focal_length&quot;:&quot;0&quot;,&quot;iso&quot;:&quot;0&quot;,&quot;shutter_speed&quot;:&quot;0&quot;,&quot;title&quot;:&quot;&quot;,&quot;orientation&quot;:&quot;0&quot;}\" data-image-title=\"image\" data-image-description=\"\" data-image-caption=\"\" data-medium-file=\"https:\/\/i0.wp.com\/blogdalucianaoliveira.com.br\/blog\/wp-content\/uploads\/2016\/07\/image-159.jpeg?fit=300%2C201\" data-large-file=\"https:\/\/i0.wp.com\/blogdalucianaoliveira.com.br\/blog\/wp-content\/uploads\/2016\/07\/image-159.jpeg?fit=468%2C314\" src=\"https:\/\/i0.wp.com\/blogdalucianaoliveira.com.br\/blog\/wp-content\/uploads\/2016\/07\/image-159.jpeg?resize=468%2C314\" alt=\"image\" width=\"468\" height=\"314\" class=\"alignnone size-full wp-image-2678\" srcset=\"https:\/\/i0.wp.com\/blogdalucianaoliveira.com.br\/blog\/wp-content\/uploads\/2016\/07\/image-159.jpeg?w=468 468w, https:\/\/i0.wp.com\/blogdalucianaoliveira.com.br\/blog\/wp-content\/uploads\/2016\/07\/image-159.jpeg?resize=300%2C201 300w, https:\/\/i0.wp.com\/blogdalucianaoliveira.com.br\/blog\/wp-content\/uploads\/2016\/07\/image-159.jpeg?resize=447%2C300 447w\" sizes=\"auto, (max-width: 468px) 100vw, 468px\" \/><\/p>\n<p>O sangue velho dos av\u00f3s <\/p>\n<figure id=\"attachment_2679\" aria-describedby=\"caption-attachment-2679\" style=\"width: 1345px\" class=\"wp-caption alignnone\"><img data-recalc-dims=\"1\" loading=\"lazy\" decoding=\"async\" data-attachment-id=\"2679\" data-permalink=\"http:\/\/blogdalucianaoliveira.com.br\/blog\/2016\/07\/29\/a-historia-nos-mostra-que-quando-se-perde-a-memoria-e-se-oculta-a-verdade-os-povos-voltam-a-repetir-as-tragedia-de-seu-passado\/64_57755b\/\" data-orig-file=\"https:\/\/i0.wp.com\/blogdalucianaoliveira.com.br\/blog\/wp-content\/uploads\/2016\/07\/image-160.jpeg?fit=1345%2C800\" data-orig-size=\"1345,800\" data-comments-opened=\"0\" data-image-meta=\"{&quot;aperture&quot;:&quot;0&quot;,&quot;credit&quot;:&quot;Autor desconhecido\\\/CPDoc JB&quot;,&quot;camera&quot;:&quot;Nikon SUPER COOLSCAN 5000 ED&quot;,&quot;caption&quot;:&quot;PASSEATA=BRASIL=Marcha da fam\\u00c3\\u00adlia com deus pela Liberdade 02.04.1964&quot;,&quot;created_timestamp&quot;:&quot;1395764956&quot;,&quot;copyright&quot;:&quot;&quot;,&quot;focal_length&quot;:&quot;0&quot;,&quot;iso&quot;:&quot;0&quot;,&quot;shutter_speed&quot;:&quot;0&quot;,&quot;title&quot;:&quot;64_57755B&quot;,&quot;orientation&quot;:&quot;1&quot;}\" data-image-title=\"64_57755B\" data-image-description=\"\" data-image-caption=\"&lt;p&gt;PASSEATA=BRASIL=Marcha da fam\u00c3\u00adlia com deus pela Liberdade 02.04.1964&lt;\/p&gt;\n\" data-medium-file=\"https:\/\/i0.wp.com\/blogdalucianaoliveira.com.br\/blog\/wp-content\/uploads\/2016\/07\/image-160.jpeg?fit=300%2C178\" data-large-file=\"https:\/\/i0.wp.com\/blogdalucianaoliveira.com.br\/blog\/wp-content\/uploads\/2016\/07\/image-160.jpeg?fit=600%2C357\" src=\"https:\/\/i0.wp.com\/blogdalucianaoliveira.com.br\/blog\/wp-content\/uploads\/2016\/07\/image-160.jpeg?resize=600%2C357\" alt=\"PASSEATA=BRASIL=Marcha da fam\u00c3\u00adlia com deus pela Liberdade 02.04.1964\" width=\"600\" height=\"357\" class=\"size-full wp-image-2679\" srcset=\"https:\/\/i0.wp.com\/blogdalucianaoliveira.com.br\/blog\/wp-content\/uploads\/2016\/07\/image-160.jpeg?w=1345 1345w, https:\/\/i0.wp.com\/blogdalucianaoliveira.com.br\/blog\/wp-content\/uploads\/2016\/07\/image-160.jpeg?resize=300%2C178 300w, https:\/\/i0.wp.com\/blogdalucianaoliveira.com.br\/blog\/wp-content\/uploads\/2016\/07\/image-160.jpeg?resize=504%2C300 504w, https:\/\/i0.wp.com\/blogdalucianaoliveira.com.br\/blog\/wp-content\/uploads\/2016\/07\/image-160.jpeg?w=1200 1200w\" sizes=\"auto, (max-width: 600px) 100vw, 600px\" \/><figcaption id=\"caption-attachment-2679\" class=\"wp-caption-text\">PASSEATA=BRASIL=Marcha da fam\u00c3\u00adlia com deus pela Liberdade 02.04.1964<\/figcaption><\/figure>\n","protected":false},"excerpt":{"rendered":"<p>Haja hoje pra tanto ontem.<\/p>\n","protected":false},"author":1,"featured_media":0,"comment_status":"closed","ping_status":"open","sticky":false,"template":"","format":"standard","meta":{"_exactmetrics_skip_tracking":false,"_exactmetrics_sitenote_active":false,"_exactmetrics_sitenote_note":"","_exactmetrics_sitenote_category":0,"jetpack_post_was_ever_published":false,"_jetpack_newsletter_access":"","_jetpack_dont_email_post_to_subs":false,"_jetpack_newsletter_tier_id":0,"_jetpack_memberships_contains_paywalled_content":false,"_jetpack_memberships_contains_paid_content":false,"footnotes":"","jetpack_publicize_message":"","jetpack_publicize_feature_enabled":true,"jetpack_social_post_already_shared":true,"jetpack_social_options":{"image_generator_settings":{"template":"highway","enabled":false},"version":2}},"categories":[1],"tags":[],"class_list":["post-2676","post","type-post","status-publish","format-standard","hentry","category-notas"],"jetpack_publicize_connections":[],"jetpack_sharing_enabled":true,"jetpack_featured_media_url":"","jetpack_shortlink":"https:\/\/wp.me\/p7wKYW-Ha","jetpack-related-posts":[],"_links":{"self":[{"href":"http:\/\/blogdalucianaoliveira.com.br\/blog\/wp-json\/wp\/v2\/posts\/2676","targetHints":{"allow":["GET"]}}],"collection":[{"href":"http:\/\/blogdalucianaoliveira.com.br\/blog\/wp-json\/wp\/v2\/posts"}],"about":[{"href":"http:\/\/blogdalucianaoliveira.com.br\/blog\/wp-json\/wp\/v2\/types\/post"}],"author":[{"embeddable":true,"href":"http:\/\/blogdalucianaoliveira.com.br\/blog\/wp-json\/wp\/v2\/users\/1"}],"replies":[{"embeddable":true,"href":"http:\/\/blogdalucianaoliveira.com.br\/blog\/wp-json\/wp\/v2\/comments?post=2676"}],"version-history":[{"count":1,"href":"http:\/\/blogdalucianaoliveira.com.br\/blog\/wp-json\/wp\/v2\/posts\/2676\/revisions"}],"predecessor-version":[{"id":2680,"href":"http:\/\/blogdalucianaoliveira.com.br\/blog\/wp-json\/wp\/v2\/posts\/2676\/revisions\/2680"}],"wp:attachment":[{"href":"http:\/\/blogdalucianaoliveira.com.br\/blog\/wp-json\/wp\/v2\/media?parent=2676"}],"wp:term":[{"taxonomy":"category","embeddable":true,"href":"http:\/\/blogdalucianaoliveira.com.br\/blog\/wp-json\/wp\/v2\/categories?post=2676"},{"taxonomy":"post_tag","embeddable":true,"href":"http:\/\/blogdalucianaoliveira.com.br\/blog\/wp-json\/wp\/v2\/tags?post=2676"}],"curies":[{"name":"wp","href":"https:\/\/api.w.org\/{rel}","templated":true}]}}