{"id":26771,"date":"2020-03-08T17:55:36","date_gmt":"2020-03-08T21:55:36","guid":{"rendered":"http:\/\/blogdalucianaoliveira.com.br\/blog\/?p=26771"},"modified":"2020-03-08T17:55:48","modified_gmt":"2020-03-08T21:55:48","slug":"8-de-marco-mulheres-defendem-direitos-e-gritam-fora-bolsonaro-em-todo-o-brasil","status":"publish","type":"post","link":"http:\/\/blogdalucianaoliveira.com.br\/blog\/2020\/03\/08\/8-de-marco-mulheres-defendem-direitos-e-gritam-fora-bolsonaro-em-todo-o-brasil\/","title":{"rendered":"8 de Mar\u00e7o: mulheres defendem direitos e gritam \u2018Fora Bolsonaro\u2019 em todo o Brasil"},"content":{"rendered":"\n<figure class=\"wp-block-image size-large\"><img data-recalc-dims=\"1\" loading=\"lazy\" decoding=\"async\" width=\"500\" height=\"240\" data-attachment-id=\"26772\" data-permalink=\"http:\/\/blogdalucianaoliveira.com.br\/blog\/2020\/03\/08\/8-de-marco-mulheres-defendem-direitos-e-gritam-fora-bolsonaro-em-todo-o-brasil\/image-18-5\/\" data-orig-file=\"https:\/\/i0.wp.com\/blogdalucianaoliveira.com.br\/blog\/wp-content\/uploads\/2020\/03\/image-18.jpeg?fit=500%2C240\" data-orig-size=\"500,240\" data-comments-opened=\"0\" data-image-meta=\"{&quot;aperture&quot;:&quot;0&quot;,&quot;credit&quot;:&quot;&quot;,&quot;camera&quot;:&quot;&quot;,&quot;caption&quot;:&quot;&quot;,&quot;created_timestamp&quot;:&quot;0&quot;,&quot;copyright&quot;:&quot;&quot;,&quot;focal_length&quot;:&quot;0&quot;,&quot;iso&quot;:&quot;0&quot;,&quot;shutter_speed&quot;:&quot;0&quot;,&quot;title&quot;:&quot;&quot;,&quot;orientation&quot;:&quot;0&quot;}\" data-image-title=\"image-18\" data-image-description=\"\" data-image-caption=\"\" data-medium-file=\"https:\/\/i0.wp.com\/blogdalucianaoliveira.com.br\/blog\/wp-content\/uploads\/2020\/03\/image-18.jpeg?fit=300%2C144\" data-large-file=\"https:\/\/i0.wp.com\/blogdalucianaoliveira.com.br\/blog\/wp-content\/uploads\/2020\/03\/image-18.jpeg?fit=500%2C240\" src=\"https:\/\/i0.wp.com\/blogdalucianaoliveira.com.br\/blog\/wp-content\/uploads\/2020\/03\/image-18.jpeg?resize=500%2C240\" alt=\"\" class=\"wp-image-26772\" srcset=\"https:\/\/i0.wp.com\/blogdalucianaoliveira.com.br\/blog\/wp-content\/uploads\/2020\/03\/image-18.jpeg?w=500 500w, https:\/\/i0.wp.com\/blogdalucianaoliveira.com.br\/blog\/wp-content\/uploads\/2020\/03\/image-18.jpeg?resize=300%2C144 300w\" sizes=\"auto, (max-width: 500px) 100vw, 500px\" \/><\/figure>\n\n\n\n<p><a target=\"_blank\" href=\"https:\/\/www.brasildefato.com.br\/2020\/03\/08\/contra-bolsonaro-por-marielle-e-pela-vida-8m-reune-milhares-de-mulheres-pelo-brasil\" rel=\"noreferrer noopener\"><strong>Brasil de Fato<\/strong><\/a><strong>&nbsp;&#8211;&nbsp;<\/strong>Milhares de mulheres, espalhadas por todo o Brasil, sa\u00edram \u00e0s ruas durante todo o domingo (08) por igualdade de direitos e contra a viol\u00eancia. Os atos aconteceram em diversas cidades do pa\u00eds desde o in\u00edcio da manh\u00e3. Os principais temas foram o fim da viol\u00eancia contra a mulher, fora Bolsonaro e direitos iguais. O assassinato da vereadora Marielle Franco, que completa dois anos no dia 14 de mar\u00e7o, tamb\u00e9m foi relembrado em diversas manifesta\u00e7\u00f5es.&nbsp;<\/p>\n\n\n\n<!--more-->\n\n\n\n<p>Em Bras\u00edlia, cerca de 5 mil mulheres estiveram na marcha do 8 de mar\u00e7o, levando para as ruas palavras de ordem contra a viol\u00eancia de g\u00eanero e o machismo do governo de Jair Bolsonaro (sem partido) e em defesa da descriminaliza\u00e7\u00e3o do aborto. Com o mote \u201cPela vida das mulheres, em defesa da democracia, contra o racismo e por direitos\u201d, o ato percorreu as ruas da capital, fazendo parada em frente ao Pal\u00e1cio do Buriti, e depois seguiu em dire\u00e7\u00e3o \u00e0 Pra\u00e7a da Torre.<\/p>\n\n\n\n<p>Acompanhada da filha, a estudante de doutorado Fernanda de Oliveira disse que sempre participa de manifesta\u00e7\u00f5es de rua quando a pauta \u00e9 o direito das mulheres. Para ela, nesse contexto pol\u00edtico, a mobiliza\u00e7\u00e3o \u00e9 mais importante do que nunca. &nbsp;<\/p>\n\n\n\n<p>\u201cTodos os avan\u00e7os de pol\u00edticas p\u00fablicas que tiveram nas \u00faltimas d\u00e9cadas est\u00e3o sendo desmontados. Ent\u00e3o, n\u00e3o podemos ficar dentro de casa, \u00e9 importante demonstrar nossa insatisfa\u00e7\u00e3o. Enquanto a gente se mantiver calada, vai ter impunidade e vai estar perdendo direito. Ent\u00e3o, quanto mais sairmos na rua, melhor\u201d, disse.<\/p>\n\n\n\n<p>O ato contou com a participa\u00e7\u00e3o de mais de 3,5 mil mulheres sem-terra, que est\u00e3o participando do I Encontro de Mulheres Sem Terra na capital federal, com pautas sobre a reforma agr\u00e1ria popular e a viol\u00eancia de g\u00eanero no campo. Para Kelly Mafort, da dire\u00e7\u00e3o nacional do MST, a participa\u00e7\u00e3o da marcha em Bras\u00edlia \u00e9 uma oportunidade de integrar as pautas das mulheres do campo e da cidade.&nbsp;<\/p>\n\n\n\n<p>\u201cEssa marcha de hoje ocorre justamente em um per\u00edodo de morte para as mulheres. No campo, as mulheres sofrem os impactos dessa pol\u00edtica, que \u00e9 machista, mis\u00f3gina, que violenta e assassina as mulheres. E s\u00e3o principalmente as mulheres que sofrem na ponta essas contradi\u00e7\u00f5es das reintegra\u00e7\u00f5es de posse e dos despejos e dessa for\u00e7a do latif\u00fandio. N\u00f3s estamos aqui denunciando isso\u201d, afirmou a militante.<\/p>\n\n\n\n<p>O ato em Bras\u00edlia foi finalizado por volta das 14h com falas pol\u00edticas de representantes de partidos e movimentos sociais no gramado da Pra\u00e7a da Torre.<\/p>\n\n\n\n<p><strong>Ato em Bel\u00e9m tem protesto contra ataques \u00e0s mulheres ind\u00edgenas<\/strong><\/p>\n\n\n\n<p>A concentra\u00e7\u00e3o tamb\u00e9m come\u00e7ou por volta das 9h em Bel\u00e9m (PA). Mais de 4 mil mulheres se reuniram na Pra\u00e7a Waldemar Henrique, para participar do ato pol\u00edtico-cultural organizado pela Frente Feminista do Par\u00e1. Para M\u00e3e de Nangetu, lideran\u00e7a afro religiosa, a manifesta\u00e7\u00e3o foi necess\u00e1ria para pontuar que as mulheres est\u00e3o contra os desmontes do governo.<\/p>\n\n\n\n<p>&#8220;N\u00f3s n\u00e3o concordamos com este governo que est\u00e1 nos massacrando. N\u00f3s n\u00e3o concordamos com os maus tratos, com os assassinatos de mulheres, da educa\u00e7\u00e3o perversa como est\u00e1, n\u00f3s n\u00e3o concordamos. Por isso que n\u00f3s estamos na rua nos manifestando e dizendo #ForaBolsonaro&#8221;, afirmou.<\/p>\n\n\n\n<p>Para a professora da Universidade Federal do Par\u00e1 (UFPA), &nbsp;Rosa Acevedo, o momento pelo qual passa o pa\u00eds pede que as mulheres se mobilizem e partam para a luta. &#8220;Neste 8 de mar\u00e7o de 2020, as mulheres brasileiras precisam estar na rua. \u00c9 necess\u00e1rio darmos a cara para contestar contra todos os ataques que se t\u00eam lan\u00e7ado contra as mulheres, as mulheres das comunidades tradicionais, as mulheres ind\u00edgenas. As decis\u00f5es do governo que t\u00eam atacado direitos fundamentais, direitos ao territ\u00f3rio, direito \u00e0 vida, \u00e0 sa\u00fade, \u00e0 sa\u00fade, direito \u00e0 educa\u00e7\u00e3o, que t\u00eam desconhecido a participa\u00e7\u00e3o pol\u00edtica das mulheres&#8221;, diz.&nbsp;<\/p>\n\n\n\n<p><strong>Militantes pedem fim da viol\u00eancia e sa\u00edda de Bolsonaro e Zema<\/strong><\/p>\n\n\n\n<p>Ainda durante a manh\u00e3, o ato de 8 de Mar\u00e7o em Curitiba (PR) ocorreu no bairro Parolin, periferia da cidade, e pediu por paz na favela. Maria Aparecida mora no local h\u00e1 27 anos e relembrou das m\u00e3es que choram por seus filhos devido \u00e0 viol\u00eancia na regi\u00e3o.&nbsp;<\/p>\n\n\n\n<p>J\u00e1 em Belo Horizonte (MG), o Ato do Dia Internacional de Luta das Mulheres saiu da Ocupa\u00e7\u00e3o P\u00e1tria Livre colorindo as ruas de lil\u00e1s contra o machismo, contra a viol\u00eancia e contra a retirada de direitos. Elas pediram pela sa\u00edda do presidente Jair Bolsonaro e do governador Romeu Zema (Partido Novo).&nbsp;<\/p>\n\n\n\n<p>Mulheres de diversas organiza\u00e7\u00f5es, movimentos sociais e partidos tamb\u00e9m sa\u00edram em luta por direitos, democracia e justi\u00e7a por Marielle Franco, em Palmas (TO).<\/p>\n\n\n\n<p><strong>Agenda conservadora do governo \u00e9 alvo de protestos em SP<\/strong><\/p>\n\n\n\n<p>Na capital paulista, o ato come\u00e7ou no in\u00edcio da tarde. Militantes da Marcha Mundial de Mulheres (MMM) gritaram \u201cfora Bolsonaro\u201d durante a 5\u00aa A\u00e7\u00e3o Internacional do movimento, na avenida Paulista, regi\u00e3o central da cidade. \u201cEsse ano a gente resolveu expressar que esse governo \u00e9 quem dirige toda a agenda neoliberal, antidemocr\u00e1tica e conservadora, al\u00e9m de trazer temas caros para a luta das mulheres, como o combate \u00e0 viol\u00eancia e a legaliza\u00e7\u00e3o do aborto\u201d, disse Nalu Faria, da coordena\u00e7\u00e3o nacional da MMM.<\/p>\n\n\n\n<p>Em Ribeir\u00e3o Preto, no interior de S\u00e3o Paulo, as atividades ocorreram no Parque Tom Jobim. Diferentes grupos e coletivos montaram uma programa\u00e7\u00e3o que colocou em foco a luta feminina pela ocupa\u00e7\u00e3o dos espa\u00e7os de lideran\u00e7a e pelo fim da viol\u00eancia de g\u00eanero. Atividades como yoga, aula de defesa pessoal, dan\u00e7a circular, conta\u00e7\u00e3o de hist\u00f3rias para mulheres, interven\u00e7\u00e3o po\u00e9tica e oficina de cartazes e de bordado foram oferecidas ao p\u00fablico.<\/p>\n\n\n\n<p>Al\u00e9m disso, durante todo o evento os coletivos ofereceram tendas de apoio jur\u00eddico, m\u00e9dico e psicol\u00f3gico \u00e0s mulheres. O ato contou, tamb\u00e9m com uma exposi\u00e7\u00e3o fotogr\u00e1fica sobre diversidade e a tenda da campanha &#8220;N\u00e3o quero veneno no meu prato&#8221;, sobre o elevado uso de agrot\u00f3xicos nos alimentos.<\/p>\n\n\n\n<p>Com o tema &#8220;Pela Vida das Mulheres contra o Fascismo, Machismo, Racismo e LGBTfobia, as atividades do 8M em Fortaleza (CE) come\u00e7aram por volta das 15h no entorno do Centro Drag\u00e3o do Mar. As atividades incluem rodas de conversa e oficinas, seguidas de um cortejo pela orla da capital cearense.&nbsp;<\/p>\n\n\n\n<p>Entidades e personalidades tamb\u00e9m publicaram ao longo do dia notas em apoio \u00e0 luta das mulheres. Confira abaixo, logo ap\u00f3s os v\u00eddeos e fotos das manifesta\u00e7\u00f5es divulgados nas redes sociais.\u00a0<a rel=\"noreferrer noopener\" target=\"_blank\" href=\"https:\/\/www.brasildefato.com.br\/minuto-a-minuto\/marco-de-luta-das-mulheres\">Acompanhe tamb\u00e9m o minuto a miuto do Brasil de Fato<\/a>\u00a0dos atos.<\/p>\n\n\n\n<figure class=\"wp-block-embed-twitter wp-block-embed is-type-rich is-provider-twitter\"><div class=\"wp-block-embed__wrapper\">\n<blockquote class=\"twitter-tweet\" data-width=\"550\" data-dnt=\"true\"><p lang=\"pt\" dir=\"ltr\">Entendeu? <a href=\"https:\/\/twitter.com\/hashtag\/8M2020?src=hash&amp;ref_src=twsrc%5Etfw\">#8M2020<\/a> <a href=\"https:\/\/twitter.com\/hashtag\/InternationalWomensDay?src=hash&amp;ref_src=twsrc%5Etfw\">#InternationalWomensDay<\/a> <a href=\"https:\/\/twitter.com\/hashtag\/diadasmulheres?src=hash&amp;ref_src=twsrc%5Etfw\">#diadasmulheres<\/a> <br><br>\ud83d\udcf7 Fotinha de Henrique Medeiros, M\u00eddia NINJA, em Bras\u00edlia <a href=\"https:\/\/t.co\/DggYx3fbe5\">pic.twitter.com\/DggYx3fbe5<\/a><\/p>&mdash; M\u00eddia NINJA (@MidiaNINJA) <a href=\"https:\/\/twitter.com\/MidiaNINJA\/status\/1236756103725297664?ref_src=twsrc%5Etfw\">March 8, 2020<\/a><\/blockquote><script async src=\"https:\/\/platform.twitter.com\/widgets.js\" charset=\"utf-8\"><\/script>\n<\/div><\/figure>\n\n\n\n<figure class=\"wp-block-embed-twitter wp-block-embed is-type-rich is-provider-twitter\"><div class=\"wp-block-embed__wrapper\">\n<blockquote class=\"twitter-tweet\" data-width=\"550\" data-dnt=\"true\"><p lang=\"pt\" dir=\"ltr\">Mulheres do campo do Projeto Popular enfrentam a chuva e o frio em SP. &quot;A soberania popular assegura ao povo o direito de lutar por seus interesses, bem como defender as riquezas e o patrim\u00f4nio nacional&quot;, diz manifesto. <a href=\"https:\/\/twitter.com\/hashtag\/diadasmulheres?src=hash&amp;ref_src=twsrc%5Etfw\">#diadasmulheres<\/a><br><br>Fotos: Guilherme Gandolfi \/ <a href=\"https:\/\/twitter.com\/levantepopular?ref_src=twsrc%5Etfw\">@levantepopular<\/a> <a href=\"https:\/\/t.co\/tWOuEPa5Zs\">pic.twitter.com\/tWOuEPa5Zs<\/a><\/p>&mdash; Brasil de Fato (@brasildefato) <a href=\"https:\/\/twitter.com\/brasildefato\/status\/1236743965124296709?ref_src=twsrc%5Etfw\">March 8, 2020<\/a><\/blockquote><script async src=\"https:\/\/platform.twitter.com\/widgets.js\" charset=\"utf-8\"><\/script>\n<\/div><figcaption><br><\/figcaption><\/figure>\n\n\n\n<figure class=\"wp-block-embed-twitter wp-block-embed is-type-rich is-provider-twitter\"><div class=\"wp-block-embed__wrapper\">\n<blockquote class=\"twitter-tweet\" data-width=\"550\" data-dnt=\"true\"><p lang=\"pt\" dir=\"ltr\">Machismo mata, feminismo liberta. 1.314 mulheres mortas pelo fato de serem mulheres \u2013 uma a cada 7 horas, em m\u00e9dia. Quando algu\u00e9m pergunta para o que precisamos de feminismo, mostre esses dados. <a href=\"https:\/\/twitter.com\/hashtag\/8M2020?src=hash&amp;ref_src=twsrc%5Etfw\">#8M2020<\/a> em Bel\u00e9m do Par\u00e1. Fotos: Lorena Fadul \/ M\u00eddia NINJA <a href=\"https:\/\/twitter.com\/hashtag\/diadasmulheres?src=hash&amp;ref_src=twsrc%5Etfw\">#diadasmulheres<\/a> <a href=\"https:\/\/t.co\/AaZkyLhszQ\">pic.twitter.com\/AaZkyLhszQ<\/a><\/p>&mdash; M\u00eddia NINJA (@MidiaNINJA) <a href=\"https:\/\/twitter.com\/MidiaNINJA\/status\/1236744020212269056?ref_src=twsrc%5Etfw\">March 8, 2020<\/a><\/blockquote><script async src=\"https:\/\/platform.twitter.com\/widgets.js\" charset=\"utf-8\"><\/script>\n<\/div><\/figure>\n\n\n\n<p><br><br><strong>Nota do Movimento dos Atingidos por Barragens<\/strong><\/p>\n\n\n\n<p><em>Neste 8 de mar\u00e7o, dia de luta das mulheres, as atingidas por barragens se colocam firmes contra a viol\u00eancia de g\u00eanero e na defesa da democracia e dos direitos.&nbsp;<\/em><\/p>\n\n\n\n<p><em>Sabemos que a data, carregada de significado hist\u00f3rico para a organiza\u00e7\u00e3o das mulheres no mundo, n\u00e3o \u00e9 motivo algum de comemora\u00e7\u00e3o, mas, sim, um momento de den\u00fancia das injusti\u00e7as.<\/em><\/p>\n\n\n\n<p><em>O Brasil, infelizmente, ainda \u00e9 um pa\u00eds extremamente machista onde h\u00e1 muitas quest\u00f5es a serem pautadas, desde a grave desigualdade salarial at\u00e9 o feminic\u00eddio &#8211; nosso pa\u00eds amarga o quinto lugar no ranking dos que mais matam mulheres.<\/em><\/p>\n\n\n\n<p><em>Neste sentido, no contexto de viola\u00e7\u00e3o de direitos das popula\u00e7\u00f5es atingidas, as mulheres tamb\u00e9m s\u00e3o afetadas de forma mais profunda, com a falta de reconhecimento na interlocu\u00e7\u00e3o com as empresas, o fim dos la\u00e7os familiares e comunit\u00e1rios, al\u00e9m do aumento da viol\u00eancia dom\u00e9stica e explora\u00e7\u00e3o sexual.&nbsp;<\/em><\/p>\n\n\n\n<p><em>N\u00f3s, mulheres, queremos ficar vivas. Em defesa da vida, lembramos de nossas companheiras lutadoras que se foram: Dilma Ferreira, Nicinha, Berta C\u00e1rceres, Marielle Franco e tantas outras mortas de forma violenta na luta por um mundo mais justo.&nbsp;<\/em><\/p>\n\n\n\n<p><em>Com o atual governo, a vida das mulheres se torna, cada dia, mais dif\u00edcil com aumento do desemprego, cortes em sa\u00fade e educa\u00e7\u00e3o, al\u00e9m dos claros ataques e demonstra\u00e7\u00f5es de \u00f3dio pela exist\u00eancia feminina. &nbsp;<\/em><\/p>\n\n\n\n<p><em>Sinal claro do amplo retrocesso que estamos vivendo \u00e9 a latente necessidade em pautar a democracia, cotidianamente amea\u00e7ada pelo pr\u00f3prio presidente.&nbsp;<\/em><\/p>\n\n\n\n<p><em>N\u00e3o descansaremos at\u00e9 que todas sejamos livres. Somos mulheres, somos atingidas, somos resist\u00eancia, estamos em luta. E que este 8 de mar\u00e7o inspire nossas pr\u00f3ximas batalhas.<\/em><\/p>\n\n\n\n<p><em>Mulheres, \u00e1gua e energia n\u00e3o s\u00e3o mercadoria!&nbsp;<\/em><br><\/p>\n\n\n\n<p><strong>Nota Oficial do ex-presidente Luiz In\u00e1cio Lula da Silva<\/strong><\/p>\n\n\n\n<p><em>Hoje, milh\u00f5es de mulheres v\u00e3o \u00e0s ruas em todo o mundo lutar por bandeiras de igualdade. Elas est\u00e3o nas ruas por igualdade de direitos, de sal\u00e1rio, de oportunidades e, sobretudo, pelo direito \u00e0 pr\u00f3pria exist\u00eancia. Uma coisa t\u00e3o cara como a vida \u00e9 negada a uma mulher a cada 7 horas no Brasil. Uma mulher a cada 7 horas. Esse \u00e9 o n\u00famero de feminic\u00eddios em nosso pa\u00eds, onde, apenas em 2019, o machismo assassinou 1.314 mulheres, incentivado por um governo que naturaliza a viol\u00eancia.<\/em><\/p>\n\n\n\n<p><em>Neste dia que nos convoca \u00e0 reflex\u00e3o e \u00e0 luta, quero lembrar de uma mulher que h\u00e1 725 dias teve a vida encerrada justamente por encarnar a luta e os ideais das mulheres que sonham com um mundo mais igual: Marielle Franco.<\/em><\/p>\n\n\n\n<p><em>Buscar justi\u00e7a para Marielle e por todas as Marielles que incomodam por sua for\u00e7a, que incomodam por saber seu lugar e fazer quest\u00e3o de ocupa-lo, \u00e9 um dever de todos n\u00f3s.<\/em><\/p>\n\n\n\n<p><em>Eu me somo, ao lado de nosso partido que j\u00e1 levou uma mulher ao mais alto posto da Rep\u00fablica e \u00e9 presidido por uma, na luta por um mundo onde as pessoas n\u00e3o sejam subjugadas por seu g\u00eanero. Em nossa busca permanente e inegoci\u00e1vel por igualdade e justi\u00e7a social.<\/em><\/p>\n\n\n\n<p><em>Lula<\/em><\/p>\n","protected":false},"excerpt":{"rendered":"<p>Brasil de Fato&nbsp;&#8211;&nbsp;Milhares de mulheres, espalhadas por todo o Brasil, sa\u00edram \u00e0s ruas durante todo o domingo (08) por igualdade de direitos e contra a viol\u00eancia. Os atos aconteceram em diversas cidades do pa\u00eds desde o in\u00edcio da manh\u00e3. Os principais temas foram o fim da viol\u00eancia contra a mulher, fora Bolsonaro e direitos iguais&#8230;.<a class=\"more-link\" href=\"http:\/\/blogdalucianaoliveira.com.br\/blog\/2020\/03\/08\/8-de-marco-mulheres-defendem-direitos-e-gritam-fora-bolsonaro-em-todo-o-brasil\/\">Continue a leitura <span class=\"meta-nav\">&raquo;<\/span><\/a><\/p>\n","protected":false},"author":1,"featured_media":0,"comment_status":"closed","ping_status":"open","sticky":false,"template":"","format":"standard","meta":{"_exactmetrics_skip_tracking":false,"_exactmetrics_sitenote_active":false,"_exactmetrics_sitenote_note":"","_exactmetrics_sitenote_category":0,"jetpack_post_was_ever_published":false,"_jetpack_newsletter_access":"","_jetpack_dont_email_post_to_subs":false,"_jetpack_newsletter_tier_id":0,"_jetpack_memberships_contains_paywalled_content":false,"_jetpack_memberships_contains_paid_content":false,"footnotes":"","jetpack_publicize_message":"","jetpack_publicize_feature_enabled":true,"jetpack_social_post_already_shared":true,"jetpack_social_options":{"image_generator_settings":{"template":"highway","enabled":false},"version":2}},"categories":[1],"tags":[],"class_list":["post-26771","post","type-post","status-publish","format-standard","hentry","category-notas"],"jetpack_publicize_connections":[],"jetpack_sharing_enabled":true,"jetpack_featured_media_url":"","jetpack_shortlink":"https:\/\/wp.me\/p7wKYW-6XN","jetpack-related-posts":[],"_links":{"self":[{"href":"http:\/\/blogdalucianaoliveira.com.br\/blog\/wp-json\/wp\/v2\/posts\/26771","targetHints":{"allow":["GET"]}}],"collection":[{"href":"http:\/\/blogdalucianaoliveira.com.br\/blog\/wp-json\/wp\/v2\/posts"}],"about":[{"href":"http:\/\/blogdalucianaoliveira.com.br\/blog\/wp-json\/wp\/v2\/types\/post"}],"author":[{"embeddable":true,"href":"http:\/\/blogdalucianaoliveira.com.br\/blog\/wp-json\/wp\/v2\/users\/1"}],"replies":[{"embeddable":true,"href":"http:\/\/blogdalucianaoliveira.com.br\/blog\/wp-json\/wp\/v2\/comments?post=26771"}],"version-history":[{"count":1,"href":"http:\/\/blogdalucianaoliveira.com.br\/blog\/wp-json\/wp\/v2\/posts\/26771\/revisions"}],"predecessor-version":[{"id":26773,"href":"http:\/\/blogdalucianaoliveira.com.br\/blog\/wp-json\/wp\/v2\/posts\/26771\/revisions\/26773"}],"wp:attachment":[{"href":"http:\/\/blogdalucianaoliveira.com.br\/blog\/wp-json\/wp\/v2\/media?parent=26771"}],"wp:term":[{"taxonomy":"category","embeddable":true,"href":"http:\/\/blogdalucianaoliveira.com.br\/blog\/wp-json\/wp\/v2\/categories?post=26771"},{"taxonomy":"post_tag","embeddable":true,"href":"http:\/\/blogdalucianaoliveira.com.br\/blog\/wp-json\/wp\/v2\/tags?post=26771"}],"curies":[{"name":"wp","href":"https:\/\/api.w.org\/{rel}","templated":true}]}}