{"id":26774,"date":"2020-03-08T18:26:15","date_gmt":"2020-03-08T22:26:15","guid":{"rendered":"http:\/\/blogdalucianaoliveira.com.br\/blog\/?p=26774"},"modified":"2020-03-08T18:26:24","modified_gmt":"2020-03-08T22:26:24","slug":"bolsonaro-nao-e-cristao-coisa-nenhuma-dizem-evangelicas-em-protesto-na-paulista","status":"publish","type":"post","link":"http:\/\/blogdalucianaoliveira.com.br\/blog\/2020\/03\/08\/bolsonaro-nao-e-cristao-coisa-nenhuma-dizem-evangelicas-em-protesto-na-paulista\/","title":{"rendered":"Bolsonaro n\u00e3o \u00e9 crist\u00e3o coisa nenhuma, dizem evang\u00e9licas em protesto na Paulista"},"content":{"rendered":"\n<figure class=\"wp-block-image size-large\"><img data-recalc-dims=\"1\" loading=\"lazy\" decoding=\"async\" width=\"600\" height=\"400\" data-attachment-id=\"26775\" data-permalink=\"http:\/\/blogdalucianaoliveira.com.br\/blog\/2020\/03\/08\/bolsonaro-nao-e-cristao-coisa-nenhuma-dizem-evangelicas-em-protesto-na-paulista\/image-19-5\/\" data-orig-file=\"https:\/\/i0.wp.com\/blogdalucianaoliveira.com.br\/blog\/wp-content\/uploads\/2020\/03\/image-19.jpeg?fit=1024%2C682\" data-orig-size=\"1024,682\" data-comments-opened=\"0\" data-image-meta=\"{&quot;aperture&quot;:&quot;0&quot;,&quot;credit&quot;:&quot;&quot;,&quot;camera&quot;:&quot;&quot;,&quot;caption&quot;:&quot;&quot;,&quot;created_timestamp&quot;:&quot;0&quot;,&quot;copyright&quot;:&quot;&quot;,&quot;focal_length&quot;:&quot;0&quot;,&quot;iso&quot;:&quot;0&quot;,&quot;shutter_speed&quot;:&quot;0&quot;,&quot;title&quot;:&quot;&quot;,&quot;orientation&quot;:&quot;0&quot;}\" data-image-title=\"image-19\" data-image-description=\"\" data-image-caption=\"\" data-medium-file=\"https:\/\/i0.wp.com\/blogdalucianaoliveira.com.br\/blog\/wp-content\/uploads\/2020\/03\/image-19.jpeg?fit=300%2C200\" data-large-file=\"https:\/\/i0.wp.com\/blogdalucianaoliveira.com.br\/blog\/wp-content\/uploads\/2020\/03\/image-19.jpeg?fit=600%2C400\" src=\"https:\/\/i0.wp.com\/blogdalucianaoliveira.com.br\/blog\/wp-content\/uploads\/2020\/03\/image-19.jpeg?resize=600%2C400\" alt=\"\" class=\"wp-image-26775\" srcset=\"https:\/\/i0.wp.com\/blogdalucianaoliveira.com.br\/blog\/wp-content\/uploads\/2020\/03\/image-19.jpeg?w=1024 1024w, https:\/\/i0.wp.com\/blogdalucianaoliveira.com.br\/blog\/wp-content\/uploads\/2020\/03\/image-19.jpeg?resize=300%2C200 300w, https:\/\/i0.wp.com\/blogdalucianaoliveira.com.br\/blog\/wp-content\/uploads\/2020\/03\/image-19.jpeg?resize=768%2C512 768w, https:\/\/i0.wp.com\/blogdalucianaoliveira.com.br\/blog\/wp-content\/uploads\/2020\/03\/image-19.jpeg?resize=450%2C300 450w\" sizes=\"auto, (max-width: 600px) 100vw, 600px\" \/><\/figure>\n\n\n\n<p>Coletivo formado por nove organiza\u00e7\u00f5es religiosas participa de manifesta\u00e7\u00e3o pelo Dia Internacional da Mulher<\/p>\n\n\n\n<!--more-->\n\n\n\n<p><strong><a href=\"https:\/\/www1.folha.uol.com.br\/autores\/julia-zaremba.shtml\">J\u00falia Zaremba<\/a><\/strong><br>Folha de S\u00e3o Paulo <\/p>\n\n\n\n<p>Um coletivo formado por nove organiza\u00e7\u00f5es religiosas entoava \u201cquem \u00e9 crist\u00e3o n\u00e3o apoia a ditadura, Bolsonaro n\u00e3o \u00e9 crist\u00e3o coisa nenhuma\u201d na manifesta\u00e7\u00e3o pelo&nbsp;<a href=\"https:\/\/www1.folha.uol.com.br\/mulher\/\">Dia Internacional da Mulher<\/a>, celebrado neste domingo (8), na avenida Paulista, centro de S\u00e3o Paulo.<\/p>\n\n\n\n<p>Integrante do grupo Evang\u00e9licas pela Igualdade de G\u00eanero, a assistente social Priscila Queiroz, 31, diz que veio lutar contra o governo, o machismo e o patriarcado.<\/p>\n\n\n\n<p>\u201cViemos porque \u00e9 importante mostrar que o Bolsonaro n\u00e3o representa todos os evang\u00e9licos e as evang\u00e9licas, ao contr\u00e1rio do que a maioria das pessoas pensa\u201d, diz.<\/p>\n\n\n\n<p>A tamb\u00e9m assistente social Michelle Dias, 34, foi mostrar que \u201cnem todo evang\u00e9lico \u00e9 conservador.\u201d<\/p>\n\n\n\n<p>\u201cO mandamento que Jesus trouxe foi o amor, o acolhimento. Qualquer ato que desumaniza o outro, como homofobia, racismo, misoginia e xenofobia, n\u00f3s compreendemos como pecado estrutural.\u201d<\/p>\n\n\n\n<p>Os evang\u00e9licos s\u00e3o considerados um dos pilares da base de apoio do governo Bolsonaro, mas&nbsp;<a href=\"https:\/\/www1.folha.uol.com.br\/poder\/2020\/03\/feministas-evangelicas-tentam-romper-preconceito-nas-igrejas-e-rotulo-de-esquerdistas.shtml\">f<\/a><a href=\"https:\/\/www1.folha.uol.com.br\/poder\/2020\/03\/feministas-evangelicas-tentam-romper-preconceito-nas-igrejas-e-rotulo-de-esquerdistas.shtml\">eministas evang\u00e9licas t\u00eam tentando romper preconceito<\/a>&nbsp;nas igrejas e a imagem de esquerdistas.<\/p>\n\n\n\n<p>Elas s\u00e3o minoria no segmento evang\u00e9lico. Pesquisa Datafolha&nbsp;<a href=\"https:\/\/www1.folha.uol.com.br\/poder\/2020\/01\/cara-tipica-do-evangelico-brasileiro-e-feminina-e-negra-aponta-datafolha.shtml\">divulgada em abril de 2019<\/a>&nbsp;mostra que 32% delas se dizem feministas, ante 40% das cat\u00f3licas e 57% entre mulheres que n\u00e3o t\u00eam religi\u00e3o.<\/p>\n","protected":false},"excerpt":{"rendered":"<p>Coletivo formado por nove organiza\u00e7\u00f5es religiosas participa de manifesta\u00e7\u00e3o pelo Dia Internacional da Mulher<\/p>\n","protected":false},"author":1,"featured_media":0,"comment_status":"closed","ping_status":"open","sticky":false,"template":"","format":"standard","meta":{"_exactmetrics_skip_tracking":false,"_exactmetrics_sitenote_active":false,"_exactmetrics_sitenote_note":"","_exactmetrics_sitenote_category":0,"jetpack_post_was_ever_published":false,"_jetpack_newsletter_access":"","_jetpack_dont_email_post_to_subs":false,"_jetpack_newsletter_tier_id":0,"_jetpack_memberships_contains_paywalled_content":false,"_jetpack_memberships_contains_paid_content":false,"footnotes":"","jetpack_publicize_message":"","jetpack_publicize_feature_enabled":true,"jetpack_social_post_already_shared":true,"jetpack_social_options":{"image_generator_settings":{"template":"highway","enabled":false},"version":2}},"categories":[1],"tags":[],"class_list":["post-26774","post","type-post","status-publish","format-standard","hentry","category-notas"],"jetpack_publicize_connections":[],"jetpack_sharing_enabled":true,"jetpack_featured_media_url":"","jetpack_shortlink":"https:\/\/wp.me\/p7wKYW-6XQ","jetpack-related-posts":[],"_links":{"self":[{"href":"http:\/\/blogdalucianaoliveira.com.br\/blog\/wp-json\/wp\/v2\/posts\/26774","targetHints":{"allow":["GET"]}}],"collection":[{"href":"http:\/\/blogdalucianaoliveira.com.br\/blog\/wp-json\/wp\/v2\/posts"}],"about":[{"href":"http:\/\/blogdalucianaoliveira.com.br\/blog\/wp-json\/wp\/v2\/types\/post"}],"author":[{"embeddable":true,"href":"http:\/\/blogdalucianaoliveira.com.br\/blog\/wp-json\/wp\/v2\/users\/1"}],"replies":[{"embeddable":true,"href":"http:\/\/blogdalucianaoliveira.com.br\/blog\/wp-json\/wp\/v2\/comments?post=26774"}],"version-history":[{"count":1,"href":"http:\/\/blogdalucianaoliveira.com.br\/blog\/wp-json\/wp\/v2\/posts\/26774\/revisions"}],"predecessor-version":[{"id":26776,"href":"http:\/\/blogdalucianaoliveira.com.br\/blog\/wp-json\/wp\/v2\/posts\/26774\/revisions\/26776"}],"wp:attachment":[{"href":"http:\/\/blogdalucianaoliveira.com.br\/blog\/wp-json\/wp\/v2\/media?parent=26774"}],"wp:term":[{"taxonomy":"category","embeddable":true,"href":"http:\/\/blogdalucianaoliveira.com.br\/blog\/wp-json\/wp\/v2\/categories?post=26774"},{"taxonomy":"post_tag","embeddable":true,"href":"http:\/\/blogdalucianaoliveira.com.br\/blog\/wp-json\/wp\/v2\/tags?post=26774"}],"curies":[{"name":"wp","href":"https:\/\/api.w.org\/{rel}","templated":true}]}}