{"id":26777,"date":"2020-03-08T19:59:26","date_gmt":"2020-03-08T23:59:26","guid":{"rendered":"http:\/\/blogdalucianaoliveira.com.br\/blog\/?p=26777"},"modified":"2020-03-08T19:59:31","modified_gmt":"2020-03-08T23:59:31","slug":"o-machismo-e-sombra-de-toda-mulher-durante-toda-a-vida","status":"publish","type":"post","link":"http:\/\/blogdalucianaoliveira.com.br\/blog\/2020\/03\/08\/o-machismo-e-sombra-de-toda-mulher-durante-toda-a-vida\/","title":{"rendered":"O machismo \u00e9 sombra de toda mulher durante toda a vida"},"content":{"rendered":"\n<figure class=\"wp-block-image size-large\"><img loading=\"lazy\" decoding=\"async\" width=\"765\" height=\"1280\" data-attachment-id=\"26778\" data-permalink=\"http:\/\/blogdalucianaoliveira.com.br\/blog\/2020\/03\/08\/o-machismo-e-sombra-de-toda-mulher-durante-toda-a-vida\/0a684f38-6d35-4c2c-9aec-4bff0f43885d\/\" data-orig-file=\"https:\/\/i0.wp.com\/blogdalucianaoliveira.com.br\/blog\/wp-content\/uploads\/2020\/03\/0A684F38-6D35-4C2C-9AEC-4BFF0F43885D.jpeg?fit=765%2C1280\" data-orig-size=\"765,1280\" data-comments-opened=\"0\" data-image-meta=\"{&quot;aperture&quot;:&quot;0&quot;,&quot;credit&quot;:&quot;&quot;,&quot;camera&quot;:&quot;&quot;,&quot;caption&quot;:&quot;&quot;,&quot;created_timestamp&quot;:&quot;0&quot;,&quot;copyright&quot;:&quot;&quot;,&quot;focal_length&quot;:&quot;0&quot;,&quot;iso&quot;:&quot;0&quot;,&quot;shutter_speed&quot;:&quot;0&quot;,&quot;title&quot;:&quot;&quot;,&quot;orientation&quot;:&quot;0&quot;}\" data-image-title=\"0A684F38-6D35-4C2C-9AEC-4BFF0F43885D\" data-image-description=\"\" data-image-caption=\"\" data-medium-file=\"https:\/\/i0.wp.com\/blogdalucianaoliveira.com.br\/blog\/wp-content\/uploads\/2020\/03\/0A684F38-6D35-4C2C-9AEC-4BFF0F43885D.jpeg?fit=179%2C300\" data-large-file=\"https:\/\/i0.wp.com\/blogdalucianaoliveira.com.br\/blog\/wp-content\/uploads\/2020\/03\/0A684F38-6D35-4C2C-9AEC-4BFF0F43885D.jpeg?fit=600%2C1004\" src=\"https:\/\/i2.wp.com\/blogdalucianaoliveira.com.br\/blog\/wp-content\/uploads\/2020\/03\/0A684F38-6D35-4C2C-9AEC-4BFF0F43885D.jpeg?fit=600%2C1004\" alt=\"\" class=\"wp-image-26778\" srcset=\"https:\/\/i0.wp.com\/blogdalucianaoliveira.com.br\/blog\/wp-content\/uploads\/2020\/03\/0A684F38-6D35-4C2C-9AEC-4BFF0F43885D.jpeg?w=765 765w, https:\/\/i0.wp.com\/blogdalucianaoliveira.com.br\/blog\/wp-content\/uploads\/2020\/03\/0A684F38-6D35-4C2C-9AEC-4BFF0F43885D.jpeg?resize=179%2C300 179w, https:\/\/i0.wp.com\/blogdalucianaoliveira.com.br\/blog\/wp-content\/uploads\/2020\/03\/0A684F38-6D35-4C2C-9AEC-4BFF0F43885D.jpeg?resize=612%2C1024 612w\" sizes=\"auto, (max-width: 600px) 100vw, 600px\" \/><\/figure>\n\n\n\n<p>Se hoje consigo enxergar, evitar ou me defender de um machista, \u00e9 porque fui lapidada por v\u00e1rios desde que nasci. <\/p>\n\n\n\n<p>Fui facetada por professor, padre, namorado, ex-marido, patr\u00e3o, desembargador, policial, m\u00e9dico e por tantos outros homens que tentaram me dar cor, brilho e transpar\u00eancia com ferramentas machistas e padr\u00f5es de inferioridade. <\/p>\n\n\n\n<!--more-->\n\n\n\n<p>O machismo desencadeia v\u00e1rias formas de viol\u00eancia, nega direitos e coloca em risco a vida das mulheres. <\/p>\n\n\n\n<p>Inferioriza para calar, subjugar e concentrar o poder de dizer e fazer aos homens. <\/p>\n\n\n\n<p>Nenhuma mulher escapa dos golpes do orgulho masculino t\u00f3xico. <\/p>\n\n\n\n<p>A que luta  \u201cpor um mundo onde sejamos socialmente iguais, humanamente diferentes e totalmente livres\u201d \u00e9 a mulher que se torna mulher fora do padr\u00e3o patriarcal imposto, como sugeriu Rosa. <\/p>\n\n\n\n<p>Beauvoir faz raiva a tantos pelo que escreveu h\u00e1 mais de 7 d\u00e9cadas, porque desafiou as mulheres a romperem com o cabresto do machismo. <br>\nA mulher n\u00e3o pode aceitar ser tratada como inferior ao homem em aspectos f\u00edsicos, intelectuais e sociais por ser mulher. <\/p>\n\n\n\n<p>\u201cNenhum destino biol\u00f3gico, ps\u00edquico, econ\u00f4mico define a forma que a f\u00eamea humana assume no seio da sociedade; \u00e9 o conjunto da civiliza\u00e7\u00e3o que elabora esse produto intermedi\u00e1rio entre o macho e o castrado, que qualificam de feminino.\u201d<\/p>\n\n\n\n<p>N\u00e3o podemos mais aceitar e reproduzir o determinismo biol\u00f3gico quanto aos ideais de maternidade e feminilidade. <\/p>\n\n\n\n<p>Nos lapidaram com machismo e com o brilho que n\u00e3o conseguiram extrair \u00e0 for\u00e7a, revelaremos cada vez mais nossa grandeza.<\/p>\n","protected":false},"excerpt":{"rendered":"<p>Se hoje consigo enxergar, evitar ou me defender de um machista, \u00e9 porque fui lapidada por v\u00e1rios desde que nasci. Fui facetada por professor, padre, namorado, ex-marido, patr\u00e3o, desembargador, policial, m\u00e9dico e por tantos outros homens que tentaram me dar cor, brilho e transpar\u00eancia com ferramentas machistas e padr\u00f5es de inferioridade.<\/p>\n","protected":false},"author":1,"featured_media":0,"comment_status":"closed","ping_status":"open","sticky":false,"template":"","format":"standard","meta":{"_exactmetrics_skip_tracking":false,"_exactmetrics_sitenote_active":false,"_exactmetrics_sitenote_note":"","_exactmetrics_sitenote_category":0,"jetpack_post_was_ever_published":false,"_jetpack_newsletter_access":"","_jetpack_dont_email_post_to_subs":false,"_jetpack_newsletter_tier_id":0,"_jetpack_memberships_contains_paywalled_content":false,"_jetpack_memberships_contains_paid_content":false,"footnotes":"","jetpack_publicize_message":"","jetpack_publicize_feature_enabled":true,"jetpack_social_post_already_shared":true,"jetpack_social_options":{"image_generator_settings":{"template":"highway","enabled":false},"version":2}},"categories":[1],"tags":[],"class_list":["post-26777","post","type-post","status-publish","format-standard","hentry","category-notas"],"jetpack_publicize_connections":[],"jetpack_sharing_enabled":true,"jetpack_featured_media_url":"","jetpack_shortlink":"https:\/\/wp.me\/p7wKYW-6XT","jetpack-related-posts":[],"_links":{"self":[{"href":"http:\/\/blogdalucianaoliveira.com.br\/blog\/wp-json\/wp\/v2\/posts\/26777","targetHints":{"allow":["GET"]}}],"collection":[{"href":"http:\/\/blogdalucianaoliveira.com.br\/blog\/wp-json\/wp\/v2\/posts"}],"about":[{"href":"http:\/\/blogdalucianaoliveira.com.br\/blog\/wp-json\/wp\/v2\/types\/post"}],"author":[{"embeddable":true,"href":"http:\/\/blogdalucianaoliveira.com.br\/blog\/wp-json\/wp\/v2\/users\/1"}],"replies":[{"embeddable":true,"href":"http:\/\/blogdalucianaoliveira.com.br\/blog\/wp-json\/wp\/v2\/comments?post=26777"}],"version-history":[{"count":1,"href":"http:\/\/blogdalucianaoliveira.com.br\/blog\/wp-json\/wp\/v2\/posts\/26777\/revisions"}],"predecessor-version":[{"id":26779,"href":"http:\/\/blogdalucianaoliveira.com.br\/blog\/wp-json\/wp\/v2\/posts\/26777\/revisions\/26779"}],"wp:attachment":[{"href":"http:\/\/blogdalucianaoliveira.com.br\/blog\/wp-json\/wp\/v2\/media?parent=26777"}],"wp:term":[{"taxonomy":"category","embeddable":true,"href":"http:\/\/blogdalucianaoliveira.com.br\/blog\/wp-json\/wp\/v2\/categories?post=26777"},{"taxonomy":"post_tag","embeddable":true,"href":"http:\/\/blogdalucianaoliveira.com.br\/blog\/wp-json\/wp\/v2\/tags?post=26777"}],"curies":[{"name":"wp","href":"https:\/\/api.w.org\/{rel}","templated":true}]}}