{"id":26780,"date":"2020-03-08T22:49:05","date_gmt":"2020-03-09T02:49:05","guid":{"rendered":"http:\/\/blogdalucianaoliveira.com.br\/blog\/?p=26780"},"modified":"2020-03-08T22:49:16","modified_gmt":"2020-03-09T02:49:16","slug":"dia-internacional-da-mulher","status":"publish","type":"post","link":"http:\/\/blogdalucianaoliveira.com.br\/blog\/2020\/03\/08\/dia-internacional-da-mulher\/","title":{"rendered":"Dia Internacional da Mulher"},"content":{"rendered":"\n<figure class=\"wp-block-image size-large\"><img loading=\"lazy\" decoding=\"async\" width=\"1250\" height=\"600\" data-attachment-id=\"26781\" data-permalink=\"http:\/\/blogdalucianaoliveira.com.br\/blog\/2020\/03\/08\/dia-internacional-da-mulher\/3c3819db-e67b-40b7-a041-6b2bbb7c4c0a\/\" data-orig-file=\"https:\/\/i0.wp.com\/blogdalucianaoliveira.com.br\/blog\/wp-content\/uploads\/2020\/03\/3C3819DB-E67B-40B7-A041-6B2BBB7C4C0A.jpeg?fit=1250%2C600\" data-orig-size=\"1250,600\" data-comments-opened=\"0\" data-image-meta=\"{&quot;aperture&quot;:&quot;0&quot;,&quot;credit&quot;:&quot;&quot;,&quot;camera&quot;:&quot;&quot;,&quot;caption&quot;:&quot;&quot;,&quot;created_timestamp&quot;:&quot;0&quot;,&quot;copyright&quot;:&quot;&quot;,&quot;focal_length&quot;:&quot;0&quot;,&quot;iso&quot;:&quot;0&quot;,&quot;shutter_speed&quot;:&quot;0&quot;,&quot;title&quot;:&quot;&quot;,&quot;orientation&quot;:&quot;1&quot;}\" data-image-title=\"3C3819DB-E67B-40B7-A041-6B2BBB7C4C0A\" data-image-description=\"\" data-image-caption=\"\" data-medium-file=\"https:\/\/i0.wp.com\/blogdalucianaoliveira.com.br\/blog\/wp-content\/uploads\/2020\/03\/3C3819DB-E67B-40B7-A041-6B2BBB7C4C0A.jpeg?fit=300%2C144\" data-large-file=\"https:\/\/i0.wp.com\/blogdalucianaoliveira.com.br\/blog\/wp-content\/uploads\/2020\/03\/3C3819DB-E67B-40B7-A041-6B2BBB7C4C0A.jpeg?fit=600%2C288\" src=\"https:\/\/i0.wp.com\/blogdalucianaoliveira.com.br\/blog\/wp-content\/uploads\/2020\/03\/3C3819DB-E67B-40B7-A041-6B2BBB7C4C0A.jpeg?fit=600%2C288\" alt=\"\" class=\"wp-image-26781\" srcset=\"https:\/\/i0.wp.com\/blogdalucianaoliveira.com.br\/blog\/wp-content\/uploads\/2020\/03\/3C3819DB-E67B-40B7-A041-6B2BBB7C4C0A.jpeg?w=1250 1250w, https:\/\/i0.wp.com\/blogdalucianaoliveira.com.br\/blog\/wp-content\/uploads\/2020\/03\/3C3819DB-E67B-40B7-A041-6B2BBB7C4C0A.jpeg?resize=300%2C144 300w, https:\/\/i0.wp.com\/blogdalucianaoliveira.com.br\/blog\/wp-content\/uploads\/2020\/03\/3C3819DB-E67B-40B7-A041-6B2BBB7C4C0A.jpeg?resize=1024%2C492 1024w, https:\/\/i0.wp.com\/blogdalucianaoliveira.com.br\/blog\/wp-content\/uploads\/2020\/03\/3C3819DB-E67B-40B7-A041-6B2BBB7C4C0A.jpeg?resize=768%2C369 768w, https:\/\/i0.wp.com\/blogdalucianaoliveira.com.br\/blog\/wp-content\/uploads\/2020\/03\/3C3819DB-E67B-40B7-A041-6B2BBB7C4C0A.jpeg?resize=625%2C300 625w, https:\/\/i0.wp.com\/blogdalucianaoliveira.com.br\/blog\/wp-content\/uploads\/2020\/03\/3C3819DB-E67B-40B7-A041-6B2BBB7C4C0A.jpeg?w=1200 1200w\" sizes=\"auto, (max-width: 600px) 100vw, 600px\" \/><\/figure>\n\n\n\n<p>Como diz o clich\u00ea, uma imagem vale mais do que mil palavras.<\/p>\n\n\n\n<!--more-->\n\n\n\n<p>Patr\u00edcia Campos Mello <br>Publicado na Folha de S.Paulo<\/p>\n\n\n\n<p>Quanto valer\u00e1 uma foto em que uma mulher aparece pelada, de pernas abertas, em cima de uma pilha de notas de d\u00f3lares, chamada de piranha? E uma em que o rosto dessa mesma mulher aparece com a legenda: \u201cFolha da Puta \u2014 tudo por um furo, voc\u00ea quer o meu? Patr\u00edcia, Prostituta da Folha de S.Paulo \u2014 troco sexo por informa\u00e7\u00f5es sobre Bolsonaro\u201d? E outra em que essa mulher \u2014sempre a mesma\u2014 aparece com a frase: \u201cOfere\u00e7o o cuzinho em troca de informa\u00e7\u00e3o sobre o governo Bozo\u201d?<\/p>\n\n\n\n<p>Pe\u00e7o desculpas pelas palavras grosseiras, mas estou apenas descrevendo alguns dos incont\u00e1veis memes que eu recebo todos os dias, que s\u00e3o compartilhados por milhares de pessoas pelo WhatsApp, Facebook, Twitter e Instagram. \u00c9 o meu rosto e o meu nome que est\u00e3o nesses memes.<\/p>\n\n\n\n<p>Tem gente que acha isso engra\u00e7ado. Como disse um blogueiro governista, isso n\u00e3o \u00e9 um ataque a jornalistas, \u00e9 apenas uma maneira de tirar sarro, \u201cque falta de senso de humor\u201d. Um humorista que imita o presidente Jair Bolsonaro tamb\u00e9m se matou de rir e ainda debochou das rea\u00e7\u00f5es, imitando choradeira.<\/p>\n\n\n\n<p>Ser\u00e1 que esse pessoal acharia gra\u00e7a se essa \u201cpiada\u201d fosse com a irm\u00e3, a mulher ou a filha deles?<\/p>\n\n\n\n<p>Este linchamento virtual come\u00e7ou depois que Hans River do Rio Nascimento, ex-funcion\u00e1rio da ag\u00eancia de marketing Yacows, fez um depoimento \u00e0 CPMI das Fake News.<\/p>\n\n\n\n<p>Hans foi entrevistado para a reportagem \u201cFraude com CPF viabilizou disparo de mensagens de WhatsApp na elei\u00e7\u00e3o\u201d, publicada pela Folha em 2 de dezembro de 2018 e escrita pelo rep\u00f3rter Artur Rodrigues e por mim. A reportagem, baseada em documentos p\u00fablicos da Justi\u00e7a do Trabalho, fotos, planilha e em relatos de Hans mostrou que uma rede de empresas, entre elas a Yacows, recorreu ao uso fraudulento de nome e CPFs de idosos para registrar chips de celular e garantir o disparo de lotes de mensagens em benef\u00edcio de pol\u00edticos.<\/p>\n\n\n\n<p>Em seu depoimento \u00e0 CPMI, Hans contou diversas mentiras, entre elas a de que eu teria tentado obter informa\u00e7\u00e3o \u201ca troco de sexo\u201d.<\/p>\n\n\n\n<p>Algumas horas ap\u00f3s o depoimento, publicamos reportagem que, com provas concretas, desmentiu Hans de forma cabal. As entrevistas com ele haviam sido gravadas, com a sua permiss\u00e3o; as fotos e a planilha que ele mandou tinham sido salvas, assim como todas as trocas de mensagem.<\/p>\n\n\n\n<p>Essas provas revelavam que o depoente havia mentido \u00e0 CPMI em diversos pontos. Tudo isso foi anexado ao processo que estou movendo contra ele.<\/p>\n\n\n\n<p>Nada disso importou. O deputado Eduardo Bolsonaro, filho do presidente da Rep\u00fablica, tratou de espalhar as cal\u00fanias rapidamente.<\/p>\n\n\n\n<p>Fez v\u00eddeo ecoando a mentira e distribuiu em suas redes sociais. Reproduziu as ofensas de Hans em diversos coment\u00e1rios em sua conta do Twitter, que tem 1,8 milh\u00e3o de seguidores. Fez quest\u00e3o de subir na tribuna da C\u00e2mara dos Deputados e dizer, enquanto era filmado: \u201cEu n\u00e3o duvido que a senhora Patr\u00edcia Campos Mello, jornalista da Folha, possa ter se insinuado sexualmente, como disse o senhor Hans, em troca de informa\u00e7\u00f5es para tentar prejudicar a campanha do presidente Jair Bolsonaro\u201d.<\/p>\n\n\n\n<p>Sete dias depois, quando ainda mais provas haviam sido publicadas, demonstrando as mentiras da testemunha, o presidente Bolsonaro levantou o assunto, sem nem sequer ser indagado, em uma das coletivas improvisadas que d\u00e1 na frente do Pal\u00e1cio da Alvorada.<\/p>\n\n\n\n<p>\u201cEla [rep\u00f3rter] queria um furo. Ela queria dar o furo [risos dele e de apoiadores]\u201d, afirmou, diante de um grupo de simpatizantes. Ap\u00f3s uma pausa durante os risos, Bolsonaro concluiu a frase: \u201cA qualquer pre\u00e7o contra mim\u201d.<\/p>\n\n\n\n<p>Al\u00e9m dos in\u00fameros memes de cunho pornogr\u00e1fico, recebi mensagens agressivas.<\/p>\n\n\n\n<p>\u201cVoc\u00ea tava querendo dar a buceta para ver o notebook do cara kkkkkkk ent\u00e3o voc\u00ea chupa piroca por fontes?\u201d, dizia um usu\u00e1rio do Facebook chamado Bruno Pires, que, segundo sua conta na rede social, estudou direito na Universidade de Rio Verde.<\/p>\n\n\n\n<p>\u201cPuta do caralho, por que voc\u00ea n\u00e3o libera seus coment\u00e1rios? Quem tem cu, tem medo\u201d, disse um Luciano Martins, de Santo Andr\u00e9, em mensagem enviada por Facebook.<\/p>\n\n\n\n<p>At\u00e9 um legislador, eleito pelo povo brasileiro, sentiu-se autorizado para ofender. \u201cSe voc\u00ea acha que est\u00e1 na pior, lembre-se da jornalista da Folha de SP que oferece SEXO em troca de alguma mat\u00e9ria para prejudicar Jair Bolsonaro. Depois de hoje, vai (sic) chover falsos informantes para cima desta senhora. For\u00e7a, coragem e dedica\u00e7\u00e3o Patr\u00edcia. Voc\u00ea vai precisar\u201d, disse em sua conta oficial do Twitter o deputado Andr\u00e9 Fernandes, do PSL do Cear\u00e1. O tu\u00edte est\u00e1 l\u00e1 at\u00e9 hoje, na conta do deputado.<\/p>\n\n\n\n<p>O deputado foi recebido em um almo\u00e7o com o presidente Bolsonaro uma semana depois e publicou na rede social uma foto ao lado do mandat\u00e1rio, os dois sorridentes.<\/p>\n\n\n\n<p>Com a declara\u00e7\u00e3o do presidente, os ataques pioraram. \u201cE a\u00ed, putinha da Folha, kkkkk, cuidado ao oferecer o furico\u201d, disse o usu\u00e1rio matheus.schuler, no Instagram.<br>\nEm palestras e aulas, muitas pessoas me perguntam quais as dificuldades que uma mulher jornalista enfrenta para cobrir conflitos ou guerras ao redor do mundo.<\/p>\n\n\n\n<p>Eu costumava responder que, na nossa profiss\u00e3o, ser mulher mais ajuda do que atrapalha. N\u00f3s temos o privil\u00e9gio de poder conversar livremente com outras mulheres, entrar em suas casas, ter um pouco mais de contato com o dia a dia delas, mesmo em pa\u00edses mais conservadores \u2014ao contr\u00e1rio de jornalistas homens.<\/p>\n\n\n\n<p>Acredito que, em muitas das reportagens que tive a oportunidade de fazer \u2014desde a cobertura de conflitos na S\u00edria, L\u00edbia, Iraque e Afeganist\u00e3o at\u00e9 a epidemia de ebola em Serra Leoa, com temas dif\u00edceis como estupro e agress\u00f5es contra refugiados\u2014, o fato de ser mulher foi uma vantagem. Acho que me ajudou a pelo menos tentar ter mais empatia e me colocar no lugar de todas essas pessoas que tentam sobreviver em circunst\u00e2ncias muito dif\u00edceis.<\/p>\n\n\n\n<p>No Brasil, longe desses conflitos, estamos descobrindo que ser mulher nos transforma em alvos. As agress\u00f5es que sofremos t\u00eam sempre uma conota\u00e7\u00e3o preconceituosa: dizem que as jornalistas s\u00e3o feias, gordas, velhas ou prostitutas; exp\u00f5em seus filhos, maridos ou pais.<\/p>\n\n\n\n<p>Eu n\u00e3o fui a primeira e n\u00e3o serei a \u00faltima mulher a sofrer ataques mis\u00f3ginos simplesmente por fazer jornalismo no Brasil.<\/p>\n\n\n\n<p>A rep\u00f3rter Talita Fernandes, da Folha, j\u00e1 teve que ouvir o atual presidente dizer a ela \u201ccala a boca\u201d durante uma entrevista coletiva. Ele tamb\u00e9m perguntou a Talita se ela era casada e j\u00e1 disse que ela fazia perguntas idiotas. Ele frequentemente manda rep\u00f3rteres \u2014nesse caso homens e mulheres\u2014 tomarem vergonha na cara.<\/p>\n\n\n\n<p>Mais recentemente, a jornalista Vera Magalh\u00e3es, que j\u00e1 sofria ataques mis\u00f3ginos por seu trabalho, recebeu in\u00fameras agress\u00f5es verbais de apoiadores e aliados de Bolsonaro ap\u00f3s publicar uma reportagem sobre o protesto marcado para 15 de mar\u00e7o. Al\u00e9m disso, Vera, do jornal O Estado de S. Paulo e da TV Cultura, teve sua fam\u00edlia exposta.<\/p>\n\n\n\n<p>A rep\u00f3rter Marina Dias, tamb\u00e9m da Folha, foi alvo de declara\u00e7\u00f5es agressivas e pejorativas nas redes sociais e se viu obrigada a fechar temporariamente sua conta no Twitter. Marina escreveu, em parceria com Rubens Valente, reportagem durante a campanha de 2018, mas s\u00f3 ela foi atacada. A mesma Marina ouviu do presidente Bolsonaro, em uma coletiva em Dallas, que deveria entrar de novo \u201cem uma faculdade que presta e fazer bom jornalismo\u201d.<\/p>\n\n\n\n<p>Em mar\u00e7o de 2019, a jornalista Constan\u00e7a Rezende, atualmente colunista do UOL, foi alvo de uma pegadinha, seguida de uma not\u00edcia falsa disseminada pelo pr\u00f3prio presidente no Twitter. Na rede social, Bolsonaro divulgou uma informa\u00e7\u00e3o falsa do blog Ter\u00e7a Livre.<\/p>\n\n\n\n<p>O texto ap\u00f3crifo dizia falsamente que Constan\u00e7a, na \u00e9poca rep\u00f3rter do jornal O Estado de S. Paulo, queria arruinar Fl\u00e1vio Bolsonaro e buscava o impeachment do presidente. Bolsonaro tamb\u00e9m exp\u00f4s a vida pessoal, marcando seu pai na publica\u00e7\u00e3o, o tamb\u00e9m jornalista Chico Ot\u00e1vio, do jornal O Globo.<\/p>\n\n\n\n<p>A jornalista M\u00edriam Leit\u00e3o \u00e9 alvo constante do presidente e seus apoiadores. Bolsonaro j\u00e1 disse que M\u00edriam mentiu sobre ter sido torturada e zombou sobre os m\u00e9todos de tortura: \u201ccoitada da cobra\u201d. A jornalista foi presa e torturada, gr\u00e1vida, aos 19 anos, quando estava detida no 38\u00ba Batalh\u00e3o de Infantaria em Vit\u00f3ria. Ela tamb\u00e9m sofre frequentemente ataques mis\u00f3ginos nas redes.<\/p>\n\n\n\n<p>As agress\u00f5es n\u00e3o se restringem \u00e0 grande m\u00eddia, nem \u00e0s capitais. Quando um ataque vem do topo da hierarquia, ele funciona como um sinal verde. H\u00e1 casos de misoginia em C\u00e2maras de Vereadores em cidades pequenas e com jornalistas de ve\u00edculos independentes.<\/p>\n\n\n\n<p>Mas tamb\u00e9m h\u00e1 forte rea\u00e7\u00e3o da sociedade. Pessoas de todos os cantos do espectro ideol\u00f3gico, da direita \u00e0 esquerda, associa\u00e7\u00f5es crist\u00e3s, judaicas, de advogados, de mulheres empres\u00e1rias, atrizes e artistas, estudantes, gente da periferia e dos bairros ricos \u2014muitos se juntaram para repudiar o desrespeito \u00e0s mulheres.<\/p>\n\n\n\n<p>Lembro-me especialmente da mensagem que a Maria Lucimar me mandou pelo Facebook, no dia 25 de fevereiro.<\/p>\n\n\n\n<p>\u201cPatr\u00edcia, sou uma empregada dom\u00e9stica, que formou um filho na universidade com muito sacrif\u00edcio, por isso n\u00e3o fiz uma universidade. Mas sou muito bem informada e me indignei com as ofensas contra voc\u00ea. Falei pro meu filho: gostaria de colocar ela no colo. Queria ser sua amiga virtual, voc\u00ea me representa, seu trabalho \u00e9 maravilhoso.\u201d Obrigada, Lucimar, uma honra ser sua amiga.<\/p>\n\n\n\n<p>Jornalista n\u00e3o \u00e9 not\u00edcia. Queremos nos ater ao que \u00e9 importante: apurar reportagens, investigar, fazer jornalismo. As cr\u00edticas s\u00e3o sempre bem-vindas. Mas que sejam cr\u00edticas ao nosso trabalho, e n\u00e3o ataques ou deboche sobre nossa apar\u00eancia, nossas fam\u00edlias, nem tentativas de nos expor ao esc\u00e1rnio nas redes sociais.<\/p>\n\n\n\n<p>E tenho um recado para o usu\u00e1rio Marcelo.zarife, que me mandou a seguinte mensagem no Instagram: \u201cTrocando a piriquita por informa\u00e7\u00f5es falsas! Todo o castigo para voc\u00ea \u00e9 pouco!!! Uma pena que seus filhos pagar\u00e3o pelos seus erros, pois ser\u00e3o lembrados diariamente que a mam\u00e3ezinha deles n\u00e3o passa de uma prostituta da baixo cal\u00e3o\u201d.<\/p>\n\n\n\n<p>Marcelo, com todo o respeito que voc\u00ea n\u00e3o teve por mim, vou discordar. Ao contr\u00e1rio de voc\u00ea, tor\u00e7o muito para que nem eu nem nenhuma outra m\u00e3e seja alvo desse tipo de campanha difamat\u00f3ria.<\/p>\n","protected":false},"excerpt":{"rendered":"<p>Como diz o clich\u00ea, uma imagem vale mais do que mil palavras.<\/p>\n","protected":false},"author":1,"featured_media":0,"comment_status":"closed","ping_status":"open","sticky":false,"template":"","format":"standard","meta":{"_exactmetrics_skip_tracking":false,"_exactmetrics_sitenote_active":false,"_exactmetrics_sitenote_note":"","_exactmetrics_sitenote_category":0,"jetpack_post_was_ever_published":false,"_jetpack_newsletter_access":"","_jetpack_dont_email_post_to_subs":false,"_jetpack_newsletter_tier_id":0,"_jetpack_memberships_contains_paywalled_content":false,"_jetpack_memberships_contains_paid_content":false,"footnotes":"","jetpack_publicize_message":"","jetpack_publicize_feature_enabled":true,"jetpack_social_post_already_shared":true,"jetpack_social_options":{"image_generator_settings":{"template":"highway","enabled":false},"version":2}},"categories":[1],"tags":[],"class_list":["post-26780","post","type-post","status-publish","format-standard","hentry","category-notas"],"jetpack_publicize_connections":[],"jetpack_sharing_enabled":true,"jetpack_featured_media_url":"","jetpack_shortlink":"https:\/\/wp.me\/p7wKYW-6XW","jetpack-related-posts":[],"_links":{"self":[{"href":"http:\/\/blogdalucianaoliveira.com.br\/blog\/wp-json\/wp\/v2\/posts\/26780","targetHints":{"allow":["GET"]}}],"collection":[{"href":"http:\/\/blogdalucianaoliveira.com.br\/blog\/wp-json\/wp\/v2\/posts"}],"about":[{"href":"http:\/\/blogdalucianaoliveira.com.br\/blog\/wp-json\/wp\/v2\/types\/post"}],"author":[{"embeddable":true,"href":"http:\/\/blogdalucianaoliveira.com.br\/blog\/wp-json\/wp\/v2\/users\/1"}],"replies":[{"embeddable":true,"href":"http:\/\/blogdalucianaoliveira.com.br\/blog\/wp-json\/wp\/v2\/comments?post=26780"}],"version-history":[{"count":1,"href":"http:\/\/blogdalucianaoliveira.com.br\/blog\/wp-json\/wp\/v2\/posts\/26780\/revisions"}],"predecessor-version":[{"id":26782,"href":"http:\/\/blogdalucianaoliveira.com.br\/blog\/wp-json\/wp\/v2\/posts\/26780\/revisions\/26782"}],"wp:attachment":[{"href":"http:\/\/blogdalucianaoliveira.com.br\/blog\/wp-json\/wp\/v2\/media?parent=26780"}],"wp:term":[{"taxonomy":"category","embeddable":true,"href":"http:\/\/blogdalucianaoliveira.com.br\/blog\/wp-json\/wp\/v2\/categories?post=26780"},{"taxonomy":"post_tag","embeddable":true,"href":"http:\/\/blogdalucianaoliveira.com.br\/blog\/wp-json\/wp\/v2\/tags?post=26780"}],"curies":[{"name":"wp","href":"https:\/\/api.w.org\/{rel}","templated":true}]}}