{"id":26793,"date":"2020-03-09T09:42:08","date_gmt":"2020-03-09T13:42:08","guid":{"rendered":"http:\/\/blogdalucianaoliveira.com.br\/blog\/?p=26793"},"modified":"2020-03-09T09:42:20","modified_gmt":"2020-03-09T13:42:20","slug":"comunidade-negra-repudia-serie-sobre-marielle-anunciada-pela-rede-globo","status":"publish","type":"post","link":"http:\/\/blogdalucianaoliveira.com.br\/blog\/2020\/03\/09\/comunidade-negra-repudia-serie-sobre-marielle-anunciada-pela-rede-globo\/","title":{"rendered":"Comunidade negra repudia s\u00e9rie sobre Marielle, anunciada pela Rede Globo"},"content":{"rendered":"\n<figure class=\"wp-block-image size-large\"><img data-recalc-dims=\"1\" loading=\"lazy\" decoding=\"async\" width=\"600\" height=\"400\" data-attachment-id=\"26794\" data-permalink=\"http:\/\/blogdalucianaoliveira.com.br\/blog\/2020\/03\/09\/comunidade-negra-repudia-serie-sobre-marielle-anunciada-pela-rede-globo\/image-20-5\/\" data-orig-file=\"https:\/\/i0.wp.com\/blogdalucianaoliveira.com.br\/blog\/wp-content\/uploads\/2020\/03\/image-20.jpeg?fit=800%2C533\" data-orig-size=\"800,533\" data-comments-opened=\"0\" data-image-meta=\"{&quot;aperture&quot;:&quot;0&quot;,&quot;credit&quot;:&quot;&quot;,&quot;camera&quot;:&quot;&quot;,&quot;caption&quot;:&quot;&quot;,&quot;created_timestamp&quot;:&quot;0&quot;,&quot;copyright&quot;:&quot;&quot;,&quot;focal_length&quot;:&quot;0&quot;,&quot;iso&quot;:&quot;0&quot;,&quot;shutter_speed&quot;:&quot;0&quot;,&quot;title&quot;:&quot;&quot;,&quot;orientation&quot;:&quot;0&quot;}\" data-image-title=\"image-20\" data-image-description=\"\" data-image-caption=\"\" data-medium-file=\"https:\/\/i0.wp.com\/blogdalucianaoliveira.com.br\/blog\/wp-content\/uploads\/2020\/03\/image-20.jpeg?fit=300%2C200\" data-large-file=\"https:\/\/i0.wp.com\/blogdalucianaoliveira.com.br\/blog\/wp-content\/uploads\/2020\/03\/image-20.jpeg?fit=600%2C400\" src=\"https:\/\/i0.wp.com\/blogdalucianaoliveira.com.br\/blog\/wp-content\/uploads\/2020\/03\/image-20.jpeg?resize=600%2C400\" alt=\"\" class=\"wp-image-26794\" srcset=\"https:\/\/i0.wp.com\/blogdalucianaoliveira.com.br\/blog\/wp-content\/uploads\/2020\/03\/image-20.jpeg?w=800 800w, https:\/\/i0.wp.com\/blogdalucianaoliveira.com.br\/blog\/wp-content\/uploads\/2020\/03\/image-20.jpeg?resize=300%2C200 300w, https:\/\/i0.wp.com\/blogdalucianaoliveira.com.br\/blog\/wp-content\/uploads\/2020\/03\/image-20.jpeg?resize=768%2C512 768w, https:\/\/i0.wp.com\/blogdalucianaoliveira.com.br\/blog\/wp-content\/uploads\/2020\/03\/image-20.jpeg?resize=450%2C300 450w\" sizes=\"auto, (max-width: 600px) 100vw, 600px\" \/><\/figure>\n\n\n\n<h4 class=\"wp-block-heading\">Produ\u00e7\u00e3o n\u00e3o conta com profissionais negros em sua concep\u00e7\u00e3o, e o diretor escolhido \u00e9 o conservador Jos\u00e9 Padilha<\/h4>\n\n\n\n<!--more-->\n\n\n\n<p>A Rede Globo e a Globoplay anunciaram na sexta-feira (6) que v\u00e3o produzir uma s\u00e9rie ficcional baseada na vida de&nbsp;<a href=\"https:\/\/www.brasildefato.com.br\/2020\/02\/17\/milicia-e-o-estado-brasileiro-afirma-monica-benicio-sobre-assassinato-de-marielle\" target=\"_blank\" rel=\"noreferrer noopener\">Marielle Franco, cujo assassinato em 2018 continua sem respostas<\/a>. Ap\u00f3s an\u00fancio do projeto sem pessoas negras em sua dire\u00e7\u00e3o, diversos profissionais negros&nbsp;<a href=\"https:\/\/almapreta.com\/editorias\/realidade\/anuncio-de-serie-sobre-marielle-gera-discussao-sobre-racismo-no-cinema\" target=\"_blank\" rel=\"noreferrer noopener\">se manifestaram por meio de nota de rep\u00fadio, reproduzida pelo site Alma Preta<\/a>.<\/p>\n\n\n\n<p>Reda\u00e7\u00e3o\u00a0<a rel=\"noreferrer noopener\" target=\"_blank\" href=\"https:\/\/www.redebrasilatual.com.br\/cidadania\/2020\/03\/comunidade-negra-repudia-serie-sobre-marielle-anunciada-pela-rede-globo\/\">Rede Brasil Atual<\/a><br><\/p>\n\n\n\n<p>O projeto \u00e9 encabe\u00e7ado por tr\u00eas pessoas brancas. A roteirista Antonia Pellegrino (<em>Sexo e as Negas<\/em>,&nbsp;<em>Bruna Surfistinha<\/em>&nbsp;e&nbsp;<em>Tim Maia<\/em>), George Moura (<em>Onde Nascem os Fortes<\/em>,&nbsp;<em>Amores Roubados<\/em>&nbsp;e&nbsp;<em>O Canto da Sereia<\/em>) e o diretor&nbsp;Jos\u00e9 Padilha.<\/p>\n\n\n\n<p>\u201c\u00c9 revoltante. No entanto, numa sociedade capitalista, n\u00e3o surpreende que a&nbsp;<a href=\"https:\/\/www.brasildefato.com.br\/2017\/03\/09\/ser-mulher-negra-e-resistir-e-sobreviver-o-tempo-todo-diz-marielle-franco\" target=\"_blank\" rel=\"noreferrer noopener\">hist\u00f3ria de uma mulher negra<\/a>&nbsp;seja contada a partir do ponto de vista de tr\u00eas pessoas brancas. A \u00fanica surpresa \u00e9 o fato de terem demorado tanto para anunciar o projeto, visto a sanha que t\u00eam de se apropriar dessa hist\u00f3ria h\u00e1 tanto tempo\u201d, afirmam os signat\u00e1rios da nota.<\/p>\n\n\n\n<p>\u201cMas o desastre fica maior a cada detalhe. O diretor escolhido para comandar a s\u00e9rie \u00e9 o homem que deu e d\u00e1 ferramentas simb\u00f3licas para a constru\u00e7\u00e3o do fascismo e genoc\u00eddio da juventude negra no pa\u00eds. \u00c9 uma viol\u00eancia extrema envolver numa s\u00e9rie sobre Marielle o autor de filmes que retrataram de forma heroica a pol\u00edcia mais violenta do pa\u00eds\u201d, diz a nota sobre o diretor.&nbsp;<\/p>\n\n\n\n<p>\u201cPara se ter uma ideia, ap\u00f3s&nbsp;<em>Tropa de Elite<\/em>, as inscri\u00e7\u00f5es no Bope aumentaram vertiginosamente. O retrato ali inspirou e inspira a\u00e7\u00f5es violentas em todo o pa\u00eds. N\u00e3o \u00e0 toa, a m\u00fasica tema da tropa no filme apareceu em dezenas de v\u00eddeos de apoio ao presidente em exerc\u00edcio. \u00c9 o filme que mais exaltou o tema \u2018bandido bom \u00e9 bandido morto\u2019, simplificando a discuss\u00e3o da viol\u00eancia urbana a uma quest\u00e3o de pol\u00edcia\u201d, diz ainda a nota.<\/p>\n\n\n\n<p>Al\u00e9m disso, o texto ressalta que ficcionalizar em torno de um caso que ainda est\u00e1 sendo investigado, tamb\u00e9m &#8220;\u00e9 uma viol\u00eancia e uma naturaliza\u00e7\u00e3o do crime violento e dos 13 tiros disparados contra o carro de Marielle, que vitimaram ela e o motorista Anderson Gomes&#8221;<em>.<\/em><\/p>\n\n\n\n<p>M\u00f4nica Ben\u00edcio nega ter recebido R$ 2 milh\u00f5es da Globo pela s\u00e9rie<\/p>\n\n\n\n<p>A vi\u00fava de Marielle Franco, M\u00f4nica Ben\u00edcio, negou neste domingo por meio de sua conta no Twitter que teria recebido R$ 2 milh\u00f5es da\u00a0<em>Rede Globo<\/em>\u00a0para a realiza\u00e7\u00e3o da s\u00e9rie ficcional. A afirma\u00e7\u00e3o foi\u00a0publicada na coluna de Daniel Castro, no portal\u00a0<em>UOL<\/em>.<\/p>\n\n\n\n<figure class=\"wp-block-embed-twitter wp-block-embed is-type-rich is-provider-twitter\"><div class=\"wp-block-embed__wrapper\">\n<blockquote class=\"twitter-tweet\" data-width=\"550\" data-dnt=\"true\"><p lang=\"pt\" dir=\"ltr\">Nota p\u00fablica<br><br>Repudio com veem\u00eancia as informa\u00e7\u00f5es a meu respeito contidas na coluna de Daniel Castro, do portal UOL e replicada na Isto\u00c9, especulando que eu teria recebido R$ 2 milh\u00f5es da Rede Globo para a realiza\u00e7\u00e3o de uma s\u00e9rie ficcional sobre o assassinato de Marielle [segue]<\/p>&mdash; Monica Benicio \ud83c\udff3\ufe0f\u200d\ud83c\udf08 (@monica_benicio) <a href=\"https:\/\/twitter.com\/monica_benicio\/status\/1236702806041595904?ref_src=twsrc%5Etfw\">March 8, 2020<\/a><\/blockquote><script async src=\"https:\/\/platform.twitter.com\/widgets.js\" charset=\"utf-8\"><\/script>\n<\/div><\/figure>\n\n\n\n<p>Leia a \u00edntegra da nota da comunidade negra:<\/p>\n\n\n\n<p>Nota de rep\u00fadio:<\/p>\n\n\n\n<p><em>Na sexta-feira, 6 de mar\u00e7o de 2020, a Rede Globo e a Globoplay anunciaram uma s\u00e9rie ficcional baseada na vida de Marielle Franco, cujo assassinato em 2018 continua sem respostas. Acontece que o projeto anunciado \u00e9 encabe\u00e7ado por tr\u00eas pessoas brancas. A roteirista Antonia Pellegrino (\u201cSexo e as Negas\u201d, \u201cBruna Surfistinhas\u201d e \u201cTim Maia\u201d), George Moura (\u201cOnde Nascem os Fortes\u201d, \u201cAmores Roubados\u201d e \u201cO Canto da Sereia\u201d) e Jos\u00e9 Padilha.<\/em><\/p>\n\n\n\n<p><em>\u00c9 revoltante. No entanto, numa sociedade capitalista, n\u00e3o surpreende que a hist\u00f3ria de uma mulher negra seja contada a partir do ponto de vista de tr\u00eas pessoas brancas. A \u00fanica surpresa \u00e9 o fato de terem demorado tanto para anunciar o projeto, visto a sanha que t\u00eam de se apropriar dessa hist\u00f3ria h\u00e1 tanto tempo.<\/em><\/p>\n\n\n\n<p><em>Mas o desastre fica maior a cada detalhe. O diretor escolhido para comandar a s\u00e9rie \u00e9 o homem que deu e d\u00e1 ferramentas simb\u00f3licas para a constru\u00e7\u00e3o do fascismo e genoc\u00eddio da juventude negra no pa\u00eds. \u00c9 uma viol\u00eancia extrema envolver numa s\u00e9rie sobre Marielle o autor de filmes que retrataram de forma heroica a pol\u00edcia mais violenta do pa\u00eds. Para se ter uma ideia, ap\u00f3s \u201cTropa de Elite\u201d, as inscri\u00e7\u00f5es no Bope aumentaram vertiginosamente. O retrato ali inspirou e inspira a\u00e7\u00f5es violentas em todo o pa\u00eds. N\u00e3o \u00e0 toa, a m\u00fasica tema da tropa no filme apareceu em dezenas de v\u00eddeos de apoio ao presidente em exerc\u00edcio. \u00c9 o filme que mais exaltou o tema \u201cbandido bom \u00e9 bandido morto\u201d, simplificando a discuss\u00e3o da viol\u00eancia urbana a uma quest\u00e3o de pol\u00edcia.<\/em><\/p>\n\n\n\n<p><em>Al\u00e9m disso, ficcionalizar em torno de um crime que ainda est\u00e1 sendo investigado tamb\u00e9m \u00e9 uma viol\u00eancia e uma naturaliza\u00e7\u00e3o do crime violento e dos 13 tiros disparados contra o carro de Marielle, que vitimaram ela e o motorista Anderson Gomes.<\/em><\/p>\n\n\n\n<p><em>Depois disso, Padilha ainda dirigiu a s\u00e9rie \u201cO Mecanismo\u201d, cujas falsifica\u00e7\u00f5es hist\u00f3ricas s\u00f3 fizeram recrudescer o discurso fascista que resultou no governo mais autorit\u00e1rio e violento das \u00faltimas d\u00e9cadas no Brasil.<\/em><\/p>\n\n\n\n<p><em>\u00c9 revoltante mais uma vez ver a branquitude disfar\u00e7ar de boas inten\u00e7\u00f5es a apropria\u00e7\u00e3o da imagem de uma mulher negra l\u00e9sbica, favelada, m\u00e3e, filha, irm\u00e3 e esposa. Para defender sua propriedade de contar a hist\u00f3ria de Marielle, Antonia Pellegrino usou como argumento: \u201ceu a conhecia muito bem\u201d, \u201ceu ajudei na sua primeira campanha\u201d, \u201ceu segurei o seu caix\u00e3o\u201d.<\/em><\/p>\n\n\n\n<p><em>Mas a mesma pessoa que diz ter se inspirado em Marielle e diz ter respeito pelo feminismo negro, se lan\u00e7a como arauto para contar essa hist\u00f3ria aliada aos seus pares, masculinos e brancos. Tudo isso \u00e9 extremamente violento. \u00c9 um desrespeito a tudo que Marielle defendia.<\/em><\/p>\n\n\n\n<p><em>Se qualquer uma dessas pessoas tivesse entendido de fato a luta de Marielle, saberia o qu\u00e3o violento \u00e9 fazer esse projeto encabe\u00e7ado apenas por pessoas que n\u00e3o refletem sua imagem e semelhan\u00e7a. Existe um valor simb\u00f3lico e financeiro em contar essa hist\u00f3ria. Um valor que vai ficar na m\u00e3o daqueles que sempre dominaram o audiovisual no Brasil.<\/em><\/p>\n\n\n\n<p><em>Ter em algum momento convivido ou lutado ao lado de Marielle n\u00e3o tira o peso da decis\u00e3o de se apropriar da hist\u00f3ria dela dessa forma.<\/em><\/p>\n\n\n\n<p><em>Padilha disse em entrevista ao \u201cO Globo\u201d que \u201cse dedicou por muito tempo a hist\u00f3rias de viol\u00eancia urbana do Rio. Essa \u00e9 uma que precisa ser contada\u201d. A hist\u00f3ria de Marielle \u00e9 muito mais do que apenas a viol\u00eancia institucional. Ela \u00e9 muito mais do que uma v\u00edtima da viol\u00eancia urbana que tentam fazer parecer. Seu assassinato \u00e9 o reflexo da necropol\u00edtica que ela denunciava.<\/em><\/p>\n\n\n\n<p><em>A hist\u00f3ria de Marielle \u00e9 tamb\u00e9m a hist\u00f3ria das tecnologias afetivas, pois Marielle sempre falou sobre afeto, empatia, mulheres lutando juntas, jovens negras movendo estruturas. A branquitude quer se apropriar e narrar essa hist\u00f3ria sem ao menos entender sobre o que ela \u00e9. Tudo isso \u00e9 desesperador demais.<\/em><\/p>\n\n\n\n<p><em>\u00c0s mulheres e homens pretos e l\u00e9sbicas foi negado o direito de contar essa hist\u00f3ria. Pois ainda que o racismo estrutural e institucional tente nos paralisar, homens e mulheres negros e negras se tornaram grandes realizadores, comandando produ\u00e7\u00f5es e recebendo reconhecimento aqui e fora o Brasil. Por isso, \u00e9 ainda mais perverso saber que essa hist\u00f3ria s\u00f3 ser\u00e1 contata se for produzida por essas pessoas, pois o racismo produziu mecanismo para distanciar pessoas negras do direito de contar a pr\u00f3pria hist\u00f3ria.<\/em><\/p>\n\n\n\n<p><em>Quem trabalha no audiovisual conhece bem as estrat\u00e9gias perversas da branquitude que domina esse meio e entende o c\u00f3digo por tr\u00e1s de afirma\u00e7\u00f5es \u201cbem intencionadas\u201d sobre transformar a s\u00e9rie numa \u201cescola\u201d. Isso significa que as decis\u00f5es finais ser\u00e3o todas tomadas por brancos e que os profissionais n\u00e3o-brancos da equipe ter\u00e3o no m\u00e1ximo o direito de brigar e adoecer tentando deixar a narrativa menos racista, sendo subjugados pelo tokenismo.<\/em><\/p>\n\n\n\n<p><em>Marielle, em sua \u00faltima fala p\u00fablica, contou a respeito da prefeitura do Rio: \u201cprimeiro eles saem chutando a porta, depois eles pedem desculpas e por \u00faltimo oferecem um microcr\u00e9dito, que n\u00e3o repara nada\u201d. Esse \u00e9 o modus operandi da branquitude. Se apropriar como se tudo a ela pertencesse: nosso corpos, nossa subjetividade, nossa hist\u00f3ria. \u00c9 um desastre, \u00e9 violento e racista.<\/em><\/p>\n","protected":false},"excerpt":{"rendered":"<p>Produ\u00e7\u00e3o n\u00e3o conta com profissionais negros em sua concep\u00e7\u00e3o, e o diretor escolhido \u00e9 o conservador Jos\u00e9 Padilha<\/p>\n","protected":false},"author":1,"featured_media":0,"comment_status":"closed","ping_status":"open","sticky":false,"template":"","format":"standard","meta":{"_exactmetrics_skip_tracking":false,"_exactmetrics_sitenote_active":false,"_exactmetrics_sitenote_note":"","_exactmetrics_sitenote_category":0,"jetpack_post_was_ever_published":false,"_jetpack_newsletter_access":"","_jetpack_dont_email_post_to_subs":false,"_jetpack_newsletter_tier_id":0,"_jetpack_memberships_contains_paywalled_content":false,"_jetpack_memberships_contains_paid_content":false,"footnotes":"","jetpack_publicize_message":"","jetpack_publicize_feature_enabled":true,"jetpack_social_post_already_shared":true,"jetpack_social_options":{"image_generator_settings":{"template":"highway","enabled":false},"version":2}},"categories":[1],"tags":[],"class_list":["post-26793","post","type-post","status-publish","format-standard","hentry","category-notas"],"jetpack_publicize_connections":[],"jetpack_sharing_enabled":true,"jetpack_featured_media_url":"","jetpack_shortlink":"https:\/\/wp.me\/p7wKYW-6Y9","jetpack-related-posts":[],"_links":{"self":[{"href":"http:\/\/blogdalucianaoliveira.com.br\/blog\/wp-json\/wp\/v2\/posts\/26793","targetHints":{"allow":["GET"]}}],"collection":[{"href":"http:\/\/blogdalucianaoliveira.com.br\/blog\/wp-json\/wp\/v2\/posts"}],"about":[{"href":"http:\/\/blogdalucianaoliveira.com.br\/blog\/wp-json\/wp\/v2\/types\/post"}],"author":[{"embeddable":true,"href":"http:\/\/blogdalucianaoliveira.com.br\/blog\/wp-json\/wp\/v2\/users\/1"}],"replies":[{"embeddable":true,"href":"http:\/\/blogdalucianaoliveira.com.br\/blog\/wp-json\/wp\/v2\/comments?post=26793"}],"version-history":[{"count":1,"href":"http:\/\/blogdalucianaoliveira.com.br\/blog\/wp-json\/wp\/v2\/posts\/26793\/revisions"}],"predecessor-version":[{"id":26795,"href":"http:\/\/blogdalucianaoliveira.com.br\/blog\/wp-json\/wp\/v2\/posts\/26793\/revisions\/26795"}],"wp:attachment":[{"href":"http:\/\/blogdalucianaoliveira.com.br\/blog\/wp-json\/wp\/v2\/media?parent=26793"}],"wp:term":[{"taxonomy":"category","embeddable":true,"href":"http:\/\/blogdalucianaoliveira.com.br\/blog\/wp-json\/wp\/v2\/categories?post=26793"},{"taxonomy":"post_tag","embeddable":true,"href":"http:\/\/blogdalucianaoliveira.com.br\/blog\/wp-json\/wp\/v2\/tags?post=26793"}],"curies":[{"name":"wp","href":"https:\/\/api.w.org\/{rel}","templated":true}]}}