{"id":26796,"date":"2020-03-09T10:54:15","date_gmt":"2020-03-09T14:54:15","guid":{"rendered":"http:\/\/blogdalucianaoliveira.com.br\/blog\/?p=26796"},"modified":"2020-03-09T10:54:21","modified_gmt":"2020-03-09T14:54:21","slug":"sylvia-thereza-retorna-ao-rio-nesta-quinta-12-e-a-sao-paulo-domingo-15-no-mube","status":"publish","type":"post","link":"http:\/\/blogdalucianaoliveira.com.br\/blog\/2020\/03\/09\/sylvia-thereza-retorna-ao-rio-nesta-quinta-12-e-a-sao-paulo-domingo-15-no-mube\/","title":{"rendered":"Sylvia Thereza retorna ao Rio, nesta quinta, 12, e a S\u00e3o Paulo, domingo, 15, no MUBE"},"content":{"rendered":"\n<figure class=\"wp-block-image size-large\"><img loading=\"lazy\" decoding=\"async\" width=\"1999\" height=\"2560\" data-attachment-id=\"26797\" data-permalink=\"http:\/\/blogdalucianaoliveira.com.br\/blog\/2020\/03\/09\/sylvia-thereza-retorna-ao-rio-nesta-quinta-12-e-a-sao-paulo-domingo-15-no-mube\/6f1d65dc-9184-45ff-974d-03890ad2c59d\/\" data-orig-file=\"https:\/\/i0.wp.com\/blogdalucianaoliveira.com.br\/blog\/wp-content\/uploads\/2020\/03\/6F1D65DC-9184-45FF-974D-03890AD2C59D-scaled.jpeg?fit=1999%2C2560\" data-orig-size=\"1999,2560\" data-comments-opened=\"0\" data-image-meta=\"{&quot;aperture&quot;:&quot;0&quot;,&quot;credit&quot;:&quot;&quot;,&quot;camera&quot;:&quot;&quot;,&quot;caption&quot;:&quot;&quot;,&quot;created_timestamp&quot;:&quot;0&quot;,&quot;copyright&quot;:&quot;&quot;,&quot;focal_length&quot;:&quot;0&quot;,&quot;iso&quot;:&quot;0&quot;,&quot;shutter_speed&quot;:&quot;0&quot;,&quot;title&quot;:&quot;&quot;,&quot;orientation&quot;:&quot;0&quot;}\" data-image-title=\"6F1D65DC-9184-45FF-974D-03890AD2C59D\" data-image-description=\"\" data-image-caption=\"\" data-medium-file=\"https:\/\/i0.wp.com\/blogdalucianaoliveira.com.br\/blog\/wp-content\/uploads\/2020\/03\/6F1D65DC-9184-45FF-974D-03890AD2C59D-scaled.jpeg?fit=234%2C300\" data-large-file=\"https:\/\/i0.wp.com\/blogdalucianaoliveira.com.br\/blog\/wp-content\/uploads\/2020\/03\/6F1D65DC-9184-45FF-974D-03890AD2C59D-scaled.jpeg?fit=600%2C768\" src=\"https:\/\/i1.wp.com\/blogdalucianaoliveira.com.br\/blog\/wp-content\/uploads\/2020\/03\/6F1D65DC-9184-45FF-974D-03890AD2C59D-scaled.jpeg?fit=600%2C768\" alt=\"\" class=\"wp-image-26797\" srcset=\"https:\/\/i0.wp.com\/blogdalucianaoliveira.com.br\/blog\/wp-content\/uploads\/2020\/03\/6F1D65DC-9184-45FF-974D-03890AD2C59D-scaled.jpeg?w=1999 1999w, https:\/\/i0.wp.com\/blogdalucianaoliveira.com.br\/blog\/wp-content\/uploads\/2020\/03\/6F1D65DC-9184-45FF-974D-03890AD2C59D-scaled.jpeg?resize=234%2C300 234w, https:\/\/i0.wp.com\/blogdalucianaoliveira.com.br\/blog\/wp-content\/uploads\/2020\/03\/6F1D65DC-9184-45FF-974D-03890AD2C59D-scaled.jpeg?resize=800%2C1024 800w, https:\/\/i0.wp.com\/blogdalucianaoliveira.com.br\/blog\/wp-content\/uploads\/2020\/03\/6F1D65DC-9184-45FF-974D-03890AD2C59D-scaled.jpeg?resize=768%2C983 768w, https:\/\/i0.wp.com\/blogdalucianaoliveira.com.br\/blog\/wp-content\/uploads\/2020\/03\/6F1D65DC-9184-45FF-974D-03890AD2C59D-scaled.jpeg?resize=1199%2C1536 1199w, https:\/\/i0.wp.com\/blogdalucianaoliveira.com.br\/blog\/wp-content\/uploads\/2020\/03\/6F1D65DC-9184-45FF-974D-03890AD2C59D-scaled.jpeg?resize=1599%2C2048 1599w, https:\/\/i0.wp.com\/blogdalucianaoliveira.com.br\/blog\/wp-content\/uploads\/2020\/03\/6F1D65DC-9184-45FF-974D-03890AD2C59D-scaled.jpeg?w=1800 1800w\" sizes=\"auto, (max-width: 600px) 100vw, 600px\" \/><\/figure>\n\n\n\n<p><\/p>\n\n\n\n<p><em>Radicada na B\u00e9lgica, pianista brasileira se apresenta na Sala Cec\u00edlia Meirelles ao lado do violoncelista belga Alexandre Debrus,&nbsp; e em recital solo no Museu Brasileiro de Escultura<\/em><\/p>\n\n\n\n<!--more-->\n\n\n\n<p>Quase um ano ap\u00f3s o lan\u00e7amento no Brasil de seu \u00faltimo CD \u201cO Manifesto Rom\u00e2ntico&#8221;, a pianista carioca retorna ao pa\u00eds &nbsp;com apresenta\u00e7\u00f5es em quatro capitais brasileiras e,&nbsp; desta vez, &nbsp;com uma bandeira social importante como pano de fundo: a qualifica\u00e7\u00e3o de milhares de jovens de projetos sociais diversos atrav\u00e9s de um extenso programa de interc\u00e2mbio e atividades pedag\u00f3gicas de excel\u00eancia. Ap\u00f3s recitais solos em Goi\u00e2nia (4\/3) e Bras\u00edlia (6\/3), e com o violoncelista belga Alexandre Debrus em Fortaleza (7\/3), Sylvia Thereza retorna a sua cidade natal, em duo com o consagrado m\u00fasico belga, em apresenta\u00e7\u00e3o \u00fanica na Sala Cec\u00edlia Meireles, na quinta-feira, dia 12. Em S\u00e3o Paulo,&nbsp;a pianista se apresenta em recital solo no Museu Brasileiro de Escultura, Jardim Europa,&nbsp;<a href=\"x-apple-data-detectors:\/\/4\">no Domingo, 15\/3, \u00e0s 16h<\/a>.<\/p>\n\n\n\n<p>Desta vez, sua vinda ao pa\u00eds n\u00e3o ser\u00e1 apenas para interpretar obras de Schumann, Brahms, Rachmaninoff e Schostakovich. Com o apoio e parceria&nbsp;de&nbsp;robustas institui\u00e7\u00f5es nacionais e internacionais (entre elas o Instituto Kodaly, da Hungria) e conceituados artistas do cen\u00e1rio internacional,&nbsp; a pianista est\u00e1 trabalhando para a realiza\u00e7\u00e3o do \u201cMestres em Resid\u00eancia\u201d.&nbsp;O programa ir\u00e1 estabelecer um interc\u00e2mbio consistente e program\u00e1tico entre renomados m\u00fasicos, s\u00f3lidas institui\u00e7\u00f5es europeias e in\u00fameros projetos s\u00f3cio-art\u00edsticos, buscando treinar e qualificar mais de 24 mil jovens, inicialmente, em diversas cidades do pa\u00eds.&nbsp; Al\u00e9m de beneficiar os alunos, a id\u00e9ia tamb\u00e9m \u00e9 proporcionar aos professores e monitores dos projetos sociais &#8211; contemplados com o programa &#8211; um interc\u00e2mbio visando a&nbsp;evolu\u00e7\u00e3o de suas habilidades, sensibilidade art\u00edstica e ampliando suas perspectivas de futuro. Como de praxe em todos os seus concertos pelo mundo, haver\u00e1 uma cota de ingressos para alunos de escolas p\u00fablicas e projetos sociais.<\/p>\n\n\n\n<p>Participando com Sylvia Thereza de parte da sua turn\u00ea, o belga Alexandre Debrus, celebrado violoncelista na Europa e que teve entre seus mestres Rostropovich e Mischa Maisky, \u00e9 um dos m\u00fasicos j\u00e1 confirmados no programa. At\u00e9 o final de mar\u00e7o, Sylvia volta a se apresentar no Rio de Janeiro (<a href=\"x-apple-data-detectors:\/\/5\">22\/3<\/a>, com a Orquestra Petrobr\u00e1s Sinf\u00f4nica como solista convidada) e em S\u00e3o Paulo (dia&nbsp;<a href=\"x-apple-data-detectors:\/\/6\">15\/3<\/a>, em recital solo).&nbsp;<\/p>\n\n\n\n<p>Mas n\u00e3o \u00e9 de hoje que a not\u00e1vel pianista do Rio de Janeiro vem atuando na educa\u00e7\u00e3o e qualifica\u00e7\u00e3o de crian\u00e7as e jovens desfavorecidos.&nbsp;Como parte de seu compromisso social e filosofia musical, Sylvia foi co-autora, no Rio de Janeiro, de um projeto pioneiro que introduziu a m\u00fasica cl\u00e1ssica&nbsp; para mais de 12.000 crian\u00e7as oriundas deste extrato social e que teve como madrinha a atriz Malu Mader.&nbsp;&nbsp;<\/p>\n\n\n\n<p>Apesar de ter se apresentado nas mais importantes salas do mundo e ensinado, ao lado de Maria Jo\u00e3o Pires, na mais seletiva escola para solistas internacionais da Europa &#8211; A Chapelle Musicale Reine Elisabeth,&nbsp;Sylvia se mant\u00eam conectada e engajada com nossas crian\u00e7as. Na B\u00e9lgica, \u00e9 co-fundadora e&nbsp; diretora art\u00edstica da Associa\u00e7\u00e3o Uan\u00e1- Association for the Arts, institui\u00e7\u00e3o que visa reunir artistas para esse fim: o de produzir arte com a miss\u00e3o de colaborar com projetos sociais.&nbsp;Atrav\u00e9s da Uan\u00e1, vem proporcionando cultura e rompendo barreiras sociais para crian\u00e7as necessitadas e deficientes, unindo para isso grandes nomes do mundo art\u00edstico e valiosos educadores, atrav\u00e9s de projetos de&nbsp; educa\u00e7\u00e3o musical, concertos, exposi\u00e7\u00f5es e discos.&nbsp;<\/p>\n\n\n\n<p><strong>SYLVIA THEREZA, piano<\/strong><\/p>\n\n\n\n<p>Com uma vasta experi\u00eancia como solista e camerista, tendo estudado com renomados nomes do cen\u00e1rio mundial, Sylvia logrou atingir desde cedo um&nbsp;not\u00e1vel&nbsp;grau de maturidade pian\u00edstica. Mestres como Maria da Penha, Myrian Dauelsberg, Bella Davidovich, Allan Weiss e Maria Jo\u00e3o Pires (de quem foi&nbsp;&nbsp;professora assistente na Chapelle Musicale Reine Elisabeth na B\u00e9lgica, e em Workshops ao redor do mundo)&nbsp;lhe proporcionaram a cultura art\u00edstica que lhe permitiu despontar no cen\u00e1rio internacional.&nbsp;J\u00e1 se apresentou em importantes salas de quase todos continentes tendo atuado como solista de importantes orquestras e regentes. Foi premiada na \u201cEdi\u00e7\u00e3o Martha Argerich\u201d do Concurso Internacional de Piano de Vigo, na Espanha em&nbsp; 2019 que teve Martha Argerich, Nelson Freire, Tamas Vasary e Sergio Tiempo no j\u00fari.<\/p>\n\n\n\n<p><strong>ALEXANDRE DEBRUS, Violoncelo<\/strong><\/p>\n\n\n\n<p>Nascido na B\u00e9lgica, Debrus \u00e9 filho de m\u00fasicos tendo recebido de sua m\u00e3e violoncelista as primeiras orienta\u00e7\u00f5es aos 4 anos de idade. Posteriormente estudou com\u00a0 mestres do quilate de Rostropovich, Mischa Maisky, Luc Dewez, Marc Drobinsky e YvanMonigheti. Sua discografia compreende 21 CDs como solista e camerista para selos como Pavane Records, EMI Classics, RCA Victor Red Seal (BMG)e Warner Classics. Recentemente gravou sob o selo Pavane Records as 6 CelloSuites de Johann Sebastian Bach para violoncelo solo, bem como os Trios 1 e 2 de F\u00e9lix Mendelssohn Bartholdy, como\u00a0 membro do Trio Carlo van Neste.\u00a0 Al\u00e9m das v\u00e1rias bolsas de estudo que lhe foram conferidas, foi agraciado com diversos pr\u00eamios dentre os quais o primeiro pr\u00eamio da competi\u00e7\u00e3o &#8220;Mathilde Horlait Dapsens&#8221;.<\/p>\n\n\n\n<figure class=\"wp-block-image size-large\"><img decoding=\"async\" src=\"blob:http:\/\/blogdalucianaoliveira.com.br\/11ef1073-6189-431e-83ea-df8dd188b757\" alt=\"\"\/><\/figure>\n\n\n\n<p>Alexandre foi vencedor da bolsa de 2004 da &#8220;Funda\u00e7\u00e3o Belga de Voca\u00e7\u00e3o (VOCATIO) e recebeu em 2007 o t\u00edtulo de cidad\u00e3o honor\u00e1rio da cidade de Nagakute no Jap\u00e3o. Entre 1999 e 2006, foi nomeado professor&nbsp; de m\u00fasica de c\u00e2mara do &#8220;Conservat\u00f3rio Real de M\u00fasica de Bruxelas&#8221;. Tem atuado regularmente como solista e camerista em pa\u00edses como&nbsp; B\u00e9lgica, Fran\u00e7a, Su\u00ed\u00e7a, Alemanha, S\u00e9rvia, It\u00e1lia, Espanha, Gr\u00e9cia, Estados Unidos, R\u00fassia, Argentina, Jap\u00e3o, China e Israel. Como professor \u00e9 sempre convidado para dar aulas em diversos festivais em v\u00e1rios pa\u00edses.&nbsp; Em 2020,&nbsp; recebeu o Trof\u00e9u Fuga, concedido uma vez por ano pela Uni\u00e3o de Compositores Belgas&nbsp; aos artistas que se dedicam \u00e0 m\u00fasica contempor\u00e2nea no Pa\u00eds. Se apresenta com um violoncelo constru\u00eddo por Georges Heynberg em Li\u00e8ge no ano de1934 denominado de&nbsp; &#8220;P\u00e9gasus&#8221; e tamb\u00e9m com&nbsp; outro do luthier&nbsp; Jan Strick (Bruxelas 2004) denominado &#8220;Alexandre&#8221;.<\/p>\n\n\n\n<p><strong>SERVI\u00c7O:<\/strong><\/p>\n\n\n\n<p><strong><a href=\"x-apple-data-detectors:\/\/11\">12\/03<\/a>, quinta-feira \u2013 Sylvia Thereza (piano) e Alexandre Debrus (violoncelo) Sala Cec\u00edlia Meireles<\/strong><\/p>\n\n\n\n<p>Endere\u00e7o:&nbsp;&nbsp;<a href=\"x-apple-data-detectors:\/\/14\/0\">Largo da Lapa, 47<\/a><\/p>\n\n\n\n<p>Telefone:&nbsp;<a href=\"tel:21%202332-9223\">21 2332-9223<\/a><\/p>\n\n\n\n<p>Hor\u00e1rio: 19h<\/p>\n\n\n\n<p>Programa: Schumann, Brahms, Rachmaninoff e Shostakovich.<\/p>\n\n\n\n<p>Ingressos: R$ 40,00 (inteira) e R$ 20,00 (meia)<\/p>\n\n\n\n<p>Locais de venda: Bilheteria da SCM &#8211; Segunda a sexta de 13h&nbsp;<a href=\"x-apple-data-detectors:\/\/15\">\u00e0s 18h<\/a>&nbsp;ou at\u00e9 in\u00edcio do concerto e&nbsp;<a rel=\"noreferrer noopener\" target=\"_blank\" href=\"http:\/\/ingressorapido.com.br\/\">ingressorapido.com.br<\/a><\/p>\n\n\n\n<p>Capacidade da sala: 670 lugares<\/p>\n\n\n\n<p>Site:&nbsp;<a rel=\"noreferrer noopener\" target=\"_blank\" href=\"http:\/\/salaceciliameireles.rj.gov.br\/\">http:\/\/salaceciliameireles.rj.gov.br<\/a><\/p>\n\n\n\n<p>Acessibilidade para deficientes f\u00edsicos<\/p>\n\n\n\n<p><strong>PROGRAMA:&nbsp;&nbsp;<a href=\"x-apple-data-detectors:\/\/18\">1h30<\/a>&nbsp;com intervalo<\/strong><\/p>\n\n\n\n<p>SCHUMANN \u2013 Fantasiestucke op. 73<\/p>\n\n\n\n<p>BRAHMS \u2013 SONATA op. 38, em Mi menor<\/p>\n\n\n\n<p>RACHMANINOFF \u2013 VOCALISE&nbsp; op. 34, n.14<\/p>\n\n\n\n<p>SCHOSTAKOVICH \u2013 SONATA op. 40<\/p>\n\n\n\n<p><strong>SERVI\u00c7O:<\/strong><\/p>\n\n\n\n<p><strong><a href=\"x-apple-data-detectors:\/\/19\">15\/03<\/a>, Domingo \u2013 Sylvia Thereza faz recital solo no Museu Brasileiro de Escultura &#8211; MUBE<\/strong><\/p>\n\n\n\n<p>Endere\u00e7o:&nbsp;<a href=\"x-apple-data-detectors:\/\/21\/0\">Rua Alemanha 221<\/a>, Jardim Europa<\/p>\n\n\n\n<p>Telefone:&nbsp;<a href=\"tel:11-2594%202601\">11-2594 2601<\/a><\/p>\n\n\n\n<p>Hor\u00e1rio: 16h<\/p>\n\n\n\n<p>Programa: Beethoven e Schumann<\/p>\n\n\n\n<p>Ingressos: 30 inteira e 15 meia (<a rel=\"noreferrer noopener\" target=\"_blank\" href=\"http:\/\/ingressorapido.com\/\">ingressorapido.com<\/a>&nbsp;e bilheteria)<\/p>\n\n\n\n<p>Dire\u00e7\u00e3o: Luiz Guilherme Pozzi<\/p>\n\n\n\n<p>Site:&nbsp;<a rel=\"noreferrer noopener\" target=\"_blank\" href=\"https:\/\/www.mube.space\/\">https:\/\/www.mube.space<\/a><\/p>\n\n\n\n<p><strong>Programa:<\/strong><\/p>\n\n\n\n<p>Beethoven &#8211; Sonata op.23 \u201cAppassionata\u201d<\/p>\n\n\n\n<p>R. Schumann &#8211; Arabesque op.18<\/p>\n\n\n\n<p>R. Schumann &#8211; Carnaval op.9<\/p>\n\n\n\n<p><strong>Sylvia Thereza no Instagram \u2013&nbsp;<\/strong>@sylvia.thereza&nbsp;<\/p>\n\n\n\n<p><strong>Alexandre Debrus no Instagram&nbsp; &#8211;<\/strong>@alexander_debrus_cellist<\/p>\n","protected":false},"excerpt":{"rendered":"<p>Radicada na B\u00e9lgica, pianista brasileira se apresenta na Sala Cec\u00edlia Meirelles ao lado do violoncelista belga Alexandre Debrus,&nbsp; e em recital solo no Museu Brasileiro de Escultura<\/p>\n","protected":false},"author":1,"featured_media":0,"comment_status":"closed","ping_status":"open","sticky":false,"template":"","format":"standard","meta":{"_exactmetrics_skip_tracking":false,"_exactmetrics_sitenote_active":false,"_exactmetrics_sitenote_note":"","_exactmetrics_sitenote_category":0,"jetpack_post_was_ever_published":false,"_jetpack_newsletter_access":"","_jetpack_dont_email_post_to_subs":false,"_jetpack_newsletter_tier_id":0,"_jetpack_memberships_contains_paywalled_content":false,"_jetpack_memberships_contains_paid_content":false,"footnotes":"","jetpack_publicize_message":"","jetpack_publicize_feature_enabled":true,"jetpack_social_post_already_shared":true,"jetpack_social_options":{"image_generator_settings":{"template":"highway","enabled":false},"version":2}},"categories":[1],"tags":[],"class_list":["post-26796","post","type-post","status-publish","format-standard","hentry","category-notas"],"jetpack_publicize_connections":[],"jetpack_sharing_enabled":true,"jetpack_featured_media_url":"","jetpack_shortlink":"https:\/\/wp.me\/p7wKYW-6Yc","jetpack-related-posts":[],"_links":{"self":[{"href":"http:\/\/blogdalucianaoliveira.com.br\/blog\/wp-json\/wp\/v2\/posts\/26796","targetHints":{"allow":["GET"]}}],"collection":[{"href":"http:\/\/blogdalucianaoliveira.com.br\/blog\/wp-json\/wp\/v2\/posts"}],"about":[{"href":"http:\/\/blogdalucianaoliveira.com.br\/blog\/wp-json\/wp\/v2\/types\/post"}],"author":[{"embeddable":true,"href":"http:\/\/blogdalucianaoliveira.com.br\/blog\/wp-json\/wp\/v2\/users\/1"}],"replies":[{"embeddable":true,"href":"http:\/\/blogdalucianaoliveira.com.br\/blog\/wp-json\/wp\/v2\/comments?post=26796"}],"version-history":[{"count":1,"href":"http:\/\/blogdalucianaoliveira.com.br\/blog\/wp-json\/wp\/v2\/posts\/26796\/revisions"}],"predecessor-version":[{"id":26799,"href":"http:\/\/blogdalucianaoliveira.com.br\/blog\/wp-json\/wp\/v2\/posts\/26796\/revisions\/26799"}],"wp:attachment":[{"href":"http:\/\/blogdalucianaoliveira.com.br\/blog\/wp-json\/wp\/v2\/media?parent=26796"}],"wp:term":[{"taxonomy":"category","embeddable":true,"href":"http:\/\/blogdalucianaoliveira.com.br\/blog\/wp-json\/wp\/v2\/categories?post=26796"},{"taxonomy":"post_tag","embeddable":true,"href":"http:\/\/blogdalucianaoliveira.com.br\/blog\/wp-json\/wp\/v2\/tags?post=26796"}],"curies":[{"name":"wp","href":"https:\/\/api.w.org\/{rel}","templated":true}]}}