{"id":26803,"date":"2020-03-09T21:49:19","date_gmt":"2020-03-10T01:49:19","guid":{"rendered":"http:\/\/blogdalucianaoliveira.com.br\/blog\/?p=26803"},"modified":"2020-03-09T21:49:27","modified_gmt":"2020-03-10T01:49:27","slug":"a-crise-que-deixou-o-posto-ipiranga-sem-resposta","status":"publish","type":"post","link":"http:\/\/blogdalucianaoliveira.com.br\/blog\/2020\/03\/09\/a-crise-que-deixou-o-posto-ipiranga-sem-resposta\/","title":{"rendered":"A CRISE QUE DEIXOU O POSTO IPIRANGA SEM RESPOSTA"},"content":{"rendered":"\n<figure class=\"wp-block-image size-large\"><img loading=\"lazy\" decoding=\"async\" width=\"1200\" height=\"710\" data-attachment-id=\"26804\" data-permalink=\"http:\/\/blogdalucianaoliveira.com.br\/blog\/2020\/03\/09\/a-crise-que-deixou-o-posto-ipiranga-sem-resposta\/image-22-5\/\" data-orig-file=\"https:\/\/i0.wp.com\/blogdalucianaoliveira.com.br\/blog\/wp-content\/uploads\/2020\/03\/image-22.jpeg?fit=1200%2C710\" data-orig-size=\"1200,710\" data-comments-opened=\"0\" data-image-meta=\"{&quot;aperture&quot;:&quot;0&quot;,&quot;credit&quot;:&quot;&quot;,&quot;camera&quot;:&quot;&quot;,&quot;caption&quot;:&quot;&quot;,&quot;created_timestamp&quot;:&quot;0&quot;,&quot;copyright&quot;:&quot;&quot;,&quot;focal_length&quot;:&quot;0&quot;,&quot;iso&quot;:&quot;0&quot;,&quot;shutter_speed&quot;:&quot;0&quot;,&quot;title&quot;:&quot;&quot;,&quot;orientation&quot;:&quot;0&quot;}\" data-image-title=\"image-22\" data-image-description=\"\" data-image-caption=\"\" data-medium-file=\"https:\/\/i0.wp.com\/blogdalucianaoliveira.com.br\/blog\/wp-content\/uploads\/2020\/03\/image-22.jpeg?fit=300%2C178\" data-large-file=\"https:\/\/i0.wp.com\/blogdalucianaoliveira.com.br\/blog\/wp-content\/uploads\/2020\/03\/image-22.jpeg?fit=600%2C355\" src=\"https:\/\/i0.wp.com\/blogdalucianaoliveira.com.br\/blog\/wp-content\/uploads\/2020\/03\/image-22.jpeg?fit=600%2C355\" alt=\"\" class=\"wp-image-26804\" srcset=\"https:\/\/i0.wp.com\/blogdalucianaoliveira.com.br\/blog\/wp-content\/uploads\/2020\/03\/image-22.jpeg?w=1200 1200w, https:\/\/i0.wp.com\/blogdalucianaoliveira.com.br\/blog\/wp-content\/uploads\/2020\/03\/image-22.jpeg?resize=300%2C178 300w, https:\/\/i0.wp.com\/blogdalucianaoliveira.com.br\/blog\/wp-content\/uploads\/2020\/03\/image-22.jpeg?resize=1024%2C606 1024w, https:\/\/i0.wp.com\/blogdalucianaoliveira.com.br\/blog\/wp-content\/uploads\/2020\/03\/image-22.jpeg?resize=768%2C454 768w, https:\/\/i0.wp.com\/blogdalucianaoliveira.com.br\/blog\/wp-content\/uploads\/2020\/03\/image-22.jpeg?resize=507%2C300 507w\" sizes=\"auto, (max-width: 600px) 100vw, 600px\" \/><\/figure>\n\n\n\n<p>Com avan\u00e7o do coronav\u00edrus, queda do pre\u00e7o do petr\u00f3leo e recess\u00e3o no horizonte, economistas cobram do governo Bolsonaro investimento p\u00fablico e a\u00e7\u00e3o al\u00e9m da cartilha fiscalista.<\/p>\n\n\n\n<!--more-->\n\n\n\n<p>Na Revista Piau\u00ed <\/p>\n\n\n\n<p><strong>THAIS BILENKY<\/strong><\/p>\n\n\n\n<p><br>A amea\u00e7a de\u00a0pandemia causada pelo novo coronav\u00edrus, a queda de mais de 30% no pre\u00e7o do petr\u00f3leo, o p\u00e2nico nos mercados mundo afora e a frustra\u00e7\u00e3o com a recupera\u00e7\u00e3o da economia brasileira exigem medidas imediatas do governo, alertam economistas. Para Monica de Bolle, o pa\u00eds precisa acabar com o teto de gastos e o governo, fazer investimento p\u00fablico em infraestrutura. \u201cEstou cada vez mais convencida de que a chance de o pa\u00eds entrar em recess\u00e3o \u00e9 grande, n\u00e3o \u00e9 pequena\u201d, afirmou a pesquisadora no PIIE (Peterson Institute for International Economics), baseado em Washington.\u00a0<br><\/p>\n\n\n\n<p>A preocupa\u00e7\u00e3o \u00e9 compartilhada pela economista Laura Carvalho, professora na Universidade de S\u00e3o Paulo. \u201cApesar da promessa de que a reforma da Previd\u00eancia faria com que a confian\u00e7a de investidores fosse retomada, na pr\u00e1tica a gente v\u00ea que o mercado interno tem de estar aquecido, as vendas t\u00eam de estar subindo para haver investimento. N\u00e3o \u00e9 algo t\u00e3o m\u00edstico quanto parece\u201d, afirmou. \u201cA \u00fanica coisa que poderia diminuir esses impactos seria o aumento dos investimentos p\u00fablicos. A situa\u00e7\u00e3o pode ser bem dram\u00e1tica, pode acontecer mesmo uma recess\u00e3o ainda neste ano.\u201d<\/p>\n\n\n\n<p>Na an\u00e1lise de Carvalho, a flexibiliza\u00e7\u00e3o do teto de gastos \u00e9 necess\u00e1ria. \u201cEssa regra, de crescimento zero dos gastos p\u00fablicos em termos reais, n\u00e3o \u00e9 aplicada em nenhum pa\u00eds do mundo. E pa\u00edses que adotam regras de gastos no geral d\u00e3o tratamento especial a investimentos de infraestrutura, que geram efeito de longo prazo.\u201d&nbsp;<\/p>\n\n\n\n<p>H\u00e1, contudo, desapontamento com a resposta do governo Bolsonaro \u00e0s dificuldades econ\u00f4micas \u2013 o ministro Paulo Guedes, da Economia, disse que sua equipe est\u00e1 \u201cabsolutamente tranquila\u201d com a desacelera\u00e7\u00e3o da economia mundial, mesmo tom adotado na semana passada ap\u00f3s a divulga\u00e7\u00e3o do crescimento de 1,1% do PIB (Produto Interno Bruto) em 2019 pelo IBGE (Instituto Brasileiro de Geografia e Estat\u00edstica). \u201cO governo por enquanto parece completamente perdido, n\u00e3o tem nada sendo dito nessa linha, e Paulo Guedes fica batendo na tecla das reformas, que nesse caso s\u00e3o absolutamente inadequadas, n\u00e3o v\u00e3o ajudar em nada o Brasil a navegar nessa crise\u201d, disse de Bolle.&nbsp;<\/p>\n\n\n\n<p>O presidente da C\u00e2mara, Rodrigo Maia (DEM-RJ), por sua vez, tem condi\u00e7\u00f5es de ser o protagonista de uma agenda de rea\u00e7\u00e3o ao cen\u00e1rio internacional alarmante, na opini\u00e3o da economista. \u201cEle entende a gravidade da situa\u00e7\u00e3o e poderia, sim, sair \u00e0 frente com alguma proposta e tentativa de liberar recursos do governo. Esse \u00e9 o momento, e n\u00e3o estou nem a\u00ed se vou ser crucificada no Brasil por causa disso: o teto de gastos \u00e9 uma estupidez completa\u201d, ela afirmou.<\/p>\n\n\n\n<p>A emenda constitucional criando um teto de gastos foi aprovada em dezembro de 2016, no governo Michel Temer (MDB), estabelecendo como limite para os gastos p\u00fablicos, durante vinte anos, o valor desembolsado no ano anterior atualizado pela infla\u00e7\u00e3o. A manuten\u00e7\u00e3o do desemprego em taxa elevada \u2013 11%, segundo o IBGE\u2013&nbsp; e a economia fr\u00e1gil deixam \u201co Brasil em uma situa\u00e7\u00e3o muito ruim, sem muito espa\u00e7o para fazer pol\u00edtica de est\u00edmulo\u201d, argumentou de Bolle. A taxa b\u00e1sica de juros (Selic) est\u00e1 em 4,25% ao ano, o menor n\u00edvel da hist\u00f3ria. O real est\u00e1 em franca desvaloriza\u00e7\u00e3o perante o d\u00f3lar, atingindo R$ 4,76 nesta segunda-feira (9).&nbsp;<\/p>\n\n\n\n<p>&nbsp;\u201cNa&nbsp;\u00e1rea&nbsp;fiscal, o pa\u00eds at\u00e9 tem mais margem de manobra e deveria us\u00e1-la principalmente se tivesse uma estrat\u00e9gia quanto \u00e0 infraestrutura, porque os efeitos na economia s\u00e3o multiplicados, isso gera mais movimenta\u00e7\u00e3o de investimento\u201d, disse a pesquisadora do PIIE. Em seu Twitter, afirmou: \u201cQuem \u00e9 contra medida antic\u00edclica diante de um quadro sem precedentes de crise no mundo causado por uma epidemia grave deve ser cobrado quando der tudo errado.\u201d<\/p>\n\n\n\n<p>Maia deu declara\u00e7\u00f5es p\u00fablicas recentes defendendo a expans\u00e3o do investimento p\u00fablico como resposta \u00e0 lenta recupera\u00e7\u00e3o econ\u00f4mica nacional. \u201cOs n\u00fameros [<em>do PIB<\/em>] mostram uma queda do volume de investimento p\u00fablico, uma queda de servi\u00e7os na \u00e1rea p\u00fablica, o que prova que a aplica\u00e7\u00e3o do Or\u00e7amento, os investimentos p\u00fablicos, s\u00e3o muito importantes tamb\u00e9m para ajudar o crescimento econ\u00f4mico\u201d, afirmou o presidente da C\u00e2mara na semana passada, depois de divulgado o crescimento econ\u00f4mico de 2019. \u201cA gente n\u00e3o consegue organizar um pa\u00eds apenas com as reformas, cortando, cortando, cortando. Isso tudo \u00e9 fundamental: reforma administrativa, previdenci\u00e1ria, tribut\u00e1ria. Agora, para o Brasil crescer, \u00e9 importante que a gente olhe que o setor privado sozinho n\u00e3o vai resolver todos os problemas.\u201d<\/p>\n\n\n\n<p>A economista Zeina Latif afirmou que, diante de \u201cm\u00e1s not\u00edcias para todos os lados\u201d, \u201cse a gente tivesse uma agenda mais promissora, se visse de fato o pa\u00eds num momento mais reformista, o efeito de cont\u00e1gio [<em>da somat\u00f3ria de dificuldades<\/em>] ia acontecer, mas talvez a gente conseguisse reduzir um pouco. Assusta o fato de, com a economia fr\u00e1gil, a gente estar gastando energia em temas secund\u00e1rios, ru\u00eddos pol\u00edticos. Passa a no\u00e7\u00e3o de que o governo n\u00e3o entendeu a gravidade do que est\u00e1 por vir\u201d.<\/p>\n\n\n\n<p>No s\u00e1bado, o presidente Jair Bolsonaro estimulou a popula\u00e7\u00e3o a comparecer a manifesta\u00e7\u00f5es marcadas para o pr\u00f3ximo domingo, dia 15, negando que sejam atos contra o Congresso e o Judici\u00e1rio, embora essa tenha sido a bandeira erguida pelos movimentos que as convocaram inicialmente.<\/p>\n\n\n\n<p>O deputado Samuel Moreira (PSDB-SP), que foi o relator da reforma da Previd\u00eancia na C\u00e2mara, disse que, embora tor\u00e7a por unidade, n\u00e3o tem expectativa de o governo mudar seu \u201ccomportamento sistem\u00e1tico de criar divis\u00e3o\u201d.&nbsp; Na opini\u00e3o do tucano, as bases para uma recupera\u00e7\u00e3o mais vigorosa da economia s\u00e3o dadas pelas reformas estruturais, mas a beliger\u00e2ncia do Executivo fragilizam a confian\u00e7a do investidor.&nbsp;&nbsp;<\/p>\n\n\n\n<p>\u201cPrecisamos cobrar que o governo mande a reforma administrativa, fa\u00e7a essa reforma e a tribut\u00e1ria, sinalize que est\u00e3o andando, que n\u00e3o ser\u00e3o contaminadas\u201d, afirmou. \u201cSe voc\u00ea tem responsabilidade fiscal, mas tem comportamento de conflito o tempo todo, voc\u00ea dificulta o fator credibilidade. A gente ganha elei\u00e7\u00e3o para resolver problemas, n\u00e3o para ficar reclamando dos outros\u201d, cobrou. \u201cAs pessoas s\u00e3o livres para fazer manifesta\u00e7\u00e3o. O presidente estimular [<em>protestos<\/em>] n\u00e3o ajuda. Na medida em que ele se associa publicamente a movimentos contra outras institui\u00e7\u00f5es, a\u00ed ele atrapalha.\u201d<\/p>\n\n\n\n<p>\u201cEm vez de ter di\u00e1logo, colocar a sociedade contra o Congresso \u00e9 um grande equ\u00edvoco\u201d, avaliou Latif, ex-economista-chefe da XP Investimentos. \u201cO Congresso foi muito importante na aprova\u00e7\u00e3o da reforma da Previd\u00eancia e estava muito disposto a fazer a tribut\u00e1ria. Perdeu-se o&nbsp;<em>timing<\/em>, o segundo semestre do ano passado foi perdido, e o governo ainda n\u00e3o conseguiu se posicionar sobre a reforma tribut\u00e1ria que quer.\u201d<\/p>\n\n\n\n<p><strong>O<\/strong> encontro de Bolsonaro com o presidente dos Estados Unidos, Donald Trump, no \u00faltimo s\u00e1bado, na Fl\u00f3rida, assim como a resposta de outros l\u00edderes internacionais n\u00e3o serviram para a elabora\u00e7\u00e3o de respostas aos problemas mundiais, afirmou Latif. \u201cO mundo est\u00e1 mais protecionista, cada pa\u00eds vai se fechando, e \u00e9 impressionante como os l\u00edderes n\u00e3o est\u00e3o \u00e0 altura dos desafios, est\u00e3o isolados. No encontro entre Trump e Bolsonaro, \u00e9 como se n\u00e3o existisse crise de coronav\u00edrus. Tudo \u00e9 muito politizado.\u201d<\/p>\n\n\n\n<p>A epidemia traz uma crise de oferta ao afetar produtores de insumos b\u00e1sicos da ind\u00fastria e afasta m\u00e3o de obra de servi\u00e7os e com\u00e9rcio. Traz tamb\u00e9m incerteza: ainda n\u00e3o est\u00e1 claro quando o novo coronav\u00edrus atingir\u00e1 seu \u00e1pice de cont\u00e1gio no mundo e como ser\u00e1 contido. Isso gera avers\u00e3o ao risco nos mercados e prejudica emergentes como o Brasil, onde h\u00e1 capital especulativo.<\/p>\n\n\n\n<p>Al\u00e9m de tudo, \u201chavia a perspectiva de que a China faria muito investimento no Brasil e no mundo todo,&nbsp;uma vez que&nbsp;estava com o ritmo de desacelera\u00e7\u00e3o adequado. N\u00e3o vai vir dinheiro para o Brasil nem para ningu\u00e9m\u201d, disse Latif.&nbsp;<\/p>\n\n\n\n<p>A queda vertiginosa do pre\u00e7o do petr\u00f3leo de domingo para segunda, o maior baque desde 1991, quando das negocia\u00e7\u00f5es para o fim da Guerra do Golfo, \u00e9 outro fator de preocupa\u00e7\u00e3o para a economia nacional. O ministro Bento Albuquerque (Minas e Energia) disse ao site Poder360 que o governo pode elevar a Cide (Contribui\u00e7\u00e3o de Interven\u00e7\u00e3o no Dom\u00ednio Econ\u00f4mico) como resposta. \u201cO governo vem estudando um instrumento via tributos como forma de n\u00e3o submeter a economia, bem como a popula\u00e7\u00e3o, \u00e0 volatilidade abrupta de pre\u00e7os, para mais ou para menos\u201d, afirmou ele. Nesta segunda, por\u00e9m, Bolsonaro descartou elevar a Cide e disse que a tend\u00eancia \u00e9 que os pre\u00e7os dos combust\u00edveis caiam nas refinarias.\u00a0<br><\/p>\n\n\n\n<p>Na avalia\u00e7\u00e3o de&nbsp; Latif, mexer na Cide \u00e9 uma medida necess\u00e1ria. \u201cTem que retomar a Cide, aproveitar esses momentos de queda de pre\u00e7o. Tem que fazer esse colch\u00e3o. A infla\u00e7\u00e3o est\u00e1 bem comportada.\u201d Para Monica de Bolle, o choque de oferta de petr\u00f3leo pode at\u00e9 ser positivo para a economia mundial, com a queda do pre\u00e7o, mas para o Brasil a situa\u00e7\u00e3o fica ainda mais delicada. As a\u00e7\u00f5es da Petrobras chegaram a despencar 24% na Bolsa nesta segunda. \u201cIsso reduz ainda mais a capacidade de infraestrutura, por isso o pa\u00eds precisa de investimento p\u00fablico imediato\u201d, afirmou.<\/p>\n\n\n\n<p>Laura Carvalho identifica um potencial preju\u00edzo \u00e0 economia nacional compar\u00e1vel ao de 2015. Como o Brasil exporta mais \u00f3leo do que importa e a Petrobras responde por cerca de um quinto dos investimentos totais no Brasil, um choque nesse setor pode mexer em alicerces da economia, disse ela. \u201cA gente n\u00e3o sabe se vai ser da mesma magnitude ou menor, mas n\u00e3o \u00e9 algo nada negligenci\u00e1vel. Para al\u00e9m do efeito direto [da desvaloriza\u00e7\u00e3o da Petrobras], tem o efeito na arrecada\u00e7\u00e3o de estados ligados a petr\u00f3leo\u201d, afirmou.<\/p>\n\n\n\n<p>Latif notou que, em geral, em momentos turbulentos como o atual, o governo de turno se empenha em mostrar uma rea\u00e7\u00e3o. \u201c\u00c9 o oposto do que est\u00e1 acontecendo agora\u201d, lamentou. De Bolle disse que Paulo Guedes parece mais enfraquecido no governo, e que o secret\u00e1rio do Tesouro, Mansueto de Almeida, que disse estar preocupado com a retomada econ\u00f4mica do pa\u00eds, \u00e9 \u201ca pessoa mais s\u00eanior na equipe\u201d e seria um bom nome para substitu\u00ed-lo. \u201cVai ter que tirar chap\u00e9u fiscalista e substituir por outro, mas acho que \u00e9 capaz, \u00e9 bom economista.\u201d<\/p>\n\n\n\n<p>Carvalho disse que, \u201ccom o d\u00f3lar t\u00e3o alto, pode ser que o Banco Central pare de reduzir os juros e at\u00e9 os eleve. Pode acabar tendo impacto na infla\u00e7\u00e3o, o que n\u00e3o ocorreu at\u00e9 agora.&nbsp; A gente perde a \u00fanica parte de est\u00edmulo que est\u00e1 vindo da pol\u00edtica monet\u00e1ria. \u00c9 um quadro bem sombrio.\u201d<\/p>\n","protected":false},"excerpt":{"rendered":"<p>Com avan\u00e7o do coronav\u00edrus, queda do pre\u00e7o do petr\u00f3leo e recess\u00e3o no horizonte, economistas cobram do governo Bolsonaro investimento p\u00fablico e a\u00e7\u00e3o al\u00e9m da cartilha fiscalista.<\/p>\n","protected":false},"author":1,"featured_media":0,"comment_status":"closed","ping_status":"open","sticky":false,"template":"","format":"standard","meta":{"_exactmetrics_skip_tracking":false,"_exactmetrics_sitenote_active":false,"_exactmetrics_sitenote_note":"","_exactmetrics_sitenote_category":0,"jetpack_post_was_ever_published":false,"_jetpack_newsletter_access":"","_jetpack_dont_email_post_to_subs":false,"_jetpack_newsletter_tier_id":0,"_jetpack_memberships_contains_paywalled_content":false,"_jetpack_memberships_contains_paid_content":false,"footnotes":"","jetpack_publicize_message":"","jetpack_publicize_feature_enabled":true,"jetpack_social_post_already_shared":true,"jetpack_social_options":{"image_generator_settings":{"template":"highway","enabled":false},"version":2}},"categories":[1],"tags":[],"class_list":["post-26803","post","type-post","status-publish","format-standard","hentry","category-notas"],"jetpack_publicize_connections":[],"jetpack_sharing_enabled":true,"jetpack_featured_media_url":"","jetpack_shortlink":"https:\/\/wp.me\/p7wKYW-6Yj","jetpack-related-posts":[],"_links":{"self":[{"href":"http:\/\/blogdalucianaoliveira.com.br\/blog\/wp-json\/wp\/v2\/posts\/26803","targetHints":{"allow":["GET"]}}],"collection":[{"href":"http:\/\/blogdalucianaoliveira.com.br\/blog\/wp-json\/wp\/v2\/posts"}],"about":[{"href":"http:\/\/blogdalucianaoliveira.com.br\/blog\/wp-json\/wp\/v2\/types\/post"}],"author":[{"embeddable":true,"href":"http:\/\/blogdalucianaoliveira.com.br\/blog\/wp-json\/wp\/v2\/users\/1"}],"replies":[{"embeddable":true,"href":"http:\/\/blogdalucianaoliveira.com.br\/blog\/wp-json\/wp\/v2\/comments?post=26803"}],"version-history":[{"count":1,"href":"http:\/\/blogdalucianaoliveira.com.br\/blog\/wp-json\/wp\/v2\/posts\/26803\/revisions"}],"predecessor-version":[{"id":26805,"href":"http:\/\/blogdalucianaoliveira.com.br\/blog\/wp-json\/wp\/v2\/posts\/26803\/revisions\/26805"}],"wp:attachment":[{"href":"http:\/\/blogdalucianaoliveira.com.br\/blog\/wp-json\/wp\/v2\/media?parent=26803"}],"wp:term":[{"taxonomy":"category","embeddable":true,"href":"http:\/\/blogdalucianaoliveira.com.br\/blog\/wp-json\/wp\/v2\/categories?post=26803"},{"taxonomy":"post_tag","embeddable":true,"href":"http:\/\/blogdalucianaoliveira.com.br\/blog\/wp-json\/wp\/v2\/tags?post=26803"}],"curies":[{"name":"wp","href":"https:\/\/api.w.org\/{rel}","templated":true}]}}