{"id":26806,"date":"2020-03-10T07:37:51","date_gmt":"2020-03-10T11:37:51","guid":{"rendered":"http:\/\/blogdalucianaoliveira.com.br\/blog\/?p=26806"},"modified":"2020-03-10T07:41:43","modified_gmt":"2020-03-10T11:41:43","slug":"noblat-sugere-anulacao-das-eleicoes-de-2018","status":"publish","type":"post","link":"http:\/\/blogdalucianaoliveira.com.br\/blog\/2020\/03\/10\/noblat-sugere-anulacao-das-eleicoes-de-2018\/","title":{"rendered":"Noblat sugere anula\u00e7\u00e3o das elei\u00e7\u00f5es de 2018"},"content":{"rendered":"\n<figure class=\"wp-block-image size-large\"><img data-recalc-dims=\"1\" loading=\"lazy\" decoding=\"async\" width=\"500\" height=\"240\" data-attachment-id=\"26807\" data-permalink=\"http:\/\/blogdalucianaoliveira.com.br\/blog\/2020\/03\/10\/noblat-sugere-anulacao-das-eleicoes-de-2018\/image-23-4\/\" data-orig-file=\"https:\/\/i0.wp.com\/blogdalucianaoliveira.com.br\/blog\/wp-content\/uploads\/2020\/03\/image-23.jpeg?fit=500%2C240\" data-orig-size=\"500,240\" data-comments-opened=\"0\" data-image-meta=\"{&quot;aperture&quot;:&quot;0&quot;,&quot;credit&quot;:&quot;&quot;,&quot;camera&quot;:&quot;&quot;,&quot;caption&quot;:&quot;&quot;,&quot;created_timestamp&quot;:&quot;0&quot;,&quot;copyright&quot;:&quot;&quot;,&quot;focal_length&quot;:&quot;0&quot;,&quot;iso&quot;:&quot;0&quot;,&quot;shutter_speed&quot;:&quot;0&quot;,&quot;title&quot;:&quot;&quot;,&quot;orientation&quot;:&quot;0&quot;}\" data-image-title=\"image-23\" data-image-description=\"\" data-image-caption=\"\" data-medium-file=\"https:\/\/i0.wp.com\/blogdalucianaoliveira.com.br\/blog\/wp-content\/uploads\/2020\/03\/image-23.jpeg?fit=300%2C144\" data-large-file=\"https:\/\/i0.wp.com\/blogdalucianaoliveira.com.br\/blog\/wp-content\/uploads\/2020\/03\/image-23.jpeg?fit=500%2C240\" src=\"https:\/\/i0.wp.com\/blogdalucianaoliveira.com.br\/blog\/wp-content\/uploads\/2020\/03\/image-23.jpeg?resize=500%2C240\" alt=\"\" class=\"wp-image-26807\" srcset=\"https:\/\/i0.wp.com\/blogdalucianaoliveira.com.br\/blog\/wp-content\/uploads\/2020\/03\/image-23.jpeg?w=500 500w, https:\/\/i0.wp.com\/blogdalucianaoliveira.com.br\/blog\/wp-content\/uploads\/2020\/03\/image-23.jpeg?resize=300%2C144 300w\" sizes=\"auto, (max-width: 500px) 100vw, 500px\" \/><\/figure>\n\n\n\n<p>247 &#8211; Depois que Jair Bolsonaro apontou, sem apresentar qualquer prova, suposta fraude nas urnas em 2018, o jornalista Ricardo Noblat decidiu propor a anula\u00e7\u00e3o dos resultados e a convoca\u00e7\u00e3o de um novo pleito.<\/p>\n\n\n\n<!--more-->\n\n\n\n<figure class=\"wp-block-embed-twitter wp-block-embed is-type-rich is-provider-twitter\"><div class=\"wp-block-embed__wrapper\">\n<blockquote class=\"twitter-tweet\" data-width=\"550\" data-dnt=\"true\"><p lang=\"pt\" dir=\"ltr\">Pergunta que n\u00e3o quer calar: se houve fraude na elei\u00e7\u00e3o presidencial de 2018 como diz Bolsonaro, n\u00e3o seria o caso de anul\u00e1-la e convocar outra?<\/p>&mdash; Blog do Noblat (@BlogdoNoblat) <a href=\"https:\/\/twitter.com\/BlogdoNoblat\/status\/1237181900688670721?ref_src=twsrc%5Etfw\">March 10, 2020<\/a><\/blockquote><script async src=\"https:\/\/platform.twitter.com\/widgets.js\" charset=\"utf-8\"><\/script>\n<\/div><\/figure>\n\n\n\n<p><strong><br>MIAMI (Reuters) &#8211;\u00a0<\/strong>O presidente Jair Bolsonaro afirmou nesta segunda-feira, em Miami, que em breve poder\u00e1 apresentar evid\u00eancias de que teria vencido as elei\u00e7\u00f5es de 2018 no primeiro turno se n\u00e3o tivesse ocorrido algum tipo de fraude.<\/p>\n\n\n\n<p>Segundo o presidente, \u00e9 preciso encontrar uma nova forma de apura\u00e7\u00e3o das elei\u00e7\u00f5es para evitar esse tipo de problema.<\/p>\n\n\n\n<p>Bolsonaro afirmou ainda que acredita que teve uma vota\u00e7\u00e3o muito maior do que efetivamente foi computado, derrotando o petista Fernando Haddad j\u00e1 no primeiro turno.<\/p>\n","protected":false},"excerpt":{"rendered":"<p>247 &#8211; Depois que Jair Bolsonaro apontou, sem apresentar qualquer prova, suposta fraude nas urnas em 2018, o jornalista Ricardo Noblat decidiu propor a anula\u00e7\u00e3o dos resultados e a convoca\u00e7\u00e3o de um novo pleito.<\/p>\n","protected":false},"author":1,"featured_media":0,"comment_status":"closed","ping_status":"open","sticky":false,"template":"","format":"standard","meta":{"_exactmetrics_skip_tracking":false,"_exactmetrics_sitenote_active":false,"_exactmetrics_sitenote_note":"","_exactmetrics_sitenote_category":0,"jetpack_post_was_ever_published":false,"_jetpack_newsletter_access":"","_jetpack_dont_email_post_to_subs":false,"_jetpack_newsletter_tier_id":0,"_jetpack_memberships_contains_paywalled_content":false,"_jetpack_memberships_contains_paid_content":false,"footnotes":"","jetpack_publicize_message":"","jetpack_publicize_feature_enabled":true,"jetpack_social_post_already_shared":true,"jetpack_social_options":{"image_generator_settings":{"template":"highway","enabled":false},"version":2}},"categories":[1],"tags":[],"class_list":["post-26806","post","type-post","status-publish","format-standard","hentry","category-notas"],"jetpack_publicize_connections":[],"jetpack_sharing_enabled":true,"jetpack_featured_media_url":"","jetpack_shortlink":"https:\/\/wp.me\/p7wKYW-6Ym","jetpack-related-posts":[],"_links":{"self":[{"href":"http:\/\/blogdalucianaoliveira.com.br\/blog\/wp-json\/wp\/v2\/posts\/26806","targetHints":{"allow":["GET"]}}],"collection":[{"href":"http:\/\/blogdalucianaoliveira.com.br\/blog\/wp-json\/wp\/v2\/posts"}],"about":[{"href":"http:\/\/blogdalucianaoliveira.com.br\/blog\/wp-json\/wp\/v2\/types\/post"}],"author":[{"embeddable":true,"href":"http:\/\/blogdalucianaoliveira.com.br\/blog\/wp-json\/wp\/v2\/users\/1"}],"replies":[{"embeddable":true,"href":"http:\/\/blogdalucianaoliveira.com.br\/blog\/wp-json\/wp\/v2\/comments?post=26806"}],"version-history":[{"count":1,"href":"http:\/\/blogdalucianaoliveira.com.br\/blog\/wp-json\/wp\/v2\/posts\/26806\/revisions"}],"predecessor-version":[{"id":26808,"href":"http:\/\/blogdalucianaoliveira.com.br\/blog\/wp-json\/wp\/v2\/posts\/26806\/revisions\/26808"}],"wp:attachment":[{"href":"http:\/\/blogdalucianaoliveira.com.br\/blog\/wp-json\/wp\/v2\/media?parent=26806"}],"wp:term":[{"taxonomy":"category","embeddable":true,"href":"http:\/\/blogdalucianaoliveira.com.br\/blog\/wp-json\/wp\/v2\/categories?post=26806"},{"taxonomy":"post_tag","embeddable":true,"href":"http:\/\/blogdalucianaoliveira.com.br\/blog\/wp-json\/wp\/v2\/tags?post=26806"}],"curies":[{"name":"wp","href":"https:\/\/api.w.org\/{rel}","templated":true}]}}