{"id":26810,"date":"2020-03-10T07:47:21","date_gmt":"2020-03-10T11:47:21","guid":{"rendered":"http:\/\/blogdalucianaoliveira.com.br\/blog\/?p=26810"},"modified":"2020-03-10T07:48:13","modified_gmt":"2020-03-10T11:48:13","slug":"bolsonaro-afirma-ter-provas-de-que-a-urna-e-plana","status":"publish","type":"post","link":"http:\/\/blogdalucianaoliveira.com.br\/blog\/2020\/03\/10\/bolsonaro-afirma-ter-provas-de-que-a-urna-e-plana\/","title":{"rendered":"Bolsonaro afirma ter provas de que a urna \u00e9 plana"},"content":{"rendered":"\n<figure class=\"wp-block-image size-large\"><img data-recalc-dims=\"1\" loading=\"lazy\" decoding=\"async\" width=\"600\" height=\"336\" data-attachment-id=\"26812\" data-permalink=\"http:\/\/blogdalucianaoliveira.com.br\/blog\/2020\/03\/10\/bolsonaro-afirma-ter-provas-de-que-a-urna-e-plana\/image-1-7\/\" data-orig-file=\"https:\/\/i0.wp.com\/blogdalucianaoliveira.com.br\/blog\/wp-content\/uploads\/2020\/03\/image-1.png?fit=768%2C430\" data-orig-size=\"768,430\" data-comments-opened=\"0\" data-image-meta=\"{&quot;aperture&quot;:&quot;0&quot;,&quot;credit&quot;:&quot;&quot;,&quot;camera&quot;:&quot;&quot;,&quot;caption&quot;:&quot;&quot;,&quot;created_timestamp&quot;:&quot;0&quot;,&quot;copyright&quot;:&quot;&quot;,&quot;focal_length&quot;:&quot;0&quot;,&quot;iso&quot;:&quot;0&quot;,&quot;shutter_speed&quot;:&quot;0&quot;,&quot;title&quot;:&quot;&quot;,&quot;orientation&quot;:&quot;0&quot;}\" data-image-title=\"image-1\" data-image-description=\"\" data-image-caption=\"\" data-medium-file=\"https:\/\/i0.wp.com\/blogdalucianaoliveira.com.br\/blog\/wp-content\/uploads\/2020\/03\/image-1.png?fit=300%2C168\" data-large-file=\"https:\/\/i0.wp.com\/blogdalucianaoliveira.com.br\/blog\/wp-content\/uploads\/2020\/03\/image-1.png?fit=600%2C336\" src=\"https:\/\/i0.wp.com\/blogdalucianaoliveira.com.br\/blog\/wp-content\/uploads\/2020\/03\/image-1.png?resize=600%2C336\" alt=\"\" class=\"wp-image-26812\" srcset=\"https:\/\/i0.wp.com\/blogdalucianaoliveira.com.br\/blog\/wp-content\/uploads\/2020\/03\/image-1.png?w=768 768w, https:\/\/i0.wp.com\/blogdalucianaoliveira.com.br\/blog\/wp-content\/uploads\/2020\/03\/image-1.png?resize=300%2C168 300w, https:\/\/i0.wp.com\/blogdalucianaoliveira.com.br\/blog\/wp-content\/uploads\/2020\/03\/image-1.png?resize=536%2C300 536w\" sizes=\"auto, (max-width: 600px) 100vw, 600px\" \/><\/figure>\n\n\n\n<p>Na FSP, por <strong>Renato Terra\u00a0<\/strong>&#8211; Acossado pela crise econ\u00f4mica mundial, o presidente Jair Messias Bolsonaro atirou no ch\u00e3o uma bomba ninja ret\u00f3rica. \u201cTenho provas de que as elei\u00e7\u00f5es foram fraudadas. Fotos de sat\u00e9lite mostram que a urna \u00e9 plana. E, portanto, eu fui eleito em primeiro, segundo e terceiro turno para reinar na Via L\u00e1ctea. Todo mundo votou nulo para o legislativo e para o STF, o que invalida essas institui\u00e7\u00f5es at\u00e9 que o problema da urna plana seja resolvido pelos Incas\u201d, discursou, enquanto tentava dissipar a cortina de fuma\u00e7a formada pela bomba ninja.<\/p>\n\n\n\n<!--more-->\n\n\n\n<p>Pelo twitter, a secretaria de comunica\u00e7\u00e3o se&nbsp;encarregou de responder sobre a crise econ\u00f4mica. \u201cExiste a IBOVESPA privada, que deu preju\u00edzo hoje. Mas a IBOVESPA p\u00fablica cresceu 17%\u201d,&nbsp;mostrava um&nbsp;gr\u00e1fico enfeitadinho.<\/p>\n\n\n\n<p>No final da tarde, Jair Bolsonaro apresentou, enfim, a sua explica\u00e7\u00e3o para\u00a0a queda das Bolsas de Valores em todo o mundo. O presidente compartilhou a imagem abaixo.<\/p>\n\n\n\n<figure class=\"wp-block-image size-large\"><img data-recalc-dims=\"1\" loading=\"lazy\" decoding=\"async\" width=\"600\" height=\"878\" data-attachment-id=\"26811\" data-permalink=\"http:\/\/blogdalucianaoliveira.com.br\/blog\/2020\/03\/10\/bolsonaro-afirma-ter-provas-de-que-a-urna-e-plana\/image-24-5\/\" data-orig-file=\"https:\/\/i0.wp.com\/blogdalucianaoliveira.com.br\/blog\/wp-content\/uploads\/2020\/03\/image-24.jpeg?fit=656%2C960\" data-orig-size=\"656,960\" data-comments-opened=\"0\" data-image-meta=\"{&quot;aperture&quot;:&quot;0&quot;,&quot;credit&quot;:&quot;&quot;,&quot;camera&quot;:&quot;&quot;,&quot;caption&quot;:&quot;&quot;,&quot;created_timestamp&quot;:&quot;0&quot;,&quot;copyright&quot;:&quot;&quot;,&quot;focal_length&quot;:&quot;0&quot;,&quot;iso&quot;:&quot;0&quot;,&quot;shutter_speed&quot;:&quot;0&quot;,&quot;title&quot;:&quot;&quot;,&quot;orientation&quot;:&quot;0&quot;}\" data-image-title=\"image-24\" data-image-description=\"\" data-image-caption=\"\" data-medium-file=\"https:\/\/i0.wp.com\/blogdalucianaoliveira.com.br\/blog\/wp-content\/uploads\/2020\/03\/image-24.jpeg?fit=205%2C300\" data-large-file=\"https:\/\/i0.wp.com\/blogdalucianaoliveira.com.br\/blog\/wp-content\/uploads\/2020\/03\/image-24.jpeg?fit=600%2C878\" src=\"https:\/\/i0.wp.com\/blogdalucianaoliveira.com.br\/blog\/wp-content\/uploads\/2020\/03\/image-24.jpeg?resize=600%2C878\" alt=\"\" class=\"wp-image-26811\" srcset=\"https:\/\/i0.wp.com\/blogdalucianaoliveira.com.br\/blog\/wp-content\/uploads\/2020\/03\/image-24.jpeg?w=656 656w, https:\/\/i0.wp.com\/blogdalucianaoliveira.com.br\/blog\/wp-content\/uploads\/2020\/03\/image-24.jpeg?resize=205%2C300 205w\" sizes=\"auto, (max-width: 600px) 100vw, 600px\" \/><\/figure>\n","protected":false},"excerpt":{"rendered":"<p>Na FSP, por Renato Terra\u00a0&#8211; Acossado pela crise econ\u00f4mica mundial, o presidente Jair Messias Bolsonaro atirou no ch\u00e3o uma bomba ninja ret\u00f3rica. \u201cTenho provas de que as elei\u00e7\u00f5es foram fraudadas. Fotos de sat\u00e9lite mostram que a urna \u00e9 plana. E, portanto, eu fui eleito em primeiro, segundo e terceiro turno para reinar na Via L\u00e1ctea&#8230;.<a class=\"more-link\" href=\"http:\/\/blogdalucianaoliveira.com.br\/blog\/2020\/03\/10\/bolsonaro-afirma-ter-provas-de-que-a-urna-e-plana\/\">Continue a leitura <span class=\"meta-nav\">&raquo;<\/span><\/a><\/p>\n","protected":false},"author":1,"featured_media":0,"comment_status":"closed","ping_status":"open","sticky":false,"template":"","format":"standard","meta":{"_exactmetrics_skip_tracking":false,"_exactmetrics_sitenote_active":false,"_exactmetrics_sitenote_note":"","_exactmetrics_sitenote_category":0,"jetpack_post_was_ever_published":false,"_jetpack_newsletter_access":"","_jetpack_dont_email_post_to_subs":false,"_jetpack_newsletter_tier_id":0,"_jetpack_memberships_contains_paywalled_content":false,"_jetpack_memberships_contains_paid_content":false,"footnotes":"","jetpack_publicize_message":"","jetpack_publicize_feature_enabled":true,"jetpack_social_post_already_shared":true,"jetpack_social_options":{"image_generator_settings":{"template":"highway","enabled":false},"version":2}},"categories":[1],"tags":[],"class_list":["post-26810","post","type-post","status-publish","format-standard","hentry","category-notas"],"jetpack_publicize_connections":[],"jetpack_sharing_enabled":true,"jetpack_featured_media_url":"","jetpack_shortlink":"https:\/\/wp.me\/p7wKYW-6Yq","jetpack-related-posts":[],"_links":{"self":[{"href":"http:\/\/blogdalucianaoliveira.com.br\/blog\/wp-json\/wp\/v2\/posts\/26810","targetHints":{"allow":["GET"]}}],"collection":[{"href":"http:\/\/blogdalucianaoliveira.com.br\/blog\/wp-json\/wp\/v2\/posts"}],"about":[{"href":"http:\/\/blogdalucianaoliveira.com.br\/blog\/wp-json\/wp\/v2\/types\/post"}],"author":[{"embeddable":true,"href":"http:\/\/blogdalucianaoliveira.com.br\/blog\/wp-json\/wp\/v2\/users\/1"}],"replies":[{"embeddable":true,"href":"http:\/\/blogdalucianaoliveira.com.br\/blog\/wp-json\/wp\/v2\/comments?post=26810"}],"version-history":[{"count":1,"href":"http:\/\/blogdalucianaoliveira.com.br\/blog\/wp-json\/wp\/v2\/posts\/26810\/revisions"}],"predecessor-version":[{"id":26813,"href":"http:\/\/blogdalucianaoliveira.com.br\/blog\/wp-json\/wp\/v2\/posts\/26810\/revisions\/26813"}],"wp:attachment":[{"href":"http:\/\/blogdalucianaoliveira.com.br\/blog\/wp-json\/wp\/v2\/media?parent=26810"}],"wp:term":[{"taxonomy":"category","embeddable":true,"href":"http:\/\/blogdalucianaoliveira.com.br\/blog\/wp-json\/wp\/v2\/categories?post=26810"},{"taxonomy":"post_tag","embeddable":true,"href":"http:\/\/blogdalucianaoliveira.com.br\/blog\/wp-json\/wp\/v2\/tags?post=26810"}],"curies":[{"name":"wp","href":"https:\/\/api.w.org\/{rel}","templated":true}]}}