{"id":26814,"date":"2020-03-10T07:52:23","date_gmt":"2020-03-10T11:52:23","guid":{"rendered":"http:\/\/blogdalucianaoliveira.com.br\/blog\/?p=26814"},"modified":"2020-03-10T10:44:38","modified_gmt":"2020-03-10T14:44:38","slug":"bolsonaro-guedes-e-o-coronavirus-configura-se-um-tempestade-perfeita","status":"publish","type":"post","link":"http:\/\/blogdalucianaoliveira.com.br\/blog\/2020\/03\/10\/bolsonaro-guedes-e-o-coronavirus-configura-se-um-tempestade-perfeita\/","title":{"rendered":"Bolsonaro, Guedes e o coronav\u00edrus: configura-se um tempestade perfeita"},"content":{"rendered":"\n<figure class=\"wp-block-image size-large\"><img data-recalc-dims=\"1\" loading=\"lazy\" decoding=\"async\" width=\"600\" height=\"360\" data-attachment-id=\"26815\" data-permalink=\"http:\/\/blogdalucianaoliveira.com.br\/blog\/2020\/03\/10\/bolsonaro-guedes-e-o-coronavirus-configura-se-um-tempestade-perfeita\/image-25-5\/\" data-orig-file=\"https:\/\/i0.wp.com\/blogdalucianaoliveira.com.br\/blog\/wp-content\/uploads\/2020\/03\/image-25.jpeg?fit=1024%2C614\" data-orig-size=\"1024,614\" data-comments-opened=\"0\" data-image-meta=\"{&quot;aperture&quot;:&quot;0&quot;,&quot;credit&quot;:&quot;&quot;,&quot;camera&quot;:&quot;&quot;,&quot;caption&quot;:&quot;&quot;,&quot;created_timestamp&quot;:&quot;0&quot;,&quot;copyright&quot;:&quot;&quot;,&quot;focal_length&quot;:&quot;0&quot;,&quot;iso&quot;:&quot;0&quot;,&quot;shutter_speed&quot;:&quot;0&quot;,&quot;title&quot;:&quot;&quot;,&quot;orientation&quot;:&quot;0&quot;}\" data-image-title=\"image-25\" data-image-description=\"\" data-image-caption=\"\" data-medium-file=\"https:\/\/i0.wp.com\/blogdalucianaoliveira.com.br\/blog\/wp-content\/uploads\/2020\/03\/image-25.jpeg?fit=300%2C180\" data-large-file=\"https:\/\/i0.wp.com\/blogdalucianaoliveira.com.br\/blog\/wp-content\/uploads\/2020\/03\/image-25.jpeg?fit=600%2C360\" src=\"https:\/\/i0.wp.com\/blogdalucianaoliveira.com.br\/blog\/wp-content\/uploads\/2020\/03\/image-25.jpeg?resize=600%2C360\" alt=\"\" class=\"wp-image-26815\" srcset=\"https:\/\/i0.wp.com\/blogdalucianaoliveira.com.br\/blog\/wp-content\/uploads\/2020\/03\/image-25.jpeg?w=1024 1024w, https:\/\/i0.wp.com\/blogdalucianaoliveira.com.br\/blog\/wp-content\/uploads\/2020\/03\/image-25.jpeg?resize=300%2C180 300w, https:\/\/i0.wp.com\/blogdalucianaoliveira.com.br\/blog\/wp-content\/uploads\/2020\/03\/image-25.jpeg?resize=768%2C461 768w, https:\/\/i0.wp.com\/blogdalucianaoliveira.com.br\/blog\/wp-content\/uploads\/2020\/03\/image-25.jpeg?resize=500%2C300 500w\" sizes=\"auto, (max-width: 600px) 100vw, 600px\" \/><\/figure>\n\n\n\n<h4 class=\"wp-block-heading\">Prosseguiremos nesta destrui\u00e7\u00e3o ou ser\u00e1 que despontam os primeiros sinais da reconstru\u00e7\u00e3o, da cicatriza\u00e7\u00e3o de nossas feridas.<\/h4>\n\n\n\n<!--more-->\n\n\n\n<p>Na Carta Capital, por Henry Bugalho <\/p>\n\n\n\n<p>\u00c9 imposs\u00edvel me esquecer do dia 15 de setembro de 2008. Eu morava em Nova York e, ap\u00f3s ter sido v\u00edtima de uma agress\u00e3o que me mandou para o hospital, descobri atrav\u00e9s de um amigo rep\u00f3rter que o banco de investimento Lehman Brothers havia pedido fal\u00eancia. Na reda\u00e7\u00e3o da emissora onde ele trabalhava, reinava o caos.<\/p>\n\n\n\n<p>Nas semanas e meses seguintes, a maior crise econ\u00f4mica desde 1929 destruiu a vida de milh\u00f5es de americanos e se alastrou pelo mundo, arruinando a economia de v\u00e1rios pa\u00edses e, na esteira disto, alterando completamente os rumos pol\u00edticos destas na\u00e7\u00f5es.<\/p>\n\n\n\n<p>Como consequ\u00eancia disto, assistimos a uma crescente insatisfa\u00e7\u00e3o de segmentos cada vez maiores. Para muitos, o capitalismo havia fracassado. A maior prova disto era a profunda desigualdade social \u2013 multibilion\u00e1rios cada vez mais ricos e poderosos, enquanto trabalhadores perdiam seus empregos, suas casas, suas economias e, n\u00e3o raro, seus direitos duramente conquistados.<\/p>\n\n\n\n<p>Muitos pa\u00edses que atravessaram tal crise presenciaram, nos anos seguintes, a emerg\u00eancia e consolida\u00e7\u00e3o de partidos de extrema-direita e seus expoentes ideol\u00f3gicos: Trump nos EUA e Bolsonaro no Brasil s\u00e3o dois exemplos que nos falam diretamente.<\/p>\n\n\n\n<p>Ao explorarem a revolta e o ressentimento de uma classe m\u00e9dia empobrecida, estes populistas conquistaram um espa\u00e7o no debate p\u00fablico e, com uma ret\u00f3rica divisiva calcada na cria\u00e7\u00e3o de inimigos imagin\u00e1rios, encontraram os seus alvos: imigrantes, refugiados, feministas, mu\u00e7ulmanos, comunistas, e a lista \u00e9 longa.<\/p>\n\n\n\n<p>N\u00e3o podemos menosprezar o poder do ressentimento e do \u00f3dio, pois estes foram os mesmos sentimentos explorados pelos regimes fascistas dos anos 30 e 40 na Europa.<\/p>\n\n\n\n<p>Ent\u00e3o agora, no dia 9 de mar\u00e7o, os mercados globais d\u00e3o novos sinais de fraqueza e apontam uma nova crise. As bolsas despencaram e, no Brasil, o d\u00f3lar mais uma vez disparou, a\u00e7\u00f5es da Petrobras viraram p\u00f3 e investidores est\u00e3o abandonando o barco brasileiro. O \u201cotimismo\u201d em torno das pol\u00edticas econ\u00f4micas ultraliberais se revelou como a quimera que sempre foi. Uma recupera\u00e7\u00e3o p\u00edfia e \u00edndices inexpressivos s\u00e3o um balde de \u00e1gua fria para o superministro ostentado como um trunfo por Bolsonaro.<\/p>\n\n\n\n<p>Muitos pa\u00edses mal conseguiram se recuperar da crise passada e ter\u00e3o de lidar com outra, que pode ser ainda mais profunda, j\u00e1 que contamos com o elemento complicador de uma pandemia de coronav\u00edrus que tem prejudicado at\u00e9 a economia chinesa, paralisado regi\u00f5es inteiras, expondo fissuras e fraquezas de regimes j\u00e1 cambaleantes, pondo a prova a resili\u00eancia de governos democr\u00e1ticos e aterrorizando o planeta com as perspectiva de milh\u00f5es de mortos e o eventual colapso de sistemas de sa\u00fade.<\/p>\n\n\n\n<p>Nas m\u00e3os de um governo de incompetentes como o de Bolsonaro, configura-se diante de nossos olhos uma tempestade perfeita.<\/p>\n\n\n\n<p>Resta-nos saber como este momento ser\u00e1 usado pelos extremistas de direita pelo mundo, se aprofundar\u00e1 a posi\u00e7\u00e3o deles e lhes dar\u00e1 vit\u00f3rias eleitorais ou at\u00e9 sa\u00eddas autorit\u00e1rias, agudizando a polariza\u00e7\u00e3o pol\u00edtica e aumentando o medo e a revolta dos cidad\u00e3os, ou se servir\u00e1 para uma retomada de uma agenda socialista, um fantasma que desde h\u00e1 muito assombrava a popula\u00e7\u00e3o norte-americana e que talvez pela primeira vez na Hist\u00f3ria dos EUA tem sido vista com certo carinho, como uma alternativa para uma classe trabalhadora cada vez mais precarizada.<\/p>\n\n\n\n<p>Estas crises s\u00e3o inevit\u00e1veis, bem como suas imprevis\u00edveis consequ\u00eancias. Continuaremos neste mergulho no abismo ou ela nos apresentar\u00e1 novos rumos? Prosseguiremos nesta destrui\u00e7\u00e3o ou ser\u00e1 que despontam os primeiros sinais da reconstru\u00e7\u00e3o, da cicatriza\u00e7\u00e3o de nossas feridas e de uma sociedade menos dividida?<\/p>\n","protected":false},"excerpt":{"rendered":"<p>Prosseguiremos nesta destrui\u00e7\u00e3o ou ser\u00e1 que despontam os primeiros sinais da reconstru\u00e7\u00e3o, da cicatriza\u00e7\u00e3o de nossas feridas.<\/p>\n","protected":false},"author":1,"featured_media":0,"comment_status":"closed","ping_status":"open","sticky":false,"template":"","format":"standard","meta":{"_exactmetrics_skip_tracking":false,"_exactmetrics_sitenote_active":false,"_exactmetrics_sitenote_note":"","_exactmetrics_sitenote_category":0,"jetpack_post_was_ever_published":false,"_jetpack_newsletter_access":"","_jetpack_dont_email_post_to_subs":false,"_jetpack_newsletter_tier_id":0,"_jetpack_memberships_contains_paywalled_content":false,"_jetpack_memberships_contains_paid_content":false,"footnotes":"","jetpack_publicize_message":"","jetpack_publicize_feature_enabled":true,"jetpack_social_post_already_shared":true,"jetpack_social_options":{"image_generator_settings":{"template":"highway","enabled":false},"version":2}},"categories":[1],"tags":[],"class_list":["post-26814","post","type-post","status-publish","format-standard","hentry","category-notas"],"jetpack_publicize_connections":[],"jetpack_sharing_enabled":true,"jetpack_featured_media_url":"","jetpack_shortlink":"https:\/\/wp.me\/p7wKYW-6Yu","jetpack-related-posts":[],"_links":{"self":[{"href":"http:\/\/blogdalucianaoliveira.com.br\/blog\/wp-json\/wp\/v2\/posts\/26814","targetHints":{"allow":["GET"]}}],"collection":[{"href":"http:\/\/blogdalucianaoliveira.com.br\/blog\/wp-json\/wp\/v2\/posts"}],"about":[{"href":"http:\/\/blogdalucianaoliveira.com.br\/blog\/wp-json\/wp\/v2\/types\/post"}],"author":[{"embeddable":true,"href":"http:\/\/blogdalucianaoliveira.com.br\/blog\/wp-json\/wp\/v2\/users\/1"}],"replies":[{"embeddable":true,"href":"http:\/\/blogdalucianaoliveira.com.br\/blog\/wp-json\/wp\/v2\/comments?post=26814"}],"version-history":[{"count":1,"href":"http:\/\/blogdalucianaoliveira.com.br\/blog\/wp-json\/wp\/v2\/posts\/26814\/revisions"}],"predecessor-version":[{"id":26816,"href":"http:\/\/blogdalucianaoliveira.com.br\/blog\/wp-json\/wp\/v2\/posts\/26814\/revisions\/26816"}],"wp:attachment":[{"href":"http:\/\/blogdalucianaoliveira.com.br\/blog\/wp-json\/wp\/v2\/media?parent=26814"}],"wp:term":[{"taxonomy":"category","embeddable":true,"href":"http:\/\/blogdalucianaoliveira.com.br\/blog\/wp-json\/wp\/v2\/categories?post=26814"},{"taxonomy":"post_tag","embeddable":true,"href":"http:\/\/blogdalucianaoliveira.com.br\/blog\/wp-json\/wp\/v2\/tags?post=26814"}],"curies":[{"name":"wp","href":"https:\/\/api.w.org\/{rel}","templated":true}]}}