{"id":26823,"date":"2020-03-10T15:21:41","date_gmt":"2020-03-10T19:21:41","guid":{"rendered":"http:\/\/blogdalucianaoliveira.com.br\/blog\/?p=26823"},"modified":"2020-03-10T15:21:49","modified_gmt":"2020-03-10T19:21:49","slug":"indigenas-impedem-reintegracao-de-posse-de-terreno-ao-lado-de-aldeia-jaragua-guarani","status":"publish","type":"post","link":"http:\/\/blogdalucianaoliveira.com.br\/blog\/2020\/03\/10\/indigenas-impedem-reintegracao-de-posse-de-terreno-ao-lado-de-aldeia-jaragua-guarani\/","title":{"rendered":"Ind\u00edgenas impedem reintegra\u00e7\u00e3o de posse de terreno ao lado de aldeia Jaragu\u00e1 Guarani"},"content":{"rendered":"\n<figure class=\"wp-block-image size-large\"><img loading=\"lazy\" decoding=\"async\" width=\"1280\" height=\"960\" data-attachment-id=\"26824\" data-permalink=\"http:\/\/blogdalucianaoliveira.com.br\/blog\/2020\/03\/10\/indigenas-impedem-reintegracao-de-posse-de-terreno-ao-lado-de-aldeia-jaragua-guarani\/image-26-5\/\" data-orig-file=\"https:\/\/i0.wp.com\/blogdalucianaoliveira.com.br\/blog\/wp-content\/uploads\/2020\/03\/image-26.jpeg?fit=1280%2C960\" data-orig-size=\"1280,960\" data-comments-opened=\"0\" data-image-meta=\"{&quot;aperture&quot;:&quot;0&quot;,&quot;credit&quot;:&quot;&quot;,&quot;camera&quot;:&quot;&quot;,&quot;caption&quot;:&quot;&quot;,&quot;created_timestamp&quot;:&quot;0&quot;,&quot;copyright&quot;:&quot;&quot;,&quot;focal_length&quot;:&quot;0&quot;,&quot;iso&quot;:&quot;0&quot;,&quot;shutter_speed&quot;:&quot;0&quot;,&quot;title&quot;:&quot;&quot;,&quot;orientation&quot;:&quot;0&quot;}\" data-image-title=\"image-26\" data-image-description=\"\" data-image-caption=\"\" data-medium-file=\"https:\/\/i0.wp.com\/blogdalucianaoliveira.com.br\/blog\/wp-content\/uploads\/2020\/03\/image-26.jpeg?fit=300%2C225\" data-large-file=\"https:\/\/i0.wp.com\/blogdalucianaoliveira.com.br\/blog\/wp-content\/uploads\/2020\/03\/image-26.jpeg?fit=600%2C450\" src=\"https:\/\/i0.wp.com\/blogdalucianaoliveira.com.br\/blog\/wp-content\/uploads\/2020\/03\/image-26.jpeg?fit=600%2C450\" alt=\"\" class=\"wp-image-26824\" srcset=\"https:\/\/i0.wp.com\/blogdalucianaoliveira.com.br\/blog\/wp-content\/uploads\/2020\/03\/image-26.jpeg?w=1280 1280w, https:\/\/i0.wp.com\/blogdalucianaoliveira.com.br\/blog\/wp-content\/uploads\/2020\/03\/image-26.jpeg?resize=300%2C225 300w, https:\/\/i0.wp.com\/blogdalucianaoliveira.com.br\/blog\/wp-content\/uploads\/2020\/03\/image-26.jpeg?resize=1024%2C768 1024w, https:\/\/i0.wp.com\/blogdalucianaoliveira.com.br\/blog\/wp-content\/uploads\/2020\/03\/image-26.jpeg?resize=768%2C576 768w, https:\/\/i0.wp.com\/blogdalucianaoliveira.com.br\/blog\/wp-content\/uploads\/2020\/03\/image-26.jpeg?resize=400%2C300 400w, https:\/\/i0.wp.com\/blogdalucianaoliveira.com.br\/blog\/wp-content\/uploads\/2020\/03\/image-26.jpeg?w=1200 1200w\" sizes=\"auto, (max-width: 600px) 100vw, 600px\" \/><\/figure>\n\n\n\n<h4 class=\"wp-block-heading\">Construtora obteve alvar\u00e1 para constru\u00e7\u00e3o do condom\u00ednio Jaragu\u00e1-Carin\u00e1s, com cinco pr\u00e9dios, a oito metros a aldeia<\/h4>\n\n\n\n<!--more-->\n\n\n\n<p>Caroline Oliveira e Jos\u00e9 Eduardo Bernardes<\/p>\n\n\n\n<p>Brasil de Fato | S\u00e3o Paulo\u00a0<\/p>\n\n\n\n<p>Ind\u00edgenas Guarani e Pol\u00edcia Militar entram em acordo para a desocupa\u00e7\u00e3o do terreno pr\u00f3ximo \u00e0 aldeia Jaragu\u00e1 em S\u00e3o Paulo. A Pol\u00edcia Militar pediu que a Tropa de Choque que mantinha a rua de acesso ao terreno fechada desde a manh\u00e3 desta ter\u00e7a-feira (10) fosse retirada. Os ind\u00edgenas permanecer\u00e3o acampados em frente ao terreno at\u00e9 que a Justi\u00e7a Federal decida sobre a quest\u00e3o.<\/p>\n\n\n\n<p>&#8220;O conflito que a Tenda e o prefeito Bruno Covas queriam n\u00e3o vai acontecer. Vamos continuar a resist\u00eancia. O mandado de reintegra\u00e7\u00e3o de posse \u00e9 para dentro do terreno. N\u00f3s vamos ficar aqui na frente. E se a Tenda entrar aqui, n\u00f3s tamb\u00e9m vamos&#8221;, anunciou o l\u00edder ind\u00edgena Thiago Jekup\u00e9 ap\u00f3s o acordo.<\/p>\n\n\n\n<figure class=\"wp-block-image\"><img data-recalc-dims=\"1\" decoding=\"async\" src=\"https:\/\/i0.wp.com\/img.brasildefato.com.br\/media\/0de2acdd9a91de1082bb8d62b9d27be6.jpeg?w=600&#038;ssl=1\" alt=\"\"\/><\/figure>\n\n\n\n<p><br>Pelo fato da constru\u00e7\u00e3o estar a menos de oito quil\u00f4metros de uma terra ind\u00edgena, os respons\u00e1veis pelo empreendimento deveriam levar em conta o componente ind\u00edgena no processo de licenciamento \/ Caroline Oliveira<\/p>\n\n\n\n<p>A ocupa\u00e7\u00e3o das obras do condom\u00ednio Reserva Jaragu\u00e1-Carin\u00e1s pelos ind\u00edgenas Guarani Mbya, pr\u00f3ximo da Terra Ind\u00edgena (TI) Jaragu\u00e1, amanheceu cercada pela Pol\u00edcia Militar de S\u00e3o Paulo nesta ter\u00e7a-feira (10) para reintegra\u00e7\u00e3o de posse de uma \u00e1rea da construtora Tenda Neg\u00f3cios Imobili\u00e1rio, vizinha \u00e0 TI do Jaragu\u00e1, que est\u00e1 ocupada por guaranis desde o dia 30 de janeiro deste ano.<\/p>\n\n\n\n<p>A reintegra\u00e7\u00e3o de posse foi decidida por liminar emitida pelo ju\u00edzo de primeiro grau do F\u00f3rum Regional da Lapa.<\/p>\n\n\n\n<p>\u201cA Tenda ingressou com uma a\u00e7\u00e3o de reintegra\u00e7\u00e3o de posse porque adquiriu esse terreno sem licenciamento ambiental, de forma irregular e sem reconhecer que \u00e9 uma \u00e1rea pr\u00f3xima a uma \u00e1rea demarcada ind\u00edgena. H\u00e1 necessidade de afirmar que h\u00e1 incompet\u00eancia completa da Justi\u00e7a Estadual nesse processo. Porque se trata de direito ind\u00edgena e direito ambiental, n\u00e3o se trata de direito de propriedade exclusivamente\u201d, ressalta Gabriela Pires, advogada da Comiss\u00e3o Guarany Yuyurupa, representante legal do povo guarani do Sul e Sudeste do pa\u00eds.<\/p>\n\n\n\n<p>O Minist\u00e9rio P\u00fablico de S\u00e3o Paulo pediu que a Funda\u00e7\u00e3o Nacional do \u00cdndio (Funai) fosse ouvida no processo, mas esse pedido foi negado, afirma Pires. \u201cA Justi\u00e7a negou e concedeu essa reintegra\u00e7\u00e3o. N\u00e3o fomos ouvidos at\u00e9 ela determinar essa reintegra\u00e7\u00e3o e determinou de forma urgente, ou seja, de forma liminar\u201d, ressalta.<\/p>\n\n\n\n<p>A advogada informa que existem duas a\u00e7\u00f5es na Justi\u00e7a Federal para que ela reconhe\u00e7a a compet\u00eancia no caso com base no direito ind\u00edgena e no direito ambiental, assim como para afirmar que houve desmatamento ilegal da Mata Atl\u00e2ntica naquela regi\u00e3o. Segundo o artigo 109 da Constitui\u00e7\u00e3o Federal, compete aos ju\u00edzes federais processar e julgar \u201ca disputa sobre direitos ind\u00edgenas\u201d.<\/p>\n\n\n\n<p>Pires afirma que foi emitida nesta segunda-feira (9) uma recomenda\u00e7\u00e3o do Conselho Nacional de Direitos Humanos para que haja suspens\u00e3o da reintegra\u00e7\u00e3o de posse por risco \u00e0 viola\u00e7\u00e3o dos direitos humanos.<\/p>\n\n\n\n<p>\u201cNessa ocupa\u00e7\u00e3o h\u00e1 mulheres, h\u00e1 crian\u00e7as, h\u00e1 idosos, h\u00e1 povos ind\u00edgenas que v\u00e3o ser violentados com armas de choque. Porque no of\u00edcio da PM tem a previs\u00e3o de que eles v\u00e3o usar arma de choque al\u00e9m do g\u00e1s, al\u00e9m de bala de borracha, enfim. Ent\u00e3o existe o risco de viola\u00e7\u00e3o de direitos humanos. Essa recomenda\u00e7\u00e3o foi feita ontem pra Justi\u00e7a Estadual e pro desembargador\u201d, aponta.<\/p>\n\n\n\n<p>A advogada ressalta que a ocupa\u00e7\u00e3o \u00e9 uma resist\u00eancia pac\u00edfica por parte dos ind\u00edgenas e n\u00e3o reivindica a posse do territ\u00f3rio, mas a sua prote\u00e7\u00e3o do ponto de vista ambiental.<\/p>\n\n\n\n<p>\u201cEles est\u00e3o aqui num ritual de luto pelo corte das \u00e1rvores. N\u00e3o \u00e9 apenas uma quest\u00e3o de dizer que essa \u00e1rea delimitada milimetricamente \u00e9 deles. \u00c9 uma quest\u00e3o de ancestralidade, de espiritualidade e de prote\u00e7\u00e3o ambiental e social\u201d, aponta.<\/p>\n\n\n\n<p>No dia 30 de janeiro, a empresa iniciou o processo de derrubada de mais de 520 \u00e1rvores&nbsp;para a constru\u00e7\u00e3o do condom\u00ednio Jaragu\u00e1-Carin\u00e1s, com cinco torres e 396 apartamentos, para cerca de 800 moradores, a oito metros da aldeia Tekoa Ytu \u2013 &nbsp;\u00fanica das seis aldeias da regi\u00e3o que est\u00e1 na fase final do processo de demarca\u00e7\u00e3o da terra ind\u00edgena. Ap\u00f3s a a\u00e7\u00e3o da construtora, a&nbsp;<a href=\"https:\/\/www.brasildefato.com.br\/2020\/02\/12\/empreendimento-imobiliario-ao-lado-de-aldeia-guarani-esta-na-mira-da-justica-federal\" target=\"_blank\" rel=\"noreferrer noopener\">comunidade ind\u00edgena fez uma den\u00fancia ao Minist\u00e9rio P\u00fablico<\/a>.&nbsp;<\/p>\n\n\n\n<p>As outras cinco aldeias tem a originalidade ind\u00edgena reconhecida por uma portaria interministerial.&nbsp;<\/p>\n\n\n\n<p>Tamiku\u00e2 Txihi, uma das lideran\u00e7as mulheres da Terra Ind\u00edgena Jaragu\u00e1, afirma que os ind\u00edgenas pedem o adiamento da reintegra\u00e7\u00e3o para conclu\u00edrem seus ritos em rela\u00e7\u00e3o \u00e0 essa terra.<\/p>\n\n\n\n<p>\u201cEstamos aqui nesse momento resistindo pela nossa m\u00e3e e irm\u00e3 natureza. N\u00f3s povos guaranis n\u00e3o temos armas . A nossa arma \u00e9 a espiritualidade. Ent\u00e3o n\u00f3s estamos aqui pra fazer esse rito n\u00e9, por cada \u00e1rvore que foi tombada, o ch\u00e3o que \u00e9 comum da nossa fam\u00edlia, porque pra n\u00f3s, quando vamos remover uma \u00e1rvore de algum lugar, tem todo um ritual. Imagina o n\u00famero de \u00e1rvores que eles arrancaram, s\u00e3o mais de 300 \u00e1rvores e precisava de muito mais tempo pra fazer esse rito\u201d, ressalta.<\/p>\n\n\n\n<p>Outra lideran\u00e7a ind\u00edgena local, Thiago Jekup\u00e9, ressalta que al\u00e9m da quest\u00e3o ambiental, a ocupa\u00e7\u00e3o do territ\u00f3rio tem o objetivo de cobrar o respeito \u00e0 legisla\u00e7\u00e3o indigenista. \u201cA gente n\u00e3o est\u00e1 discutindo a posse da terra mas sim as legisla\u00e7\u00f5es indigenistas que est\u00e3o sendo burladas, que est\u00e3o sendo desrespeitadas A prefeitura de S\u00e3o Paulo n\u00e3o respeitou a Conven\u00e7\u00e3o 169 da OIT (Organiza\u00e7\u00e3o Internacional do Trabalho) que nos garante a consulta pr\u00e9via, livre e informada. N\u00f3s estamos aqui resistindo, somente com a nossa reza, com a nossa f\u00e9, n\u00f3s n\u00e3o somos um povo de viol\u00eancia, dessa forma a gente continua resistindo aqui\u201d, afirma.<\/p>\n\n\n\n<p>Pelo fato da constru\u00e7\u00e3o estar a menos de oito quil\u00f4metros de uma terra ind\u00edgena, os respons\u00e1veis pelo empreendimento deveriam levar em conta o componente ind\u00edgena no processo de licenciamento, como garante a Portaria Interministerial 60, de 2015.<\/p>\n\n\n\n<p>A consulta pr\u00e9via aos povos tamb\u00e9m \u00e9 assegurada por normas do Instituto Brasileiro do Meio Ambiente e dos Recursos Naturais Renov\u00e1veis (Ibama), e pela Conven\u00e7\u00e3o 169 da Organiza\u00e7\u00e3o Internacional do Trabalho (OIT), da qual o Brasil \u00e9 signat\u00e1rio.<\/p>\n\n\n\n<p>A \u00e1rea tamb\u00e9m \u00e9 protegida por ser considerada parte da Reserva da Biosfera do Cintur\u00e3o Verde de S\u00e3o Paulo pela Organiza\u00e7\u00e3o das Na\u00e7\u00f5es Unidas para a Educa\u00e7\u00e3o, a Ci\u00eancia e a Cultura (Unesco), desde 1994, abrigando um dos \u00faltimos pontos de Mata Atl\u00e2ntica da regi\u00e3o.<\/p>\n\n\n\n<p>Vereadores cobram posicionamento da prefeitura<\/p>\n\n\n\n<figure class=\"wp-block-image\"><img data-recalc-dims=\"1\" decoding=\"async\" src=\"https:\/\/i0.wp.com\/img.brasildefato.com.br\/media\/de7afbbec9e3853da3ad1e2067a895fd.jpeg?w=600&#038;ssl=1\" alt=\"\"\/><\/figure>\n\n\n\n<p><br>Eduardo Suplicy (PT) foi um dos vereadores que tentam impedir a reintegra\u00e7\u00e3o de posse no Jaragu\u00e1 \/ Caroline Oliveira<\/p>\n\n\n\n<p>Um grupo de vereadores municipais est\u00e1 desde a manh\u00e3 desta ter\u00e7a-feira (10) acompanhando a movimenta\u00e7\u00e3o pr\u00f3ximo ao territ\u00f3rio ind\u00edgena Jaragu\u00e1 e cobram a media\u00e7\u00e3o da prefeitura de S\u00e3o Paulo para impedir que haja conflito entre as for\u00e7as policiais e os ind\u00edgenas.<\/p>\n\n\n\n<p>\u201cVai ser uma situa\u00e7\u00e3o de confronto, \u00e9 isso que a gente quer evitar. A empresa tem suas raz\u00f5es mas as raz\u00f5es dos \u00edndios s\u00e3o maiores e muito mais concretas porque o que est\u00e1 amea\u00e7ado com esse empreendimento \u00e9 a exist\u00eancia das pr\u00f3prias aldeias deles. A prefeitura deu uma licen\u00e7a inclusive desobedecendo um preceito legal , um estudo com a Funai, com o Ibama, e n\u00e3o foi feito. Ent\u00e3o a gente t\u00e1 pedindo pro prefeito, pros secret\u00e1rios, pra eles entrarem, conversarem com a empresa, pra tentar aumentar o prazo da reintegra\u00e7\u00e3o\u201d, explica Gilberto Natalini (PV).<\/p>\n\n\n\n<p>A vereadora Juliana Cardoso (PT) ressalta que \u00e1rea est\u00e1 identificada no Plano Diretor do munic\u00edpio como uma Zona Especial de Interesse Social (Zeis) destinada \u00e0 moradia popular, mas o empreendimento da construtura n\u00e3o atender\u00e1 a popula\u00e7\u00e3o mais necessitada da cidade. \u201cO que a gente precisa dizer \u00e9 que vai ser vendido, n\u00e3o \u00e9 uma rela\u00e7\u00e3o interlocu\u00e7\u00e3o junto com o governo.&nbsp;Eu estou aqui nessa press\u00e3o pol\u00edtica pra poder falar com o sr. prefeito Bruno Covas, com o seu secretariado, que o que eles deram de alvar\u00e1 para Tenda, \u00e9 um alvar\u00e1 ilegal porque passar por cima de uma lei federal que j\u00e1 est\u00e1 na Constitui\u00e7\u00e3o&#8221;, afirma.<\/p>\n\n\n\n<p>Edi\u00e7\u00e3o: Leandro Melito<\/p>\n","protected":false},"excerpt":{"rendered":"<p>Construtora obteve alvar\u00e1 para constru\u00e7\u00e3o do condom\u00ednio Jaragu\u00e1-Carin\u00e1s, com cinco pr\u00e9dios, a oito metros a aldeia<\/p>\n","protected":false},"author":1,"featured_media":0,"comment_status":"closed","ping_status":"open","sticky":false,"template":"","format":"standard","meta":{"_exactmetrics_skip_tracking":false,"_exactmetrics_sitenote_active":false,"_exactmetrics_sitenote_note":"","_exactmetrics_sitenote_category":0,"jetpack_post_was_ever_published":false,"_jetpack_newsletter_access":"","_jetpack_dont_email_post_to_subs":false,"_jetpack_newsletter_tier_id":0,"_jetpack_memberships_contains_paywalled_content":false,"_jetpack_memberships_contains_paid_content":false,"footnotes":"","jetpack_publicize_message":"","jetpack_publicize_feature_enabled":true,"jetpack_social_post_already_shared":true,"jetpack_social_options":{"image_generator_settings":{"template":"highway","enabled":false},"version":2}},"categories":[1],"tags":[],"class_list":["post-26823","post","type-post","status-publish","format-standard","hentry","category-notas"],"jetpack_publicize_connections":[],"jetpack_sharing_enabled":true,"jetpack_featured_media_url":"","jetpack_shortlink":"https:\/\/wp.me\/p7wKYW-6YD","jetpack-related-posts":[],"_links":{"self":[{"href":"http:\/\/blogdalucianaoliveira.com.br\/blog\/wp-json\/wp\/v2\/posts\/26823","targetHints":{"allow":["GET"]}}],"collection":[{"href":"http:\/\/blogdalucianaoliveira.com.br\/blog\/wp-json\/wp\/v2\/posts"}],"about":[{"href":"http:\/\/blogdalucianaoliveira.com.br\/blog\/wp-json\/wp\/v2\/types\/post"}],"author":[{"embeddable":true,"href":"http:\/\/blogdalucianaoliveira.com.br\/blog\/wp-json\/wp\/v2\/users\/1"}],"replies":[{"embeddable":true,"href":"http:\/\/blogdalucianaoliveira.com.br\/blog\/wp-json\/wp\/v2\/comments?post=26823"}],"version-history":[{"count":1,"href":"http:\/\/blogdalucianaoliveira.com.br\/blog\/wp-json\/wp\/v2\/posts\/26823\/revisions"}],"predecessor-version":[{"id":26825,"href":"http:\/\/blogdalucianaoliveira.com.br\/blog\/wp-json\/wp\/v2\/posts\/26823\/revisions\/26825"}],"wp:attachment":[{"href":"http:\/\/blogdalucianaoliveira.com.br\/blog\/wp-json\/wp\/v2\/media?parent=26823"}],"wp:term":[{"taxonomy":"category","embeddable":true,"href":"http:\/\/blogdalucianaoliveira.com.br\/blog\/wp-json\/wp\/v2\/categories?post=26823"},{"taxonomy":"post_tag","embeddable":true,"href":"http:\/\/blogdalucianaoliveira.com.br\/blog\/wp-json\/wp\/v2\/tags?post=26823"}],"curies":[{"name":"wp","href":"https:\/\/api.w.org\/{rel}","templated":true}]}}