{"id":26826,"date":"2020-03-10T19:03:09","date_gmt":"2020-03-10T23:03:09","guid":{"rendered":"http:\/\/blogdalucianaoliveira.com.br\/blog\/?p=26826"},"modified":"2020-03-10T19:03:20","modified_gmt":"2020-03-10T23:03:20","slug":"acusados-de-matar-marielle-franco-e-anderson-gomes-irao-a-juri-popular","status":"publish","type":"post","link":"http:\/\/blogdalucianaoliveira.com.br\/blog\/2020\/03\/10\/acusados-de-matar-marielle-franco-e-anderson-gomes-irao-a-juri-popular\/","title":{"rendered":"Acusados de matar Marielle Franco e Anderson Gomes ir\u00e3o a j\u00fari popular"},"content":{"rendered":"\n<figure class=\"wp-block-image size-large\"><img data-recalc-dims=\"1\" loading=\"lazy\" decoding=\"async\" width=\"600\" height=\"360\" data-attachment-id=\"26827\" data-permalink=\"http:\/\/blogdalucianaoliveira.com.br\/blog\/2020\/03\/10\/acusados-de-matar-marielle-franco-e-anderson-gomes-irao-a-juri-popular\/image-27-5\/\" data-orig-file=\"https:\/\/i0.wp.com\/blogdalucianaoliveira.com.br\/blog\/wp-content\/uploads\/2020\/03\/image-27.jpeg?fit=1024%2C614\" data-orig-size=\"1024,614\" data-comments-opened=\"0\" data-image-meta=\"{&quot;aperture&quot;:&quot;0&quot;,&quot;credit&quot;:&quot;&quot;,&quot;camera&quot;:&quot;&quot;,&quot;caption&quot;:&quot;&quot;,&quot;created_timestamp&quot;:&quot;0&quot;,&quot;copyright&quot;:&quot;&quot;,&quot;focal_length&quot;:&quot;0&quot;,&quot;iso&quot;:&quot;0&quot;,&quot;shutter_speed&quot;:&quot;0&quot;,&quot;title&quot;:&quot;&quot;,&quot;orientation&quot;:&quot;0&quot;}\" data-image-title=\"image-27\" data-image-description=\"\" data-image-caption=\"\" data-medium-file=\"https:\/\/i0.wp.com\/blogdalucianaoliveira.com.br\/blog\/wp-content\/uploads\/2020\/03\/image-27.jpeg?fit=300%2C180\" data-large-file=\"https:\/\/i0.wp.com\/blogdalucianaoliveira.com.br\/blog\/wp-content\/uploads\/2020\/03\/image-27.jpeg?fit=600%2C360\" src=\"https:\/\/i0.wp.com\/blogdalucianaoliveira.com.br\/blog\/wp-content\/uploads\/2020\/03\/image-27.jpeg?resize=600%2C360\" alt=\"\" class=\"wp-image-26827\" srcset=\"https:\/\/i0.wp.com\/blogdalucianaoliveira.com.br\/blog\/wp-content\/uploads\/2020\/03\/image-27.jpeg?w=1024 1024w, https:\/\/i0.wp.com\/blogdalucianaoliveira.com.br\/blog\/wp-content\/uploads\/2020\/03\/image-27.jpeg?resize=300%2C180 300w, https:\/\/i0.wp.com\/blogdalucianaoliveira.com.br\/blog\/wp-content\/uploads\/2020\/03\/image-27.jpeg?resize=768%2C461 768w, https:\/\/i0.wp.com\/blogdalucianaoliveira.com.br\/blog\/wp-content\/uploads\/2020\/03\/image-27.jpeg?resize=500%2C300 500w\" sizes=\"auto, (max-width: 600px) 100vw, 600px\" \/><\/figure>\n\n\n\n<h4 class=\"wp-block-heading\">Ronnie Lessa e \u00c9lcio de Queiroz est\u00e3o em um pres\u00eddio federal em Rond\u00f4nia; advogado de \u00c9lcio disse que ir\u00e1 recorrer<\/h4>\n\n\n\n<!--more-->\n\n\n\n<p>Carta Capital &#8211; Ronnie Lessa e \u00c9lcio de Queiroz, acusados de planejarem e executarem o assassinato da vereadora Marielle Franco, do PSOL, e de seu motorista Anderson Gomes, ir\u00e3o a j\u00fari popular. A decis\u00e3o foi tomada pelo Tribunal de Justi\u00e7a do Rio de Janeiro nesta ter\u00e7a-feira 10.<\/p>\n\n\n\n<p>Os dois ex-policiais s\u00e3o r\u00e9us por duplo homic\u00eddio e tamb\u00e9m responder\u00e3o pela tentativa de homic\u00eddio contra a assessora de Marielle que estava no carro, Fernanda Gon\u00e7alves Chaves. O crime aconteceu h\u00e1 quase dois anos, no dia 14 de mar\u00e7o de 2018, no bairro do Est\u00e1cio, regi\u00e3o central do Rio de Janeiro. Ainda n\u00e3o h\u00e1 esclarecimentos finais sobre o mandante do crime.<\/p>\n\n\n\n<p>Os suspeitos est\u00e3o presos no pres\u00eddio de Porto Velho, em Rond\u00f4nia, desde maio de 2019. Eles tamb\u00e9m passaram por Bangu 1, no Rio, e pela penitenci\u00e1ria federal de Mossor\u00f3, no Rio Grande do Norte. No decorrer do processo, a Pol\u00edcia Civil do Rio de Janeiro, que investiga o caso, chegou a oferecer&nbsp;<a href=\"https:\/\/www.cartacapital.com.br\/sociedade\/policia-ofereceu-delacao-premiada-aos-suspeitos-de-matar-marielle-franco\/\">dela\u00e7\u00e3o premiada<\/a>&nbsp;para os dois acusados a fim de obter mais informa\u00e7\u00f5es sobre o caso, mas ambos negaram \u2013 assim como negam o envolvimento no crime at\u00e9 hoje.<\/p>\n\n\n\n<p>Em resposta ao portal G1, o advogado de \u00c9lcio de Queiroz afirmou que est\u00e1 avaliando a decis\u00e3o e que ir\u00e1 recorrer. At\u00e9 o momento, n\u00e3o houve pronunciamento da defesa de Ronnie Lessa.<\/p>\n\n\n\n<p>O j\u00fari popular pode ser a escolha do Judici\u00e1rio para crimes dolosos contra a vida. Cabe a um colegiado de populares sorteados declararem se o r\u00e9u em quest\u00e3o \u00e9 culpado ou inocente.<\/p>\n\n\n\n<p><\/p>\n","protected":false},"excerpt":{"rendered":"<p>Ronnie Lessa e \u00c9lcio de Queiroz est\u00e3o em um pres\u00eddio federal em Rond\u00f4nia; advogado de \u00c9lcio disse que ir\u00e1 recorrer<\/p>\n","protected":false},"author":1,"featured_media":0,"comment_status":"closed","ping_status":"open","sticky":false,"template":"","format":"standard","meta":{"_exactmetrics_skip_tracking":false,"_exactmetrics_sitenote_active":false,"_exactmetrics_sitenote_note":"","_exactmetrics_sitenote_category":0,"jetpack_post_was_ever_published":false,"_jetpack_newsletter_access":"","_jetpack_dont_email_post_to_subs":false,"_jetpack_newsletter_tier_id":0,"_jetpack_memberships_contains_paywalled_content":false,"_jetpack_memberships_contains_paid_content":false,"footnotes":"","jetpack_publicize_message":"","jetpack_publicize_feature_enabled":true,"jetpack_social_post_already_shared":true,"jetpack_social_options":{"image_generator_settings":{"template":"highway","enabled":false},"version":2}},"categories":[1],"tags":[],"class_list":["post-26826","post","type-post","status-publish","format-standard","hentry","category-notas"],"jetpack_publicize_connections":[],"jetpack_sharing_enabled":true,"jetpack_featured_media_url":"","jetpack_shortlink":"https:\/\/wp.me\/p7wKYW-6YG","jetpack-related-posts":[],"_links":{"self":[{"href":"http:\/\/blogdalucianaoliveira.com.br\/blog\/wp-json\/wp\/v2\/posts\/26826","targetHints":{"allow":["GET"]}}],"collection":[{"href":"http:\/\/blogdalucianaoliveira.com.br\/blog\/wp-json\/wp\/v2\/posts"}],"about":[{"href":"http:\/\/blogdalucianaoliveira.com.br\/blog\/wp-json\/wp\/v2\/types\/post"}],"author":[{"embeddable":true,"href":"http:\/\/blogdalucianaoliveira.com.br\/blog\/wp-json\/wp\/v2\/users\/1"}],"replies":[{"embeddable":true,"href":"http:\/\/blogdalucianaoliveira.com.br\/blog\/wp-json\/wp\/v2\/comments?post=26826"}],"version-history":[{"count":1,"href":"http:\/\/blogdalucianaoliveira.com.br\/blog\/wp-json\/wp\/v2\/posts\/26826\/revisions"}],"predecessor-version":[{"id":26828,"href":"http:\/\/blogdalucianaoliveira.com.br\/blog\/wp-json\/wp\/v2\/posts\/26826\/revisions\/26828"}],"wp:attachment":[{"href":"http:\/\/blogdalucianaoliveira.com.br\/blog\/wp-json\/wp\/v2\/media?parent=26826"}],"wp:term":[{"taxonomy":"category","embeddable":true,"href":"http:\/\/blogdalucianaoliveira.com.br\/blog\/wp-json\/wp\/v2\/categories?post=26826"},{"taxonomy":"post_tag","embeddable":true,"href":"http:\/\/blogdalucianaoliveira.com.br\/blog\/wp-json\/wp\/v2\/tags?post=26826"}],"curies":[{"name":"wp","href":"https:\/\/api.w.org\/{rel}","templated":true}]}}