{"id":2683,"date":"2016-07-29T16:22:26","date_gmt":"2016-07-29T20:22:26","guid":{"rendered":"http:\/\/blogdalucianaoliveira.com.br\/blog\/?p=2683"},"modified":"2016-07-29T19:18:39","modified_gmt":"2016-07-29T23:18:39","slug":"como-e-que-e-o-ex-diretor-que-dilma-demitiu-pra-higienizar-furnas-foi-nomeado-no-governo-interino-a-pedido-de-romero-juca","status":"publish","type":"post","link":"http:\/\/blogdalucianaoliveira.com.br\/blog\/2016\/07\/29\/como-e-que-e-o-ex-diretor-que-dilma-demitiu-pra-higienizar-furnas-foi-nomeado-no-governo-interino-a-pedido-de-romero-juca\/","title":{"rendered":"Como \u00e9 que \u00e9? O ex-diretor que Dilma demitiu pra \u2018higienizar\u2019 Furnas foi nomeado no governo interino a pedido de Romero Juc\u00e1?"},"content":{"rendered":"<p><img data-recalc-dims=\"1\" loading=\"lazy\" decoding=\"async\" data-attachment-id=\"2684\" data-permalink=\"http:\/\/blogdalucianaoliveira.com.br\/blog\/2016\/07\/29\/como-e-que-e-o-ex-diretor-que-dilma-demitiu-pra-higienizar-furnas-foi-nomeado-no-governo-interino-a-pedido-de-romero-juca\/romero\/\" data-orig-file=\"https:\/\/i0.wp.com\/blogdalucianaoliveira.com.br\/blog\/wp-content\/uploads\/2016\/07\/romero.jpg?fit=550%2C366\" data-orig-size=\"550,366\" data-comments-opened=\"0\" data-image-meta=\"{&quot;aperture&quot;:&quot;0&quot;,&quot;credit&quot;:&quot;&quot;,&quot;camera&quot;:&quot;&quot;,&quot;caption&quot;:&quot;&quot;,&quot;created_timestamp&quot;:&quot;0&quot;,&quot;copyright&quot;:&quot;&quot;,&quot;focal_length&quot;:&quot;0&quot;,&quot;iso&quot;:&quot;0&quot;,&quot;shutter_speed&quot;:&quot;0&quot;,&quot;title&quot;:&quot;&quot;,&quot;orientation&quot;:&quot;0&quot;}\" data-image-title=\"romero\" data-image-description=\"\" data-image-caption=\"\" data-medium-file=\"https:\/\/i0.wp.com\/blogdalucianaoliveira.com.br\/blog\/wp-content\/uploads\/2016\/07\/romero.jpg?fit=300%2C200\" data-large-file=\"https:\/\/i0.wp.com\/blogdalucianaoliveira.com.br\/blog\/wp-content\/uploads\/2016\/07\/romero.jpg?fit=550%2C366\" src=\"https:\/\/i0.wp.com\/blogdalucianaoliveira.com.br\/blog\/wp-content\/uploads\/2016\/07\/romero.jpg?resize=550%2C366\" alt=\"romero\" width=\"550\" height=\"366\" class=\"alignnone size-full wp-image-2684\" srcset=\"https:\/\/i0.wp.com\/blogdalucianaoliveira.com.br\/blog\/wp-content\/uploads\/2016\/07\/romero.jpg?w=550 550w, https:\/\/i0.wp.com\/blogdalucianaoliveira.com.br\/blog\/wp-content\/uploads\/2016\/07\/romero.jpg?resize=300%2C200 300w, https:\/\/i0.wp.com\/blogdalucianaoliveira.com.br\/blog\/wp-content\/uploads\/2016\/07\/romero.jpg?resize=451%2C300 451w\" sizes=\"auto, (max-width: 550px) 100vw, 550px\" \/><\/p>\n<p>\u00c9 isso mesmo. <\/p>\n<p>Quem bancou a nomea\u00e7\u00e3o foi Romero Juc\u00e1, que caiu do primeiro escal\u00e3o ap\u00f3s ser flagrado em grava\u00e7\u00f5es tramando o fim da Opera\u00e7\u00e3o Lava Jato.<!--more--><\/p>\n<p>Luiz Henrique Hamann, que foi demitido por Dilma Rousseff da diretoria financeira de Furnas pra parar a sangria na empresa, agora \u00e9 diretor de Distribui\u00e7\u00e3o da Eletrobras.<br \/>\n\u00c9 o cara que Delc\u00eddio do Amaral denunciou na dela\u00e7\u00e3o premiada como o estopim da revolta de Eduardo Cunha com a presidente afastada.<\/p>\n<p>Segundo Delc\u00eddio, em 2011, \u201clogo no in\u00edcio de seu mandato, a presidente Dilma Rousseff fez mudan\u00e7as na diretoria da empresa Furnas Centrais El\u00e9tricas devido a neg\u00f3cios suspeitos.<\/p>\n<p><img data-recalc-dims=\"1\" loading=\"lazy\" decoding=\"async\" data-attachment-id=\"2685\" data-permalink=\"http:\/\/blogdalucianaoliveira.com.br\/blog\/2016\/07\/29\/como-e-que-e-o-ex-diretor-que-dilma-demitiu-pra-higienizar-furnas-foi-nomeado-no-governo-interino-a-pedido-de-romero-juca\/dito-por-delcidio\/\" data-orig-file=\"https:\/\/i0.wp.com\/blogdalucianaoliveira.com.br\/blog\/wp-content\/uploads\/2016\/07\/DITO-POR-DELC%C3%8DDIO.jpg?fit=384%2C395\" data-orig-size=\"384,395\" data-comments-opened=\"0\" data-image-meta=\"{&quot;aperture&quot;:&quot;0&quot;,&quot;credit&quot;:&quot;&quot;,&quot;camera&quot;:&quot;&quot;,&quot;caption&quot;:&quot;&quot;,&quot;created_timestamp&quot;:&quot;0&quot;,&quot;copyright&quot;:&quot;&quot;,&quot;focal_length&quot;:&quot;0&quot;,&quot;iso&quot;:&quot;0&quot;,&quot;shutter_speed&quot;:&quot;0&quot;,&quot;title&quot;:&quot;&quot;,&quot;orientation&quot;:&quot;0&quot;}\" data-image-title=\"DITO-POR-DELC\u00cdDIO\" data-image-description=\"\" data-image-caption=\"\" data-medium-file=\"https:\/\/i0.wp.com\/blogdalucianaoliveira.com.br\/blog\/wp-content\/uploads\/2016\/07\/DITO-POR-DELC%C3%8DDIO.jpg?fit=292%2C300\" data-large-file=\"https:\/\/i0.wp.com\/blogdalucianaoliveira.com.br\/blog\/wp-content\/uploads\/2016\/07\/DITO-POR-DELC%C3%8DDIO.jpg?fit=384%2C395\" src=\"https:\/\/i0.wp.com\/blogdalucianaoliveira.com.br\/blog\/wp-content\/uploads\/2016\/07\/DITO-POR-DELC%C3%8DDIO.jpg?resize=384%2C395\" alt=\"DITO-POR-DELC\u00cdDIO\" width=\"384\" height=\"395\" class=\"alignnone size-full wp-image-2685\" srcset=\"https:\/\/i0.wp.com\/blogdalucianaoliveira.com.br\/blog\/wp-content\/uploads\/2016\/07\/DITO-POR-DELC%C3%8DDIO.jpg?w=384 384w, https:\/\/i0.wp.com\/blogdalucianaoliveira.com.br\/blog\/wp-content\/uploads\/2016\/07\/DITO-POR-DELC%C3%8DDIO.jpg?resize=292%2C300 292w\" sizes=\"auto, (max-width: 384px) 100vw, 384px\" \/><\/p>\n<p>Diz o trecho da dela\u00e7\u00e3o:<\/p>\n<p>\u201cQue em rela\u00e7\u00e3o a Furnas, Dilma teve praticamente que fazer uma interven\u00e7\u00e3o na empresa para cessar as pr\u00e1ticas il\u00edcitas, pois existiam muitas noticias de neg\u00f3cios suspeitos e ilegalidade na gest\u00e3o da empresa\u201d.<\/p>\n<p>E mais:<\/p>\n<p>\u201cQue questionado at\u00e9 quando durou o esquema de ilegalidades de Furnas, respondeu que at\u00e9 uns quatro anos atr\u00e1s, quando Dilma mudou a diretoria, ou seja, at\u00e9 a pen\u00faltima diretoria; Que esta mudan\u00e7a na diretoria de Furnas foi o in\u00edcio do enfrentamento de Dilma Rousseff e Eduardo Cunha, pois este ficou contrariado com a retirada de seus aliados de dentro da companhia\u201d<\/p>\n<p>O Jornal GGN lembra que \u201cNa \u00e9poca, Dilma promovia uma &#8220;faxina&#8221; no setor de energia, e a partir de ent\u00e3o comprou briga com uma parte do PMDB ligada a Eduardo Cunha. O conselho de administra\u00e7\u00e3o de Furnas fez uma reforma em sua c\u00fapula, com a sa\u00edda de Hamann, de Mario M\u00e1rcio Rogar, diretor de Engenharia e M\u00e1rcio Ant\u00f4nio Arantes Porto, de Constru\u00e7\u00e3o.<br \/>\nHamann e Porto eram indica\u00e7\u00f5es do PMDB. Rogar era ligado ao PR. As demiss\u00f5es irritaram Valdir Raupp; o ent\u00e3o l\u00edder do governo no Senado, Romero Juc\u00e1, o ex-l\u00edder da bancada, deputado federal Henrique Eduardo Alves e, claro, Cunha.\u201d<br \/>\nParece at\u00e9 mentira, mas \u00e9 a pura verdade.<\/p>\n<p>Vai ficar cada vez mais roco o  coro  dos manifestantes pr\u00f3-impeachment sobre a \u2018falta de traquejo\u2019 de Dilma para manter alian\u00e7as e garantir a governabilidade.<br \/>\nTemer, pelo visto, sabe o caminho das pedras.<\/p>\n<p>Como bem disse o jornalista Dimas Ferreira, \u201cNa boa, galera: que tal a gente esquecer esse papo sobre corrup\u00e7\u00e3o?\u201d<\/p>\n<p>T\u00e1 ficando cada vez mais feio.<\/p>\n","protected":false},"excerpt":{"rendered":"<p>\u00c9 isso mesmo. Quem bancou a nomea\u00e7\u00e3o foi Romero Juc\u00e1, que caiu do primeiro escal\u00e3o ap\u00f3s ser flagrado em grava\u00e7\u00f5es tramando o fim da Opera\u00e7\u00e3o Lava Jato.<\/p>\n","protected":false},"author":1,"featured_media":0,"comment_status":"closed","ping_status":"open","sticky":false,"template":"","format":"standard","meta":{"_exactmetrics_skip_tracking":false,"_exactmetrics_sitenote_active":false,"_exactmetrics_sitenote_note":"","_exactmetrics_sitenote_category":0,"jetpack_post_was_ever_published":false,"_jetpack_newsletter_access":"","_jetpack_dont_email_post_to_subs":false,"_jetpack_newsletter_tier_id":0,"_jetpack_memberships_contains_paywalled_content":false,"_jetpack_memberships_contains_paid_content":false,"footnotes":"","jetpack_publicize_message":"","jetpack_publicize_feature_enabled":true,"jetpack_social_post_already_shared":true,"jetpack_social_options":{"image_generator_settings":{"template":"highway","enabled":false},"version":2}},"categories":[1],"tags":[58,61,174,39,45],"class_list":["post-2683","post","type-post","status-publish","format-standard","hentry","category-notas","tag-cunha","tag-dilma","tag-furnas","tag-golpe","tag-temer"],"jetpack_publicize_connections":[],"jetpack_sharing_enabled":true,"jetpack_featured_media_url":"","jetpack_shortlink":"https:\/\/wp.me\/p7wKYW-Hh","jetpack-related-posts":[],"_links":{"self":[{"href":"http:\/\/blogdalucianaoliveira.com.br\/blog\/wp-json\/wp\/v2\/posts\/2683","targetHints":{"allow":["GET"]}}],"collection":[{"href":"http:\/\/blogdalucianaoliveira.com.br\/blog\/wp-json\/wp\/v2\/posts"}],"about":[{"href":"http:\/\/blogdalucianaoliveira.com.br\/blog\/wp-json\/wp\/v2\/types\/post"}],"author":[{"embeddable":true,"href":"http:\/\/blogdalucianaoliveira.com.br\/blog\/wp-json\/wp\/v2\/users\/1"}],"replies":[{"embeddable":true,"href":"http:\/\/blogdalucianaoliveira.com.br\/blog\/wp-json\/wp\/v2\/comments?post=2683"}],"version-history":[{"count":3,"href":"http:\/\/blogdalucianaoliveira.com.br\/blog\/wp-json\/wp\/v2\/posts\/2683\/revisions"}],"predecessor-version":[{"id":2698,"href":"http:\/\/blogdalucianaoliveira.com.br\/blog\/wp-json\/wp\/v2\/posts\/2683\/revisions\/2698"}],"wp:attachment":[{"href":"http:\/\/blogdalucianaoliveira.com.br\/blog\/wp-json\/wp\/v2\/media?parent=2683"}],"wp:term":[{"taxonomy":"category","embeddable":true,"href":"http:\/\/blogdalucianaoliveira.com.br\/blog\/wp-json\/wp\/v2\/categories?post=2683"},{"taxonomy":"post_tag","embeddable":true,"href":"http:\/\/blogdalucianaoliveira.com.br\/blog\/wp-json\/wp\/v2\/tags?post=2683"}],"curies":[{"name":"wp","href":"https:\/\/api.w.org\/{rel}","templated":true}]}}