{"id":26833,"date":"2020-03-11T08:34:22","date_gmt":"2020-03-11T12:34:22","guid":{"rendered":"http:\/\/blogdalucianaoliveira.com.br\/blog\/?p=26833"},"modified":"2020-03-11T08:34:30","modified_gmt":"2020-03-11T12:34:30","slug":"costureira-mae-inocente-quem-e-a-mulher-que-pm-de-santa-catarina-deixou-com-fratura-exposta","status":"publish","type":"post","link":"http:\/\/blogdalucianaoliveira.com.br\/blog\/2020\/03\/11\/costureira-mae-inocente-quem-e-a-mulher-que-pm-de-santa-catarina-deixou-com-fratura-exposta\/","title":{"rendered":"Costureira, m\u00e3e, inocente: Quem \u00e9 a mulher que PM de Santa Catarina deixou com fratura exposta"},"content":{"rendered":"\n<figure class=\"wp-block-image size-large\"><img data-recalc-dims=\"1\" loading=\"lazy\" decoding=\"async\" width=\"600\" height=\"450\" data-attachment-id=\"26834\" data-permalink=\"http:\/\/blogdalucianaoliveira.com.br\/blog\/2020\/03\/11\/costureira-mae-inocente-quem-e-a-mulher-que-pm-de-santa-catarina-deixou-com-fratura-exposta\/image-29-5\/\" data-orig-file=\"https:\/\/i0.wp.com\/blogdalucianaoliveira.com.br\/blog\/wp-content\/uploads\/2020\/03\/image-29.jpeg?fit=750%2C563\" data-orig-size=\"750,563\" data-comments-opened=\"0\" data-image-meta=\"{&quot;aperture&quot;:&quot;0&quot;,&quot;credit&quot;:&quot;&quot;,&quot;camera&quot;:&quot;&quot;,&quot;caption&quot;:&quot;&quot;,&quot;created_timestamp&quot;:&quot;0&quot;,&quot;copyright&quot;:&quot;&quot;,&quot;focal_length&quot;:&quot;0&quot;,&quot;iso&quot;:&quot;0&quot;,&quot;shutter_speed&quot;:&quot;0&quot;,&quot;title&quot;:&quot;&quot;,&quot;orientation&quot;:&quot;0&quot;}\" data-image-title=\"image-29\" data-image-description=\"\" data-image-caption=\"\" data-medium-file=\"https:\/\/i0.wp.com\/blogdalucianaoliveira.com.br\/blog\/wp-content\/uploads\/2020\/03\/image-29.jpeg?fit=300%2C225\" data-large-file=\"https:\/\/i0.wp.com\/blogdalucianaoliveira.com.br\/blog\/wp-content\/uploads\/2020\/03\/image-29.jpeg?fit=600%2C450\" src=\"https:\/\/i0.wp.com\/blogdalucianaoliveira.com.br\/blog\/wp-content\/uploads\/2020\/03\/image-29.jpeg?resize=600%2C450\" alt=\"\" class=\"wp-image-26834\" srcset=\"https:\/\/i0.wp.com\/blogdalucianaoliveira.com.br\/blog\/wp-content\/uploads\/2020\/03\/image-29.jpeg?w=750 750w, https:\/\/i0.wp.com\/blogdalucianaoliveira.com.br\/blog\/wp-content\/uploads\/2020\/03\/image-29.jpeg?resize=300%2C225 300w, https:\/\/i0.wp.com\/blogdalucianaoliveira.com.br\/blog\/wp-content\/uploads\/2020\/03\/image-29.jpeg?resize=400%2C300 400w\" sizes=\"auto, (max-width: 600px) 100vw, 600px\" \/><\/figure>\n\n\n\n<p>Dois dias e meio no hospital, fratura na f\u00edbula e na t\u00edbia, uma cirurgia, 13 pinos, uma platina, o rosto marcado e machucado e, talvez, mais uma cirurgia no tend\u00e3o. A costureira Silvana de Souza, 39 anos, nunca mais vai esquecer o dia 19 de fevereiro, quando foi jogada no ch\u00e3o do terreno em frente a sua casa pela Pol\u00edcia Militar de Santa Catarina. A a\u00e7\u00e3o foi filmada por celulares de testemunhas e divulgada nesta ter\u00e7a-feira (10\/3), mas o caso aconteceu h\u00e1 quase um m\u00eas, em Mafra, no Planalto Norte do estado.<\/p>\n\n\n\n<!--more-->\n\n\n\n<p>No DCM, <strong>POR DRIKA EVARINI<\/strong><\/p>\n\n\n\n<p>O v\u00eddeo mostra o momento em que Silvana est\u00e1 sendo conduzida e, de repente, leva uma rasteira e \u00e9 jogada no ch\u00e3o. Tatiana de Souza, irm\u00e3 de Silvana, gravou as imagens que mostram a costureira com o rosto machucado, sangrando e a fratura exposta na perna. \u201cEle quebrou minha perna\u201d, gritava Silvana.<\/p>\n\n\n\n<p>\u201cEu me senti um nada, um lixo, um z\u00e9 ningu\u00e9m para eles, como se eu fosse um animal. N\u00e3o tinha necessidade de eles fazerem aquilo comigo\u201d, lamenta, em entrevista \u00e0\u00a0Ponte.<\/p>\n\n\n\n<p>\u201cEntraram na minha casa, com arma apontada, espirrando g\u00e1s pimenta at\u00e9 nas crian\u00e7as, com arma apontada. O meu menor, de quatro anos, n\u00e3o pode escutar uma sirene e j\u00e1 pergunta se \u00e9 sirene, se \u00e9 pol\u00edcia, est\u00e1 traumatizado\u201d, conta.<\/p>\n\n\n\n<p>Foi neste momento que Silvana, que mora ao lado com a m\u00e3e, chegou para saber o que estava acontecendo. \u201cVi um monte de PM, as crian\u00e7as com os olhos vermelhos, minha irm\u00e3, meu cunhado e fui perguntar. J\u00e1 fui abordada por um policial com spray de pimenta. Eu comecei a discutir com o policial porque achei abuso de autoridade. A ocorr\u00eancia n\u00e3o tinha nada a ver com a gente e j\u00e1 entraram no nosso terreno com viol\u00eancia, apontando arma pra todo mundo\u201d, conta.<\/p>\n\n\n\n<p>A costureira ressalta que n\u00e3o houve nenhuma agress\u00e3o ou amea\u00e7a dos moradores, como afirma a pol\u00edcia, mas admite que a fam\u00edlia xingou os policiais por conta da trucul\u00eancia. Ela recebeu voz de pris\u00e3o ainda dentro do terreno e foi conduzida. Pelo menos seis policiais participaram da a\u00e7\u00e3o.<\/p>\n\n\n\n<p>Enquanto a irm\u00e3 filmava toda a a\u00e7\u00e3o, Silvana foi derrubada com viol\u00eancia. Instantaneamente o rosto come\u00e7ou a sangrar e a fratura na perna foi exposta. Tatiana tamb\u00e9m foi derrubada enquanto tentava ajudar a costureira e filmava. Ela conta que teve arranh\u00f5es leves, mas que o celular foi recolhido pela PM. Ela s\u00f3 conseguiu reaver o aparelho oito dias depois.<\/p>\n\n\n\n<p>\u201cFoi muito revoltante, at\u00e9 nisso a gente mostra que n\u00e3o \u00e9 violento, eu fui filmando e falando com eles, acabei xingando. Mas em momento nenhum tentei agredir. Se f\u00f4ssemos violentos ter\u00edamos tentado agredir. Quando eu tentei chegar perto, n\u00e3o deixaram e me derrubaram para pegar meu celular\u201d, lembra.<\/p>\n\n\n\n<p>Silvana conta que tentou levantar e n\u00e3o conseguiu e foi nesse momento que percebeu que havia quebrado a perna. Ela lembra ainda que ficou por cerca de uma hora no ch\u00e3o enquanto a ambul\u00e2ncia dos bombeiros era acionada, trabalho que ficou a cargo dos vizinhos. \u201cEles [<em>policiais<\/em>] n\u00e3o prestaram atendimento nenhum\u201d, ressalta.<\/p>\n\n\n\n<p>A costureira lembra ainda que o policial tentou se esquivar da responsabilidade afirmando aos socorristas e tamb\u00e9m no hospital que ela tinha \u201cescorregado\u201d. \u201cEle disse que eu ca\u00ed sozinha, que eu reagi e que quando ele caiu por cima de mim, o material de trabalho dele fraturou a minha perna\u201d, diz.<\/p>\n\n\n\n<p>Eu Durante os dois dias e meio no hospital, a costureira passou pelo procedimento cir\u00fargico para corrigir a fratura na perna, o que a tem impossibilitado de trabalhar. O retorno ao m\u00e9dico para avaliar a necessidade de nova cirurgia ser\u00e1 no dia 25 de mar\u00e7o.<\/p>\n\n\n\n<p>\u201c\u00c9 uma situa\u00e7\u00e3o muito complicada, n\u00e3o tinha nada a ver conosco e eles falam como se n\u00f3s f\u00f4ssemos bandidos, falam de viol\u00eancia e n\u00e3o foi assim. \u00c9 constrangedor, n\u00e3o posso trabalhar, tenho filhos para sustentar e agora, nos sentimos amea\u00e7ados n\u00e9, porque querendo ou n\u00e3o, eles t\u00eam poder\u201d, relata.<\/p>\n\n\n\n<p>Ela conta ainda que o mesmo policial que a agrediu, colheu o depoimento para gerar a ocorr\u00eancia ainda no hospital. Silvana s\u00f3 foi liberada do hospital para casa porque a irm\u00e3 pagou a fian\u00e7a.<\/p>\n\n\n\n<p><strong>Outro lado<\/strong><\/p>\n\n\n\n<p>Em nota, a Pol\u00edcia Militar de Santa Catarina afirmou que os moradores teriam se aproximado, iniciado a discuss\u00e3o e amea\u00e7ado os policiais, inclusive com um fac\u00e3o, o que teria motivado a utiliza\u00e7\u00e3o de g\u00e1s lacrimog\u00eaneo. A PM declarou ainda que Silvana teria continuado a desacatar os policiais e demonstrado resist\u00eancia no momento da pris\u00e3o \u201craz\u00e3o pela qual o policial fez uso da for\u00e7a, derrubando-a no ch\u00e3o\u201d.<\/p>\n\n\n\n<p>A nota ressalta ainda que os agentes \u201cs\u00e3o treinados a fazer o uso progressivo da for\u00e7a, bem como, observarem os protocolos operacionais padr\u00e3o\u201d. A PM afirma que um Inqu\u00e9rito Policial Militar ser\u00e1 instaurado.<\/p>\n\n\n\n<p><strong>Minist\u00e9rio P\u00fablico apura a\u00e7\u00e3o da PM<\/strong><\/p>\n\n\n\n<p>O promotor Filipe Costa Brenner determinou, dois dias ap\u00f3s a a\u00e7\u00e3o, a juntada de grava\u00e7\u00f5es, reportagens, do auto de pris\u00e3o em flagrante e das imagens das c\u00e2meras policiais. A partir desses elementos, a promotoria deve avaliar se h\u00e1 elementos suficientes para instaura\u00e7\u00e3o de procedimento e poss\u00edvel encaminhamento \u00e0 Promotoria Especializada, em Florian\u00f3polis, para investigar poss\u00edveis abusos na a\u00e7\u00e3o militar.<\/p>\n\n\n\n<p>\u201cOs fatos t\u00eam potencial para ensejar provid\u00eancias do controle externo da atividade policial e, inclusive, na seara criminal\u201d, resumiu no despacho.<\/p>\n\n\n\n<p>Al\u00e9m disso, a fam\u00edlia de Silvana contratou advogados que, em nota, dizem que est\u00e3o aguardando a apura\u00e7\u00e3o do Minist\u00e9rio P\u00fablico e do comando da PMSC. \u201cAp\u00f3s a conclus\u00e3o desses trabalhos, ser\u00e3o ajuizadas as medidas judiciais cab\u00edveis\u201d, afirmam.<\/p>\n\n\n\n<figure class=\"wp-block-embed-youtube wp-block-embed is-type-video is-provider-youtube wp-embed-aspect-16-9 wp-has-aspect-ratio\"><div class=\"wp-block-embed__wrapper\">\n<div class=\"jetpack-video-wrapper\"><iframe loading=\"lazy\" title=\"Mulher \u00e9 agredida e tem perna quebrada em a\u00e7\u00e3o da PM de Santa Catarina - Ponte Jornalismo\" width=\"600\" height=\"338\" src=\"https:\/\/www.youtube.com\/embed\/NteGu3jASIw?feature=oembed\" frameborder=\"0\" allow=\"accelerometer; autoplay; clipboard-write; encrypted-media; gyroscope; picture-in-picture; web-share\" referrerpolicy=\"strict-origin-when-cross-origin\" allowfullscreen><\/iframe><\/div>\n<\/div><\/figure>\n","protected":false},"excerpt":{"rendered":"<p>Dois dias e meio no hospital, fratura na f\u00edbula e na t\u00edbia, uma cirurgia, 13 pinos, uma platina, o rosto marcado e machucado e, talvez, mais uma cirurgia no tend\u00e3o. A costureira Silvana de Souza, 39 anos, nunca mais vai esquecer o dia 19 de fevereiro, quando foi jogada no ch\u00e3o do terreno em frente&#8230;<a class=\"more-link\" href=\"http:\/\/blogdalucianaoliveira.com.br\/blog\/2020\/03\/11\/costureira-mae-inocente-quem-e-a-mulher-que-pm-de-santa-catarina-deixou-com-fratura-exposta\/\">Continue a leitura <span class=\"meta-nav\">&raquo;<\/span><\/a><\/p>\n","protected":false},"author":1,"featured_media":0,"comment_status":"closed","ping_status":"open","sticky":false,"template":"","format":"standard","meta":{"_exactmetrics_skip_tracking":false,"_exactmetrics_sitenote_active":false,"_exactmetrics_sitenote_note":"","_exactmetrics_sitenote_category":0,"jetpack_post_was_ever_published":false,"_jetpack_newsletter_access":"","_jetpack_dont_email_post_to_subs":false,"_jetpack_newsletter_tier_id":0,"_jetpack_memberships_contains_paywalled_content":false,"_jetpack_memberships_contains_paid_content":false,"footnotes":"","jetpack_publicize_message":"","jetpack_publicize_feature_enabled":true,"jetpack_social_post_already_shared":true,"jetpack_social_options":{"image_generator_settings":{"template":"highway","enabled":false},"version":2}},"categories":[1],"tags":[],"class_list":["post-26833","post","type-post","status-publish","format-standard","hentry","category-notas"],"jetpack_publicize_connections":[],"jetpack_sharing_enabled":true,"jetpack_featured_media_url":"","jetpack_shortlink":"https:\/\/wp.me\/p7wKYW-6YN","jetpack-related-posts":[],"_links":{"self":[{"href":"http:\/\/blogdalucianaoliveira.com.br\/blog\/wp-json\/wp\/v2\/posts\/26833","targetHints":{"allow":["GET"]}}],"collection":[{"href":"http:\/\/blogdalucianaoliveira.com.br\/blog\/wp-json\/wp\/v2\/posts"}],"about":[{"href":"http:\/\/blogdalucianaoliveira.com.br\/blog\/wp-json\/wp\/v2\/types\/post"}],"author":[{"embeddable":true,"href":"http:\/\/blogdalucianaoliveira.com.br\/blog\/wp-json\/wp\/v2\/users\/1"}],"replies":[{"embeddable":true,"href":"http:\/\/blogdalucianaoliveira.com.br\/blog\/wp-json\/wp\/v2\/comments?post=26833"}],"version-history":[{"count":1,"href":"http:\/\/blogdalucianaoliveira.com.br\/blog\/wp-json\/wp\/v2\/posts\/26833\/revisions"}],"predecessor-version":[{"id":26835,"href":"http:\/\/blogdalucianaoliveira.com.br\/blog\/wp-json\/wp\/v2\/posts\/26833\/revisions\/26835"}],"wp:attachment":[{"href":"http:\/\/blogdalucianaoliveira.com.br\/blog\/wp-json\/wp\/v2\/media?parent=26833"}],"wp:term":[{"taxonomy":"category","embeddable":true,"href":"http:\/\/blogdalucianaoliveira.com.br\/blog\/wp-json\/wp\/v2\/categories?post=26833"},{"taxonomy":"post_tag","embeddable":true,"href":"http:\/\/blogdalucianaoliveira.com.br\/blog\/wp-json\/wp\/v2\/tags?post=26833"}],"curies":[{"name":"wp","href":"https:\/\/api.w.org\/{rel}","templated":true}]}}