{"id":26836,"date":"2020-03-11T08:48:19","date_gmt":"2020-03-11T12:48:19","guid":{"rendered":"http:\/\/blogdalucianaoliveira.com.br\/blog\/?p=26836"},"modified":"2020-03-11T08:48:30","modified_gmt":"2020-03-11T12:48:30","slug":"deputado-propoe-amputar-maos-de-politicos-condenados-por-corrupcao","status":"publish","type":"post","link":"http:\/\/blogdalucianaoliveira.com.br\/blog\/2020\/03\/11\/deputado-propoe-amputar-maos-de-politicos-condenados-por-corrupcao\/","title":{"rendered":"Deputado prop\u00f5e amputar m\u00e3os de pol\u00edticos condenados por corrup\u00e7\u00e3o"},"content":{"rendered":"\n<figure class=\"wp-block-image size-large\"><img data-recalc-dims=\"1\" loading=\"lazy\" decoding=\"async\" width=\"600\" height=\"360\" data-attachment-id=\"26837\" data-permalink=\"http:\/\/blogdalucianaoliveira.com.br\/blog\/2020\/03\/11\/deputado-propoe-amputar-maos-de-politicos-condenados-por-corrupcao\/image-30-5\/\" data-orig-file=\"https:\/\/i0.wp.com\/blogdalucianaoliveira.com.br\/blog\/wp-content\/uploads\/2020\/03\/image-30.jpeg?fit=1024%2C614\" data-orig-size=\"1024,614\" data-comments-opened=\"0\" data-image-meta=\"{&quot;aperture&quot;:&quot;0&quot;,&quot;credit&quot;:&quot;&quot;,&quot;camera&quot;:&quot;&quot;,&quot;caption&quot;:&quot;&quot;,&quot;created_timestamp&quot;:&quot;0&quot;,&quot;copyright&quot;:&quot;&quot;,&quot;focal_length&quot;:&quot;0&quot;,&quot;iso&quot;:&quot;0&quot;,&quot;shutter_speed&quot;:&quot;0&quot;,&quot;title&quot;:&quot;&quot;,&quot;orientation&quot;:&quot;0&quot;}\" data-image-title=\"image-30\" data-image-description=\"\" data-image-caption=\"\" data-medium-file=\"https:\/\/i0.wp.com\/blogdalucianaoliveira.com.br\/blog\/wp-content\/uploads\/2020\/03\/image-30.jpeg?fit=300%2C180\" data-large-file=\"https:\/\/i0.wp.com\/blogdalucianaoliveira.com.br\/blog\/wp-content\/uploads\/2020\/03\/image-30.jpeg?fit=600%2C360\" src=\"https:\/\/i0.wp.com\/blogdalucianaoliveira.com.br\/blog\/wp-content\/uploads\/2020\/03\/image-30.jpeg?resize=600%2C360\" alt=\"\" class=\"wp-image-26837\" srcset=\"https:\/\/i0.wp.com\/blogdalucianaoliveira.com.br\/blog\/wp-content\/uploads\/2020\/03\/image-30.jpeg?w=1024 1024w, https:\/\/i0.wp.com\/blogdalucianaoliveira.com.br\/blog\/wp-content\/uploads\/2020\/03\/image-30.jpeg?resize=300%2C180 300w, https:\/\/i0.wp.com\/blogdalucianaoliveira.com.br\/blog\/wp-content\/uploads\/2020\/03\/image-30.jpeg?resize=768%2C461 768w, https:\/\/i0.wp.com\/blogdalucianaoliveira.com.br\/blog\/wp-content\/uploads\/2020\/03\/image-30.jpeg?resize=500%2C300 500w\" sizes=\"auto, (max-width: 600px) 100vw, 600px\" \/><\/figure>\n\n\n\n<h4 class=\"wp-block-heading\"><br>\u2018Est\u00e1 clara a raz\u00e3o dessa praga (a corrup\u00e7\u00e3o) estar cada vez pior no pa\u00eds, j\u00e1 que nenhuma provid\u00eancia \u00e9 tomada\u2019, diz o texto do PL<\/h4>\n\n\n\n<!--more-->\n\n\n\n<p>Na Carta Capital <\/p>\n\n\n\n<p>Um deputado federal protocolou nesta ter\u00e7a-feira 10 um projeto de lei (PL) que visa amputar ambas as m\u00e3os de pol\u00edticos que cometam crimes de corrup\u00e7\u00e3o. Boca Aberta, do PROS-PR, afirma em sua justificativa que \u00e9 \u201cestarrecedor\u201d que o Brasil n\u00e3o puna nenhum pol\u00edtico como deveria e cita a China, o Ir\u00e3 e a Cor\u00e9ia do Norte como exemplos de pa\u00edses que usam at\u00e9 da pena de morte para condenar pol\u00edticos.<\/p>\n\n\n\n<p>De acordo com o PL, a\u00a0amputa\u00e7\u00e3o das m\u00e3os direita e esquerda deve ser feita para quem tenha cometido crime de \u201cabuso de poder econ\u00f4mico, improbidade administrativa que importe les\u00e3o ao patrim\u00f4nio p\u00fablico e enriquecimento il\u00edcito, desde a condena\u00e7\u00e3o at\u00e9 o tr\u00e2nsito em julgado.\u201d<\/p>\n\n\n\n<p>A medida incluiria o presidente da Rep\u00fablica, governadores, prefeitos, deputados, senadores e vereadores e seria realizada pelo Sistema \u00danico de Sa\u00fade.<\/p>\n\n\n\n<p>A justificativa do projeto elenca que os pol\u00edticos se aproveitam&nbsp;\u201cda boa f\u00e9 dos eleitores, prometem tudo, n\u00e3o cumprem e nada-lhes acontece\u201d e os caracteriza como \u201cinescrupulosos e frios, pessoas m\u00e1s, desumanas\u201d.<\/p>\n\n\n\n<p>\u201cO Brasil \u00e9 o \u00fanico pa\u00eds do mundo que n\u00e3o tem absolutamente nenhum pol\u00edtico preso (ou apenas um) por corrup\u00e7\u00e3o, portanto, est\u00e1 clara a raz\u00e3o dessa praga (a corrup\u00e7\u00e3o) estar cada vez pior no pa\u00eds, j\u00e1 que nenhuma provid\u00eancia \u00e9 tomada\u201d, diz o texto.<\/p>\n\n\n\n<p>Para incrementar a ideia do amputamento, o projeto ainda faz refer\u00eancias a leis punitivas de na\u00e7\u00f5es n\u00e3o democr\u00e1ticas, como&nbsp;China, Ir\u00e3 e Coreia do Norte, e cita diversos dados sem mostrar a fonte das informa\u00e7\u00f5es publicadas. At\u00e9 mesmo a pena de morte entra na conversa.<\/p>\n\n\n\n<p>\u201cO m\u00e9todo de execu\u00e7\u00e3o mais usado para aqueles considerados culpados por corrup\u00e7\u00e3o e outros crimes econ\u00f4micos \u00e9 a inje\u00e7\u00e3o letal. J\u00e1 o fuzilamento \u00e9 usado para quem pratica outros tipos de crimes, como assassinatos.\u201d, diz o projeto do deputado, que cita diversos dados sem mostrar a fonte das informa\u00e7\u00f5es.<\/p>\n\n\n\n<p>Com pol\u00eamicas e uma s\u00e9rie de ataques aos colegas parlamentares no curr\u00edculo, Boca Aberta foi suspenso pelo Conselho de \u00c9tica da C\u00e2mara por seis meses. Pesam contra o deputado a den\u00fancia de invadir hospitais durante a madrugada para fazer filmagens n\u00e3o autorizadas, al\u00e9m de ter apresentado um documento falso no STF. Boca Aberta recorreu da decis\u00e3o da CCJ e o assunto deve ser decidido em plen\u00e1rio.<\/p>\n","protected":false},"excerpt":{"rendered":"<p>\u2018Est\u00e1 clara a raz\u00e3o dessa praga (a corrup\u00e7\u00e3o) estar cada vez pior no pa\u00eds, j\u00e1 que nenhuma provid\u00eancia \u00e9 tomada\u2019, diz o texto do PL<\/p>\n","protected":false},"author":1,"featured_media":0,"comment_status":"closed","ping_status":"open","sticky":false,"template":"","format":"standard","meta":{"_exactmetrics_skip_tracking":false,"_exactmetrics_sitenote_active":false,"_exactmetrics_sitenote_note":"","_exactmetrics_sitenote_category":0,"jetpack_post_was_ever_published":false,"_jetpack_newsletter_access":"","_jetpack_dont_email_post_to_subs":false,"_jetpack_newsletter_tier_id":0,"_jetpack_memberships_contains_paywalled_content":false,"_jetpack_memberships_contains_paid_content":false,"footnotes":"","jetpack_publicize_message":"","jetpack_publicize_feature_enabled":true,"jetpack_social_post_already_shared":true,"jetpack_social_options":{"image_generator_settings":{"template":"highway","enabled":false},"version":2}},"categories":[1],"tags":[],"class_list":["post-26836","post","type-post","status-publish","format-standard","hentry","category-notas"],"jetpack_publicize_connections":[],"jetpack_sharing_enabled":true,"jetpack_featured_media_url":"","jetpack_shortlink":"https:\/\/wp.me\/p7wKYW-6YQ","jetpack-related-posts":[],"_links":{"self":[{"href":"http:\/\/blogdalucianaoliveira.com.br\/blog\/wp-json\/wp\/v2\/posts\/26836","targetHints":{"allow":["GET"]}}],"collection":[{"href":"http:\/\/blogdalucianaoliveira.com.br\/blog\/wp-json\/wp\/v2\/posts"}],"about":[{"href":"http:\/\/blogdalucianaoliveira.com.br\/blog\/wp-json\/wp\/v2\/types\/post"}],"author":[{"embeddable":true,"href":"http:\/\/blogdalucianaoliveira.com.br\/blog\/wp-json\/wp\/v2\/users\/1"}],"replies":[{"embeddable":true,"href":"http:\/\/blogdalucianaoliveira.com.br\/blog\/wp-json\/wp\/v2\/comments?post=26836"}],"version-history":[{"count":1,"href":"http:\/\/blogdalucianaoliveira.com.br\/blog\/wp-json\/wp\/v2\/posts\/26836\/revisions"}],"predecessor-version":[{"id":26838,"href":"http:\/\/blogdalucianaoliveira.com.br\/blog\/wp-json\/wp\/v2\/posts\/26836\/revisions\/26838"}],"wp:attachment":[{"href":"http:\/\/blogdalucianaoliveira.com.br\/blog\/wp-json\/wp\/v2\/media?parent=26836"}],"wp:term":[{"taxonomy":"category","embeddable":true,"href":"http:\/\/blogdalucianaoliveira.com.br\/blog\/wp-json\/wp\/v2\/categories?post=26836"},{"taxonomy":"post_tag","embeddable":true,"href":"http:\/\/blogdalucianaoliveira.com.br\/blog\/wp-json\/wp\/v2\/tags?post=26836"}],"curies":[{"name":"wp","href":"https:\/\/api.w.org\/{rel}","templated":true}]}}