{"id":26841,"date":"2020-03-11T09:19:29","date_gmt":"2020-03-11T13:19:29","guid":{"rendered":"http:\/\/blogdalucianaoliveira.com.br\/blog\/?p=26841"},"modified":"2020-03-11T09:19:40","modified_gmt":"2020-03-11T13:19:40","slug":"avaliacao-negativa-aumenta-e-40-ja-sao-a-favor-do-impeachment-de-bolsonaro","status":"publish","type":"post","link":"http:\/\/blogdalucianaoliveira.com.br\/blog\/2020\/03\/11\/avaliacao-negativa-aumenta-e-40-ja-sao-a-favor-do-impeachment-de-bolsonaro\/","title":{"rendered":"Avalia\u00e7\u00e3o negativa aumenta e 40% j\u00e1 s\u00e3o a favor do impeachment de Bolsonaro"},"content":{"rendered":"\n<figure class=\"wp-block-image\"><img data-recalc-dims=\"1\" decoding=\"async\" src=\"https:\/\/i0.wp.com\/publisher-publish.s3.eu-central-1.amazonaws.com\/pb-brasil247\/swp\/jtjeq9\/media\/20200311090320_db16af70-f96b-4cff-acad-30ca205b2921.jpeg?w=600&#038;ssl=1\" alt=\"Pesquisa tamb\u00e9m apontou que os atos convocados por Jair Bolsonaro para o dia 15 n\u00e3o t\u00eam apoio popular\"\/><\/figure>\n\n\n\n<p><strong>247<\/strong>\u00a0&#8211; A avalia\u00e7\u00e3o negativa de Jair Bolsonaro aumentou de 32%, em dezembro de 2019, para 35% atualmente, de acordo com pesquisa realizada pela Quaest Consultoria entre os dias 2 e 5 de mar\u00e7o com 1 mil eleitores. O percentual dos que avaliam o governo como regular oscilou dois pontos negativos e chega 34%, enquanto aqueles que v\u00eam de forma positiva a administra\u00e7\u00e3o foram de 29% para 30% no mesmo per\u00edodo. <\/p>\n\n\n\n<!--more-->\n\n\n\n<p>Entre dos entrevistados, 39% s\u00e3o a favor do impeachment de Jair Bolsonaro, &nbsp;49% s\u00e3o contr\u00e1rios e 12% n\u00e3o responderam.<\/p>\n\n\n\n<p>De acordo com a pesquisa, 50% diz n\u00e3o apoiar o fechamento do Congresso Nacional, 33% apoiam e 17% n\u00e3o responderam ou n\u00e3o quiseram falar sobre o assunto. Bolsonaro convocou atos para o pr\u00f3ximo dia 15 contra o Legislativo e contra o Supremo Tribunal Federal.\u00a0<br><\/p>\n\n\n\n<p>O estudo apontou que a maior parcela que avalia como positiva a gest\u00e3o de Bolsonaro se concentra entre homens (32%), de 60 e 75 anos (35%) na regi\u00e3o Centro-Oeste (41%) e evang\u00e9licos (47%).<br><\/p>\n","protected":false},"excerpt":{"rendered":"<p>247\u00a0&#8211; A avalia\u00e7\u00e3o negativa de Jair Bolsonaro aumentou de 32%, em dezembro de 2019, para 35% atualmente, de acordo com pesquisa realizada pela Quaest Consultoria entre os dias 2 e 5 de mar\u00e7o com 1 mil eleitores. O percentual dos que avaliam o governo como regular oscilou dois pontos negativos e chega 34%, enquanto aqueles&#8230;<a class=\"more-link\" href=\"http:\/\/blogdalucianaoliveira.com.br\/blog\/2020\/03\/11\/avaliacao-negativa-aumenta-e-40-ja-sao-a-favor-do-impeachment-de-bolsonaro\/\">Continue a leitura <span class=\"meta-nav\">&raquo;<\/span><\/a><\/p>\n","protected":false},"author":1,"featured_media":0,"comment_status":"closed","ping_status":"open","sticky":false,"template":"","format":"standard","meta":{"_exactmetrics_skip_tracking":false,"_exactmetrics_sitenote_active":false,"_exactmetrics_sitenote_note":"","_exactmetrics_sitenote_category":0,"jetpack_post_was_ever_published":false,"_jetpack_newsletter_access":"","_jetpack_dont_email_post_to_subs":false,"_jetpack_newsletter_tier_id":0,"_jetpack_memberships_contains_paywalled_content":false,"_jetpack_memberships_contains_paid_content":false,"footnotes":"","jetpack_publicize_message":"","jetpack_publicize_feature_enabled":true,"jetpack_social_post_already_shared":true,"jetpack_social_options":{"image_generator_settings":{"template":"highway","enabled":false},"version":2}},"categories":[1],"tags":[],"class_list":["post-26841","post","type-post","status-publish","format-standard","hentry","category-notas"],"jetpack_publicize_connections":[],"jetpack_sharing_enabled":true,"jetpack_featured_media_url":"","jetpack_shortlink":"https:\/\/wp.me\/p7wKYW-6YV","jetpack-related-posts":[],"_links":{"self":[{"href":"http:\/\/blogdalucianaoliveira.com.br\/blog\/wp-json\/wp\/v2\/posts\/26841","targetHints":{"allow":["GET"]}}],"collection":[{"href":"http:\/\/blogdalucianaoliveira.com.br\/blog\/wp-json\/wp\/v2\/posts"}],"about":[{"href":"http:\/\/blogdalucianaoliveira.com.br\/blog\/wp-json\/wp\/v2\/types\/post"}],"author":[{"embeddable":true,"href":"http:\/\/blogdalucianaoliveira.com.br\/blog\/wp-json\/wp\/v2\/users\/1"}],"replies":[{"embeddable":true,"href":"http:\/\/blogdalucianaoliveira.com.br\/blog\/wp-json\/wp\/v2\/comments?post=26841"}],"version-history":[{"count":1,"href":"http:\/\/blogdalucianaoliveira.com.br\/blog\/wp-json\/wp\/v2\/posts\/26841\/revisions"}],"predecessor-version":[{"id":26842,"href":"http:\/\/blogdalucianaoliveira.com.br\/blog\/wp-json\/wp\/v2\/posts\/26841\/revisions\/26842"}],"wp:attachment":[{"href":"http:\/\/blogdalucianaoliveira.com.br\/blog\/wp-json\/wp\/v2\/media?parent=26841"}],"wp:term":[{"taxonomy":"category","embeddable":true,"href":"http:\/\/blogdalucianaoliveira.com.br\/blog\/wp-json\/wp\/v2\/categories?post=26841"},{"taxonomy":"post_tag","embeddable":true,"href":"http:\/\/blogdalucianaoliveira.com.br\/blog\/wp-json\/wp\/v2\/tags?post=26841"}],"curies":[{"name":"wp","href":"https:\/\/api.w.org\/{rel}","templated":true}]}}