{"id":26843,"date":"2020-03-11T15:06:41","date_gmt":"2020-03-11T19:06:41","guid":{"rendered":"http:\/\/blogdalucianaoliveira.com.br\/blog\/?p=26843"},"modified":"2020-03-11T15:26:50","modified_gmt":"2020-03-11T19:26:50","slug":"coluna-pandemia-alianca-com-o-coisa-ruim-190-contra-sexo-planejamento-fake-e-outras-para-rir-e-chorar","status":"publish","type":"post","link":"http:\/\/blogdalucianaoliveira.com.br\/blog\/2020\/03\/11\/coluna-pandemia-alianca-com-o-coisa-ruim-190-contra-sexo-planejamento-fake-e-outras-para-rir-e-chorar\/","title":{"rendered":"COLUNA: Pandemia; Alian\u00e7a com o &#8216;coisa ruim&#8217;; 190 contra sexo; planejamento fake e outras para rir e chorar"},"content":{"rendered":"\n<figure class=\"wp-block-image\"><img data-recalc-dims=\"1\" decoding=\"async\" src=\"https:\/\/i0.wp.com\/ogimg.infoglobo.com.br\/in\/24290816-962-ee4\/FT1086A\/652\/xbolsonaro.jpg.pagespeed.ic.HnPz_-esqW.jpg?w=600&#038;ssl=1\" alt=\"Resultado de imagem para coronavirus bolsonaro\"\/><\/figure>\n\n\n\n<p><strong>FANTASI<\/strong>A <strong>PAND\u00caMICA<\/strong> <\/p>\n\n\n\n<p>O presidente Jair Bolsonaro s\u00f3 se lasca, envergonha e causa preju\u00edzos ao Brasil com seus achismos. Ele chamou de \u2018fantasia\u2019 o alerta de uma recess\u00e3o global pelos efeitos do Coronav\u00edrus e culpou a imprensa do mundo todo pelo p\u00e2nico.<\/p>\n\n\n\n<!--more-->\n\n\n\n<p>Para ele, as fortes quedas nas\nbolsas de valores s\u00e3o espor\u00e1dicas e quanto a desvaloriza\u00e7\u00e3o do pre\u00e7o do barril\ndo petr\u00f3leo, \u00e9 melhor cair que aumentar.<\/p>\n\n\n\n<p>A\u00ed, a Organiza\u00e7\u00e3o Mundial de\nSa\u00fade vem e declara que a doen\u00e7a atingiu est\u00e1gio de pandemia. <\/p>\n\n\n\n<p>Em duas semanas os casos aumentaram\n13 vezes e o n\u00famero de pa\u00edses afetados triplicou, segundo a OMS.<\/p>\n\n\n\n<p>At\u00e9 agora s\u00e3o mais de 118 mil\ncasos pelo mundo e 4.291 mortes. A It\u00e1lia tem 7.375 casos e registrou 196 em\napenas 24 horas.<\/p>\n\n\n\n<p>O Brasil tem 34 casos\nconfirmados nesta quarta-feira, 11. Pelos c\u00e1lculos do Instituto Pensi, quando o\npa\u00eds chegar a 50 casos deve saltar para 4 mil em apenas duas semanas e 30 mil\nem 21 dias.<\/p>\n\n\n\n<p><strong>ALIAN\u00c7A COM O \u2018COISA RUIM\u2019?<\/strong><\/p>\n\n\n\n<p>As conquistas femininas ser\u00e3o\nlembradas durante todo o m\u00eas de mar\u00e7o com programa\u00e7\u00e3o que exalta mulheres que\nfazem a diferen\u00e7a na luta por espa\u00e7o de fala e poder, respeito e igualdade de\ndireitos.<\/p>\n\n\n\n<p>Aqui em Rond\u00f4nia existem guerreiras que lutam e \u201cs\u00e3o tantas quantos os dan\u00e7arinos de boi-bumb\u00e1, como diz o poeta Elizeu Braga.<\/p>\n\n\n\n<p>Mas, \u00e0s vezes uma solta as\nm\u00e3os e vai parar em outra trincheira. <\/p>\n\n\n\n<p>Est\u00e1 no facebook do deputado bolsonarista Coronel Chris\u00f3stomo, que a Desembargadora Zelite Andrade Carneiro assinou ficha de apoio ao partido Alian\u00e7a Pelo Brasil no \u00faltimo 26 de fevereiro.<\/p>\n\n\n\n<figure class=\"wp-block-image\"><img decoding=\"async\" src=\"https:\/\/scontent.fbsb13-1.fna.fbcdn.net\/v\/t1.0-9\/p960x960\/87420665_547934265818200_7648485216780025856_o.jpg?_nc_cat=111&amp;_nc_sid=110474&amp;_nc_ohc=xn-u8n9nqNcAX8tXyHq&amp;_nc_ht=scontent.fbsb13-1.fna&amp;_nc_tp=6&amp;oh=feb07fea1b8a8469f5023c74f6f041c5&amp;oe=5EA57634\" alt=\"\"\/><\/figure>\n\n\n\n<p>O sentimento n\u00e3o \u00e9 de raiva,\nmas de profunda decep\u00e7\u00e3o e tristeza.<\/p>\n\n\n\n<p>Zelite subiu muitos degraus desde que foi nomeada desembargadora do Tribunal de Justi\u00e7a do Estado de Rond\u00f4nia em 1997. Foi a primeira mulher presidente do Tribunal de Justi\u00e7a, do Tribunal Regional Eleitoral e Corregedora-geral de Justi\u00e7a.<\/p>\n\n\n\n<p>Se destacou tamb\u00e9m como\nConselheira na ABMCJ &#8211; Associa\u00e7\u00e3o Brasileira das Mulheres de Carreira Jur\u00eddica\n(Comiss\u00e3o Estadual de Rond\u00f4nia) &#8211; Entidade de car\u00e1ter Nacional e Internacional\nligada a evolu\u00e7\u00e3o e participa\u00e7\u00e3o da mulher no mercado de trabalho e \u00e0\nelimina\u00e7\u00e3o de qualquer preconceito social.<\/p>\n\n\n\n<p>\u00c9 da Academia de Letras de\nRond\u00f4nia e ostenta v\u00e1rios t\u00edtulos honor\u00edficos e condecora\u00e7\u00f5es.<\/p>\n\n\n\n<p>O que uma trajet\u00f3ria excepcional como essa tem a ver com o partido de extrema-direita criado por um presidente que j\u00e1 deu v\u00e1rias declara\u00e7\u00f5es machistas e mis\u00f3ginas, que despreza, ridiculariza e calunia mulheres que n\u00e3o baixam a cabe\u00e7a pra ele?<\/p>\n\n\n\n<p>Isso mesmo, nada!<\/p>\n\n\n\n<p>O tal partido que precisa de\n492 mil assinaturas para existir, tem pouco mais de oito mil o que d\u00e1 1,6% do\nnecess\u00e1rio.<\/p>\n\n\n\n<p>Se for fake, pr\u00e1tica vil de\nbolsonaristas, deixo espa\u00e7o aberto para Zelite se manifestar.<\/p>\n\n\n\n<p>Vou at\u00e9 rezar para que seja\nisso.<\/p>\n\n\n\n<p><strong>A ISCA E O ANZOL<\/strong><\/p>\n\n\n\n<p>A prefeitura de Porto Velho\nconvocou reuni\u00f5es comunit\u00e1rias que envolvem distritos para elabora\u00e7\u00e3o do Plano\nMunicipal de Saneamento B\u00e1sico. Os ribeirinhos do Baixo Madeira, est\u00e3o na programa\u00e7\u00e3o.<\/p>\n\n\n\n<p>\u00c9 aquela coisa do \u2018fingimos\nque escutamos para planejar a\u00e7\u00f5es\u2019 e voc\u00eas \u2018fingem que acreditam\u2019.<\/p>\n\n\n\n<p>Claro que o prefeito n\u00e3o vai,\nmas sim, secret\u00e1rios que precisam justificar os \u2018caramingu\u00e1s\u2019 mensais. Os pr\u00e9-candidatos\nsurfam no banzeiro da engana\u00e7\u00e3o. Os vereadores mais \u2018espertos\u2019 tamb\u00e9m costumam\nparticipar dessas audi\u00eancias para fingir que est\u00e3o atentos, que interferem nas\nprioridades de a\u00e7\u00f5es e naturalmente, se aproximarem dos l\u00edderes comunit\u00e1rios, futuros\ncabos-eleitorais.<\/p>\n\n\n\n<p>S\u00e3o Carlos, Nazar\u00e9, Demarca\u00e7\u00e3o\ne Calama pedem socorro h\u00e1 muito tempo e pra tudo e conseguem para quase nada. <\/p>\n\n\n\n<p>O clima nessas reuni\u00f5es costuma\nesquentar. O n\u00edvel de desgosto nessas comunidades t\u00e1 alto igual ao do rio\nMadeira por causa das chuvas, 15,24 metros marcados nesta segunda-feira,9.<\/p>\n\n\n\n<p>O prefeito podia ir l\u00e1 de helic\u00f3ptero para ver os velhos e novos estragos.<\/p>\n\n\n\n<figure class=\"wp-block-image\"><img decoding=\"async\" src=\"https:\/\/scontent.fbsb13-1.fna.fbcdn.net\/v\/t1.0-9\/28378474_10216053645516131_6215683653488482589_n.jpg?_nc_cat=106&amp;_nc_sid=e007fa&amp;_nc_ohc=J-i7crZLuuEAX_2uO6u&amp;_nc_ht=scontent.fbsb13-1.fna&amp;oh=f4328b7bb6c14d5e05d8fa5cdca06c64&amp;oe=5E943BB6\" alt=\"Nenhuma descri\u00e7\u00e3o de foto dispon\u00edvel.\"\/><\/figure>\n\n\n\n<p><strong>MASSARANDUBA<\/strong><\/p>\n\n\n\n<p>A P\u00fablica, ag\u00eancia de\njornalismo investigativo, fez mat\u00e9ria robusta sobre a fazenda do ex-senador Ivo\nCassol que fica sobre um s\u00edtio arqueol\u00f3gico ind\u00edgena no munic\u00edpio de Alta\nFloresta D\u2019Oeste, no distrito de Porto Rolim, em Rond\u00f4nia.<\/p>\n\n\n\n<p>O Incra teria levantado h\u00e1\nnove anos, a irregularidade na \u00e1rea de 12 mil hectares utilizada para cria\u00e7\u00e3o\nde gado, \u201cconfirmada pelos documentos obtidos pela reportagem tinha sido\napontada pela Procuradoria Federal Especializada do Incra, que enviou provas\ndela para a ent\u00e3o Superintend\u00eancia Nacional de Regulariza\u00e7\u00e3o Fundi\u00e1ria na\nAmaz\u00f4nia Legal (Serfal) \u2013 \u00e0 \u00e9poca pertencente ao Minist\u00e9rio do Desenvolvimento\nAgr\u00e1rio (MDA) \u2013, mas a investiga\u00e7\u00e3o n\u00e3o avan\u00e7ou\u201d, consta na mat\u00e9ria.<\/p>\n\n\n\n<p>Leia aqui:  <a href=\"http:\/\/blogdalucianaoliveira.com.br\/blog\/2020\/03\/10\/fazenda-de-ex-governador-de-rondonia-esta-sobre-um-sitio-arqueologico-indigena\/\">http:\/\/blogdalucianaoliveira.com.br\/blog\/2020\/03\/10\/fazenda-de-ex-governador-de-rondonia-esta-sobre-um-sitio-arqueologico-indigena\/<\/a><\/p>\n\n\n\n<figure class=\"wp-block-image\"><img decoding=\"async\" src=\"https:\/\/i0.wp.com\/poliarquia.com.br\/wp-content\/uploads\/2020\/03\/fazenda-irregular-de-ex-governador-de-rondonia-esta-sobre-um-sitio-arqueologico-indigena-img2-1-696x392.jpg?resize=500%2C282&amp;ssl=1\" alt=\"Resultado de imagem para Fazenda de ex-governador de Rond\u00f4nia est\u00e1 sobre um s\u00edtio arqueol\u00f3gico ind\u00edgena\"\/><\/figure>\n\n\n\n<p> <\/p>\n\n\n\n<p><strong>OVO, A VENDA \u00c9 GARANTIDA<\/strong><\/p>\n\n\n\n<p>Desgastado pol\u00edtica e financeiramente, ap\u00f3s a terceira elei\u00e7\u00e3o consecutiva que seus votos sequer s\u00e3o contabilizados, o ex-prefeito Melki Donadon diz aos aliados mais pr\u00f3ximos que nem cogita lan\u00e7ar algu\u00e9m da fam\u00edlia na disputa pelo Pal\u00e1cio dos Parecis, em Vilhena, este ano. A esposa, Rosani Donadon, apesar das den\u00fancias, \u00e9 ficha limpa no momento. Mas tem demonstrado mais interesse em continuar cuidando da granja de ovos da fam\u00edlia do que em tentar retornar ao cargo do qual foi retirada na marra em 2018. Com muita venda de ovo e pouca de carrne, ela faz bem.<\/p>\n\n\n\n<p><strong>ERA S\u00d3 SEXO<\/strong><\/p>\n\n\n\n<p><br>\nDias atr\u00e1s, amigos de um jovem m\u00e9dico acionaram a pol\u00edcia, ap\u00f3s testemunhar\ndois rapazes em \u201catitude suspeita\u201d, num terreno baldio pr\u00f3ximo \u00e0 casa do profissional\nde sa\u00fade. Quando os PMs chegaram ao local, deram de cara com os jovens em outra\natividade, que pelo menos no Brasil n\u00e3o \u00e9 considerada crime. O duro foi fazer a\npolicial que atuou na ocorr\u00eancia a parar de rir diante da situa\u00e7\u00e3o.<\/p>\n\n\n\n<p>Os \u00e1udios do alerta e da posterior\nzoa\u00e7\u00e3o s\u00e3o \u00f3timos.<\/p>\n\n\n\n<p><strong>MAIORIA CONDENA<\/strong><\/p>\n\n\n\n<p>Para 52,2% dos entrevistados pelo\nParan\u00e1 Pesquisa, est\u00e1 errado o apoio de Jair Bolsonaro aos atos contra o\nCongresso Nacional e o STF, convocados para o pr\u00f3ximo domingo, 15. Outros 40% acham\ncorreto e 7,8% n\u00e3o opinaram.<\/p>\n\n\n\n<p>Quando perguntados se o gesto\ndo presidente repercute negativamente para o Brasil, a desaprova\u00e7\u00e3o sobe para\n57%.<\/p>\n\n\n\n<p>A pesquisa foi feita em 26\nestados mais o Distrito Federal, antes do acordo mal-ajambrado entre governo e\ncongresso que prev\u00ea divis\u00e3o do controle de R$ 30 bilh\u00f5es do Or\u00e7amento deste\nano.<\/p>\n\n\n\n<p>L\u00edderes partid\u00e1rios acreditam que se o acordo falhar, Bolsonaro vai \u2018atravessar o Rubic\u00e3o\u2019.<\/p>\n\n\n\n<p><strong>A BOA DE HOJE <\/strong><\/p>\n\n\n\n<figure class=\"wp-block-image\"><img decoding=\"async\" src=\"https:\/\/scontent.fbsb13-1.fna.fbcdn.net\/v\/t1.0-9\/89780469_1541172232728515_191658603436834816_n.jpg?_nc_cat=106&amp;_nc_sid=110474&amp;_nc_ohc=TBN7F5VdE58AX-SfCdw&amp;_nc_ht=scontent.fbsb13-1.fna&amp;oh=16dc9819a6a75bba568b2458add46aa9&amp;oe=5EA58FE8\" alt=\"A imagem pode conter: texto que diz &quot;Nayara Felizardo @NayaraFelizardo extraordin\u00e1rio caso do poderoso grupo pol\u00edtico que fraudou as urnas para perder no primeiro e no segundo turnos.&quot;\"\/><\/figure>\n\n\n\n<p><strong>AGENDA CULTURAL<\/strong><\/p>\n\n\n\n<figure class=\"wp-block-image\"><img decoding=\"async\" src=\"https:\/\/scontent.fbsb13-1.fna.fbcdn.net\/v\/t1.0-9\/89774654_3006249136062961_1497171792035315712_n.jpg?_nc_cat=109&amp;_nc_sid=dd7718&amp;_nc_ohc=oX6O6gH4_KcAX-ZiP_R&amp;_nc_ht=scontent.fbsb13-1.fna&amp;oh=1f5232bbaa10fbae36cdb6dfe9813631&amp;oe=5E911608\" alt=\"A imagem pode conter: texto que diz &quot;11 de Mar\u00e7o Quarta-feira Apoio: PORTO VELHO FUNCULTURAL FESTIVAL Casa378 DE COMPARTILHAMENTO Juntamente com Tacac\u00e1 Musical Local: Mercado Cultural \u00c0 partir das 16:00 horas&quot;\"\/><\/figure>\n\n\n\n<p>At\u00e9 a pr\u00f3xima!<\/p>\n\n\n\n<p>Com outras not\u00edcias para rir e chorar.<\/p>\n","protected":false},"excerpt":{"rendered":"<p>FANTASIA PAND\u00caMICA O presidente Jair Bolsonaro s\u00f3 se lasca, envergonha e causa preju\u00edzos ao Brasil com seus achismos. Ele chamou de \u2018fantasia\u2019 o alerta de uma recess\u00e3o global pelos efeitos do Coronav\u00edrus e culpou a imprensa do mundo todo pelo p\u00e2nico.<\/p>\n","protected":false},"author":1,"featured_media":0,"comment_status":"closed","ping_status":"open","sticky":false,"template":"","format":"standard","meta":{"_exactmetrics_skip_tracking":false,"_exactmetrics_sitenote_active":false,"_exactmetrics_sitenote_note":"","_exactmetrics_sitenote_category":0,"jetpack_post_was_ever_published":false,"_jetpack_newsletter_access":"","_jetpack_dont_email_post_to_subs":false,"_jetpack_newsletter_tier_id":0,"_jetpack_memberships_contains_paywalled_content":false,"_jetpack_memberships_contains_paid_content":false,"footnotes":"","jetpack_publicize_message":"","jetpack_publicize_feature_enabled":true,"jetpack_social_post_already_shared":true,"jetpack_social_options":{"image_generator_settings":{"template":"highway","enabled":false},"version":2}},"categories":[1],"tags":[],"class_list":["post-26843","post","type-post","status-publish","format-standard","hentry","category-notas"],"jetpack_publicize_connections":[],"jetpack_sharing_enabled":true,"jetpack_featured_media_url":"","jetpack_shortlink":"https:\/\/wp.me\/p7wKYW-6YX","jetpack-related-posts":[],"_links":{"self":[{"href":"http:\/\/blogdalucianaoliveira.com.br\/blog\/wp-json\/wp\/v2\/posts\/26843","targetHints":{"allow":["GET"]}}],"collection":[{"href":"http:\/\/blogdalucianaoliveira.com.br\/blog\/wp-json\/wp\/v2\/posts"}],"about":[{"href":"http:\/\/blogdalucianaoliveira.com.br\/blog\/wp-json\/wp\/v2\/types\/post"}],"author":[{"embeddable":true,"href":"http:\/\/blogdalucianaoliveira.com.br\/blog\/wp-json\/wp\/v2\/users\/1"}],"replies":[{"embeddable":true,"href":"http:\/\/blogdalucianaoliveira.com.br\/blog\/wp-json\/wp\/v2\/comments?post=26843"}],"version-history":[{"count":3,"href":"http:\/\/blogdalucianaoliveira.com.br\/blog\/wp-json\/wp\/v2\/posts\/26843\/revisions"}],"predecessor-version":[{"id":26847,"href":"http:\/\/blogdalucianaoliveira.com.br\/blog\/wp-json\/wp\/v2\/posts\/26843\/revisions\/26847"}],"wp:attachment":[{"href":"http:\/\/blogdalucianaoliveira.com.br\/blog\/wp-json\/wp\/v2\/media?parent=26843"}],"wp:term":[{"taxonomy":"category","embeddable":true,"href":"http:\/\/blogdalucianaoliveira.com.br\/blog\/wp-json\/wp\/v2\/categories?post=26843"},{"taxonomy":"post_tag","embeddable":true,"href":"http:\/\/blogdalucianaoliveira.com.br\/blog\/wp-json\/wp\/v2\/tags?post=26843"}],"curies":[{"name":"wp","href":"https:\/\/api.w.org\/{rel}","templated":true}]}}