{"id":26848,"date":"2020-03-12T09:05:56","date_gmt":"2020-03-12T13:05:56","guid":{"rendered":"http:\/\/blogdalucianaoliveira.com.br\/blog\/?p=26848"},"modified":"2020-03-12T09:06:06","modified_gmt":"2020-03-12T13:06:06","slug":"idosos-precisam-de-cuidado-extra-contra-o-novo-coronavirus","status":"publish","type":"post","link":"http:\/\/blogdalucianaoliveira.com.br\/blog\/2020\/03\/12\/idosos-precisam-de-cuidado-extra-contra-o-novo-coronavirus\/","title":{"rendered":"Idosos precisam de cuidado extra contra o novo coronav\u00edrus"},"content":{"rendered":"\n<figure class=\"wp-block-image size-large\"><img data-recalc-dims=\"1\" loading=\"lazy\" decoding=\"async\" width=\"600\" height=\"400\" data-attachment-id=\"26849\" data-permalink=\"http:\/\/blogdalucianaoliveira.com.br\/blog\/2020\/03\/12\/idosos-precisam-de-cuidado-extra-contra-o-novo-coronavirus\/image-31-5\/\" data-orig-file=\"https:\/\/i0.wp.com\/blogdalucianaoliveira.com.br\/blog\/wp-content\/uploads\/2020\/03\/image-31.jpeg?fit=1024%2C683\" data-orig-size=\"1024,683\" data-comments-opened=\"0\" data-image-meta=\"{&quot;aperture&quot;:&quot;0&quot;,&quot;credit&quot;:&quot;&quot;,&quot;camera&quot;:&quot;&quot;,&quot;caption&quot;:&quot;&quot;,&quot;created_timestamp&quot;:&quot;0&quot;,&quot;copyright&quot;:&quot;&quot;,&quot;focal_length&quot;:&quot;0&quot;,&quot;iso&quot;:&quot;0&quot;,&quot;shutter_speed&quot;:&quot;0&quot;,&quot;title&quot;:&quot;&quot;,&quot;orientation&quot;:&quot;0&quot;}\" data-image-title=\"image-31\" data-image-description=\"\" data-image-caption=\"\" data-medium-file=\"https:\/\/i0.wp.com\/blogdalucianaoliveira.com.br\/blog\/wp-content\/uploads\/2020\/03\/image-31.jpeg?fit=300%2C200\" data-large-file=\"https:\/\/i0.wp.com\/blogdalucianaoliveira.com.br\/blog\/wp-content\/uploads\/2020\/03\/image-31.jpeg?fit=600%2C400\" src=\"https:\/\/i0.wp.com\/blogdalucianaoliveira.com.br\/blog\/wp-content\/uploads\/2020\/03\/image-31.jpeg?resize=600%2C400\" alt=\"\" class=\"wp-image-26849\" srcset=\"https:\/\/i0.wp.com\/blogdalucianaoliveira.com.br\/blog\/wp-content\/uploads\/2020\/03\/image-31.jpeg?w=1024 1024w, https:\/\/i0.wp.com\/blogdalucianaoliveira.com.br\/blog\/wp-content\/uploads\/2020\/03\/image-31.jpeg?resize=300%2C200 300w, https:\/\/i0.wp.com\/blogdalucianaoliveira.com.br\/blog\/wp-content\/uploads\/2020\/03\/image-31.jpeg?resize=768%2C512 768w, https:\/\/i0.wp.com\/blogdalucianaoliveira.com.br\/blog\/wp-content\/uploads\/2020\/03\/image-31.jpeg?resize=450%2C300 450w\" sizes=\"auto, (max-width: 600px) 100vw, 600px\" \/><\/figure>\n\n\n\n<p>Letalidade da doen\u00e7a em pacientes com mais de 80 anos \u00e9 6,4 vezes maior do que nos demais.<\/p>\n\n\n\n<!--more-->\n\n\n\n<p><strong><a href=\"https:\/\/www1.folha.uol.com.br\/autores\/regiane-soares.shtml\">Regiane Soares<\/a><a href=\"https:\/\/www1.folha.uol.com.br\/autores\/tayguara-ribeiro.shtml\">Tayguara Ribeir<\/a><\/strong>o<\/p>\n\n\n\n<p>Na FSP<\/p>\n\n\n\n<p>Os idosos s\u00e3o os mais vulner\u00e1veis ao novo coronav\u00edrus e, por isso, precisam tomar alguns cuidados extras ao sair para ir ao banco ou supermercado, por exemplo, ou at\u00e9 mesmo quando est\u00e3o em casa.<\/p>\n\n\n\n<p>Apesar da letalidade do novo v\u00edrus ser baixa, a cada cem contaminados cerca de tr\u00eas morrem, nos idosos com mais de 80 anos ou com doen\u00e7as cr\u00f4nicas as chances de complica\u00e7\u00f5es ou at\u00e9 morte pela covid-19 s\u00e3o bem maiores. Em quem tem mais de 80 anos, por exemplo, a probabilidade de morte \u00e9 6,4 vezes maior do que no resto da popula\u00e7\u00e3o.<\/p>\n\n\n\n<p>Segundo o infectologista Jamal Suleiman, do hospital Em\u00edlio Ribas, a recomenda\u00e7\u00e3o para os idosos e para os doentes cr\u00f4nicos \u00e9 cautela e s\u00f3 sair de casa para ir a ambientes fechados se realmente for necess\u00e1rio e, mesmo assim, protegidos. \u201cNem todos os casos em idosos v\u00e3o evoluir para grave, mas \u00e9 fundamental que essa popula\u00e7\u00e3o seja preservada, pois s\u00e3o os mais vulner\u00e1veis\u201d, afirmou.<\/p>\n\n\n\n<p>Entre as doen\u00e7as cr\u00f4nicas, o infectologista citou a diabetes, que diminui a imunidade do paciente se n\u00e3o estiver controlada. Assim, a contamina\u00e7\u00e3o pelo novo coronav\u00edrus pode evoluir para uma pneumonia.<br>Pacientes com DPOC (Doen\u00e7a Pulmonar Obstrutiva Cr\u00f4nica), com bronquite ou enfisema, tamb\u00e9m s\u00e3o vulner\u00e1veis porque o v\u00edrus ataca justamente os pulm\u00f5es j\u00e1 comprometidos.<\/p>\n\n\n\n<p>Caso o idoso ou o paciente cr\u00f4nico precise mesmo sair de casa para ir ao banco, por exemplo, ser\u00e1 melhor se proteger, pois \u00e9 um ambiente fechado, onde geralmente as janelas ficam fechadas e o ar-condicionado est\u00e1 ligado. Nesse caso, \u00e9 melhor usar m\u00e1scara no rosto e passar \u00e1lcool gel nas m\u00e3os.&nbsp;<br>Mas se for ficar em casa, o m\u00e9dico recomenda que janelas fiquem abertas e que o idoso recuse visitas de quem estiver resfriado.<\/p>\n\n\n\n<h3 class=\"wp-block-heading\">Isolar n\u00e3o \u00e9 necess\u00e1rio<\/h3>\n\n\n\n<p>Isolar idosos n\u00e3o \u00e9 necess\u00e1rio e n\u00e3o resolve. Esta \u00e9 a avalia\u00e7\u00e3o de Jo\u00e3o Prats, infectologista do hospital Benefic\u00eancia Portuguesa. O contato deve ser evitado somente com pessoas que j\u00e1 apresentam sintomas.<\/p>\n\n\n\n<p>\u201cIsolar historicamente n\u00e3o d\u00e1 certo e n\u00e3o faz sentido, as pessoas mant\u00eam contato. Al\u00e9m disso, a mortalidade da doen\u00e7a \u00e9 baixa\u201d, diz. Para ele, o mais importante \u00e9 que idosos n\u00e3o viajem a locais com surtos, tomem as vacinas contra gripe e pneumonia, cuidem das doen\u00e7as cr\u00f4nicas, da alimenta\u00e7\u00e3o e da hidrata\u00e7\u00e3o.<\/p>\n\n\n\n<h3 class=\"wp-block-heading\">Preven\u00e7\u00e3o<\/h3>\n\n\n\n<p><strong>Lugares p\u00fablicos abertos<\/strong><\/p>\n\n\n\n<ul class=\"wp-block-list\"><li>Evite aglomera\u00e7\u00f5es<\/li><li>Parques e pra\u00e7as est\u00e3o liberados se n\u00e3o estiver com sintomas de gripe ou resfriado<\/li><\/ul>\n\n\n\n<p><strong>Lugares p\u00fablicos fechados<\/strong><\/p>\n\n\n\n<ul class=\"wp-block-list\"><li>Restrinja o m\u00e1ximo poss\u00edvel<\/li><li>Evite se apoiar no corrim\u00e3o ou em m\u00f3veis<\/li><li>Mantenha a dist\u00e2ncia m\u00ednima de um metro de outras pessoas<\/li><\/ul>\n\n\n\n<p><strong>No banco<\/strong><\/p>\n\n\n\n<ul class=\"wp-block-list\"><li>Se for imprescind\u00edvel ir, use m\u00e1scara e \u00e1lcool gel 70% nas m\u00e3os&nbsp;<\/li><li>A m\u00e1scara deve ser descartada ap\u00f3s o uso<\/li><li>Ao se despedir, n\u00e3o d\u00ea a m\u00e3o, n\u00e3o beije nem abrace o funcion\u00e1rio<\/li><\/ul>\n\n\n\n<p><strong>No supermercado<\/strong><\/p>\n\n\n\n<ul class=\"wp-block-list\"><li>Evite ir ou v\u00e1 apenas quando for necess\u00e1rio<\/li><li>Se poss\u00edvel, pe\u00e7a para um parente ou vizinho menos vulner\u00e1vel fazer as compras necess\u00e1rias<\/li><\/ul>\n\n\n\n<p><strong>Na igreja<\/strong><\/p>\n\n\n\n<ul class=\"wp-block-list\"><li>Evite contatos de afeto, como beijo, abra\u00e7o ou aperto de m\u00e3o<\/li><\/ul>\n\n\n\n<p><strong>Em casa<\/strong><\/p>\n\n\n\n<ul class=\"wp-block-list\"><li>Abra janelas e mantenha os ambientes ventilados<\/li><li>Recuse visitas de pessoas que estejam com sintomas de gripe ou resfriado<\/li><li>N\u00e3o compartilhe utens\u00edlios de cozinha, como copos, pratos e talheres e lave-os ap\u00f3s o uso<\/li><li>Se seguir as orienta\u00e7\u00f5es de higiene pessoal, n\u00e3o precisar\u00e1 desinfetar a casa com \u00e1lcool, por exemplo<\/li><li>Se estiver com sintomas de gripe ou resfriado, evite sair de casa<\/li><\/ul>\n\n\n\n<p><strong>Higiene pessoal<\/strong><\/p>\n\n\n\n<ul class=\"wp-block-list\"><li>Lave as m\u00e3os frequentemente ou aplique \u00e1lcool gel<\/li><li>N\u00e3o h\u00e1 necessidade de usar um sabonete &nbsp;bactericida<\/li><li>Evite levar as m\u00e3os ao nariz, olhos e boca<\/li><li>As m\u00e3os tocam muitas superf\u00edcies e podem estar contaminadas. Ao tocar nariz, olhos e boca, voc\u00ea poder\u00e1 levar o v\u00edrus para dentro do seu corpo<\/li><li>Ao tossir ou espirrar, cubra o rosto com o cotovelo ou um pano<\/li><li>Medidas como essa evitam que o v\u00edrus se espalhe no ar quando algu\u00e9m tosse ou espirra<\/li><\/ul>\n\n\n\n<p><strong>Len\u00e7o de pano<\/strong><\/p>\n\n\n\n<ul class=\"wp-block-list\"><li>Deixe guardado na gaveta e s\u00f3 volte a usar quando passar os casos<\/li><li>Use papel higi\u00eanico para assoar o nariz e descarte ap\u00f3s o uso<\/li><\/ul>\n\n\n\n<p><strong>Procurar atendimento m\u00e9dico apenas quando tiver os seguintes sintomas:<\/strong><\/p>\n\n\n\n<ul class=\"wp-block-list\"><li>Falta de ar em movimento ou&nbsp;&nbsp;em repouso<\/li><li>Dificuldade para respirar<\/li><li>Febre alta persistente<\/li><li>Tosse<\/li><li>Mal estar intenso<\/li><li>Se n\u00e3o tiver m\u00e1scara, avisar dos sintomas na entrada do servi\u00e7o de sa\u00fade e pedir uma<\/li><\/ul>\n\n\n\n<p><strong>Idosos mais vulner\u00e1veis<\/strong><\/p>\n\n\n\n<ul class=\"wp-block-list\"><li>Acima de 80 anos<\/li><li>Com doen\u00e7as cr\u00f4nicas, como diabete n\u00e3o controlada<\/li><li>Com DPOC (Doen\u00e7a Pulmonar Obstrutiva Cr\u00f4nica), como bronquite<\/li><\/ul>\n\n\n\n<p><em>Fonte: Jamal Suleiman, infectologista do Hospital Em\u00edlio Ribas<\/em><\/p>\n","protected":false},"excerpt":{"rendered":"<p>Letalidade da doen\u00e7a em pacientes com mais de 80 anos \u00e9 6,4 vezes maior do que nos demais.<\/p>\n","protected":false},"author":1,"featured_media":0,"comment_status":"closed","ping_status":"open","sticky":false,"template":"","format":"standard","meta":{"_exactmetrics_skip_tracking":false,"_exactmetrics_sitenote_active":false,"_exactmetrics_sitenote_note":"","_exactmetrics_sitenote_category":0,"jetpack_post_was_ever_published":false,"_jetpack_newsletter_access":"","_jetpack_dont_email_post_to_subs":false,"_jetpack_newsletter_tier_id":0,"_jetpack_memberships_contains_paywalled_content":false,"_jetpack_memberships_contains_paid_content":false,"footnotes":"","jetpack_publicize_message":"","jetpack_publicize_feature_enabled":true,"jetpack_social_post_already_shared":true,"jetpack_social_options":{"image_generator_settings":{"template":"highway","enabled":false},"version":2}},"categories":[1],"tags":[],"class_list":["post-26848","post","type-post","status-publish","format-standard","hentry","category-notas"],"jetpack_publicize_connections":[],"jetpack_sharing_enabled":true,"jetpack_featured_media_url":"","jetpack_shortlink":"https:\/\/wp.me\/p7wKYW-6Z2","jetpack-related-posts":[],"_links":{"self":[{"href":"http:\/\/blogdalucianaoliveira.com.br\/blog\/wp-json\/wp\/v2\/posts\/26848","targetHints":{"allow":["GET"]}}],"collection":[{"href":"http:\/\/blogdalucianaoliveira.com.br\/blog\/wp-json\/wp\/v2\/posts"}],"about":[{"href":"http:\/\/blogdalucianaoliveira.com.br\/blog\/wp-json\/wp\/v2\/types\/post"}],"author":[{"embeddable":true,"href":"http:\/\/blogdalucianaoliveira.com.br\/blog\/wp-json\/wp\/v2\/users\/1"}],"replies":[{"embeddable":true,"href":"http:\/\/blogdalucianaoliveira.com.br\/blog\/wp-json\/wp\/v2\/comments?post=26848"}],"version-history":[{"count":1,"href":"http:\/\/blogdalucianaoliveira.com.br\/blog\/wp-json\/wp\/v2\/posts\/26848\/revisions"}],"predecessor-version":[{"id":26850,"href":"http:\/\/blogdalucianaoliveira.com.br\/blog\/wp-json\/wp\/v2\/posts\/26848\/revisions\/26850"}],"wp:attachment":[{"href":"http:\/\/blogdalucianaoliveira.com.br\/blog\/wp-json\/wp\/v2\/media?parent=26848"}],"wp:term":[{"taxonomy":"category","embeddable":true,"href":"http:\/\/blogdalucianaoliveira.com.br\/blog\/wp-json\/wp\/v2\/categories?post=26848"},{"taxonomy":"post_tag","embeddable":true,"href":"http:\/\/blogdalucianaoliveira.com.br\/blog\/wp-json\/wp\/v2\/tags?post=26848"}],"curies":[{"name":"wp","href":"https:\/\/api.w.org\/{rel}","templated":true}]}}