{"id":26854,"date":"2020-03-12T13:38:47","date_gmt":"2020-03-12T17:38:47","guid":{"rendered":"http:\/\/blogdalucianaoliveira.com.br\/blog\/?p=26854"},"modified":"2020-03-12T13:38:54","modified_gmt":"2020-03-12T17:38:54","slug":"nba-utah-jazz-tem-segundo-astro-com-coronavirus-e-colegas-revelam-falta-de-cuidados-de-gobert","status":"publish","type":"post","link":"http:\/\/blogdalucianaoliveira.com.br\/blog\/2020\/03\/12\/nba-utah-jazz-tem-segundo-astro-com-coronavirus-e-colegas-revelam-falta-de-cuidados-de-gobert\/","title":{"rendered":"NBA: Utah Jazz tem segundo astro com coronav\u00edrus, e colegas revelam falta de cuidados de Gobert"},"content":{"rendered":"\n<figure class=\"wp-block-image size-large\"><img loading=\"lazy\" decoding=\"async\" width=\"1140\" height=\"641\" data-attachment-id=\"26855\" data-permalink=\"http:\/\/blogdalucianaoliveira.com.br\/blog\/2020\/03\/12\/nba-utah-jazz-tem-segundo-astro-com-coronavirus-e-colegas-revelam-falta-de-cuidados-de-gobert\/image-33-5\/\" data-orig-file=\"https:\/\/i0.wp.com\/blogdalucianaoliveira.com.br\/blog\/wp-content\/uploads\/2020\/03\/image-33.jpeg?fit=1140%2C641\" data-orig-size=\"1140,641\" data-comments-opened=\"0\" data-image-meta=\"{&quot;aperture&quot;:&quot;0&quot;,&quot;credit&quot;:&quot;&quot;,&quot;camera&quot;:&quot;&quot;,&quot;caption&quot;:&quot;&quot;,&quot;created_timestamp&quot;:&quot;0&quot;,&quot;copyright&quot;:&quot;&quot;,&quot;focal_length&quot;:&quot;0&quot;,&quot;iso&quot;:&quot;0&quot;,&quot;shutter_speed&quot;:&quot;0&quot;,&quot;title&quot;:&quot;&quot;,&quot;orientation&quot;:&quot;0&quot;}\" data-image-title=\"image-33\" data-image-description=\"\" data-image-caption=\"\" data-medium-file=\"https:\/\/i0.wp.com\/blogdalucianaoliveira.com.br\/blog\/wp-content\/uploads\/2020\/03\/image-33.jpeg?fit=300%2C169\" data-large-file=\"https:\/\/i0.wp.com\/blogdalucianaoliveira.com.br\/blog\/wp-content\/uploads\/2020\/03\/image-33.jpeg?fit=600%2C338\" src=\"https:\/\/i0.wp.com\/blogdalucianaoliveira.com.br\/blog\/wp-content\/uploads\/2020\/03\/image-33.jpeg?fit=600%2C338\" alt=\"\" class=\"wp-image-26855\" srcset=\"https:\/\/i0.wp.com\/blogdalucianaoliveira.com.br\/blog\/wp-content\/uploads\/2020\/03\/image-33.jpeg?w=1140 1140w, https:\/\/i0.wp.com\/blogdalucianaoliveira.com.br\/blog\/wp-content\/uploads\/2020\/03\/image-33.jpeg?resize=300%2C169 300w, https:\/\/i0.wp.com\/blogdalucianaoliveira.com.br\/blog\/wp-content\/uploads\/2020\/03\/image-33.jpeg?resize=1024%2C576 1024w, https:\/\/i0.wp.com\/blogdalucianaoliveira.com.br\/blog\/wp-content\/uploads\/2020\/03\/image-33.jpeg?resize=768%2C432 768w, https:\/\/i0.wp.com\/blogdalucianaoliveira.com.br\/blog\/wp-content\/uploads\/2020\/03\/image-33.jpeg?resize=534%2C300 534w\" sizes=\"auto, (max-width: 600px) 100vw, 600px\" \/><\/figure>\n\n\n\n<p>NBA &#8211; O ala-armador Donovan Mitchell, outra estrela do\u00a0<a href=\"https:\/\/www.espn.com.br\/nba\/time\/_\/nome\/utah\/utah-jazz\"><strong>Utah Jazz<\/strong><\/a>, \u00e9 mais um jogador que testou positivo para o coronav\u00edrus, revelou nesta quinta-feira Adrian Wojnarowski, jornalista da\u00a0<strong>ESPN<\/strong>. O piv\u00f4 franc\u00eas\u00a0<strong><a href=\"https:\/\/www.espn.com.br\/nba\/artigo\/_\/id\/6754620\/nba-dois-dias-apos-ironizar-e-tocar-nos-microfones-da-imprensa-rudy-gobert-testa-positivo-para-o-coronavirus\">Rudy Gobert foi o primeiro a ter confirmado que est\u00e1 com o COVID-19<\/a><\/strong>.<\/p>\n\n\n\n<!--more-->\n\n\n\n<p>Segundo apurou a reportagem, jogadores do Jazz revelaram que Gobert teve poucos cuidados no vesti\u00e1rio, tocando outros jogadores e tamb\u00e9m seus pertences. Dias antes da confirma\u00e7\u00e3o no exame, o piv\u00f4 tamb\u00e9m havia ironizado os riscos, tocando microfones de rep\u00f3rteres&nbsp;<em>(veja acima)<\/em>.<\/p>\n\n\n\n<p>O caso de Gobert fez com que a partida entre Jazz e&nbsp;<a href=\"https:\/\/www.espn.com.br\/nba\/time\/_\/nome\/okc\/oklahoma-city-thunder\"><strong>Oklahoma City Thunder<\/strong><\/a>, que aconteceria na noite de quarta, fosse adiada segundos antes de a bola subir na Chesapeake Energy Arena.<\/p>\n\n\n\n<p>Minutos depois do primeiro caso confirmado, a&nbsp;<strong><a href=\"https:\/\/www.espn.com.br\/nba\/artigo\/_\/id\/6754633\/nba-suspende-a-temporada-por-conta-do-coronavirus\">NBA anunciou a suspens\u00e3o da temporada<\/a><\/strong>. A princ\u00edpio, a medida \u00e9 v\u00e1lida por duas semanas, mas n\u00e3o h\u00e1 previs\u00e3o oficial para retorno.<\/p>\n\n\n\n<p>Na \u00faltima semana, Stephen Curry, astro do&nbsp;<a href=\"https:\/\/www.espn.com.br\/nba\/time\/_\/nome\/gs\/golden-state-warriors\"><strong>Golden State Warriors<\/strong><\/a>, chegou a fazer exames para coronav\u00edrus ap\u00f3s apresentar sintomas de gripes, mas os testes retornaram negativos.<\/p>\n","protected":false},"excerpt":{"rendered":"<p>NBA &#8211; O ala-armador Donovan Mitchell, outra estrela do\u00a0Utah Jazz, \u00e9 mais um jogador que testou positivo para o coronav\u00edrus, revelou nesta quinta-feira Adrian Wojnarowski, jornalista da\u00a0ESPN. O piv\u00f4 franc\u00eas\u00a0Rudy Gobert foi o primeiro a ter confirmado que est\u00e1 com o COVID-19.<\/p>\n","protected":false},"author":1,"featured_media":0,"comment_status":"closed","ping_status":"open","sticky":false,"template":"","format":"standard","meta":{"_exactmetrics_skip_tracking":false,"_exactmetrics_sitenote_active":false,"_exactmetrics_sitenote_note":"","_exactmetrics_sitenote_category":0,"jetpack_post_was_ever_published":false,"_jetpack_newsletter_access":"","_jetpack_dont_email_post_to_subs":false,"_jetpack_newsletter_tier_id":0,"_jetpack_memberships_contains_paywalled_content":false,"_jetpack_memberships_contains_paid_content":false,"footnotes":"","jetpack_publicize_message":"","jetpack_publicize_feature_enabled":true,"jetpack_social_post_already_shared":true,"jetpack_social_options":{"image_generator_settings":{"template":"highway","enabled":false},"version":2}},"categories":[1],"tags":[],"class_list":["post-26854","post","type-post","status-publish","format-standard","hentry","category-notas"],"jetpack_publicize_connections":[],"jetpack_sharing_enabled":true,"jetpack_featured_media_url":"","jetpack_shortlink":"https:\/\/wp.me\/p7wKYW-6Z8","jetpack-related-posts":[],"_links":{"self":[{"href":"http:\/\/blogdalucianaoliveira.com.br\/blog\/wp-json\/wp\/v2\/posts\/26854","targetHints":{"allow":["GET"]}}],"collection":[{"href":"http:\/\/blogdalucianaoliveira.com.br\/blog\/wp-json\/wp\/v2\/posts"}],"about":[{"href":"http:\/\/blogdalucianaoliveira.com.br\/blog\/wp-json\/wp\/v2\/types\/post"}],"author":[{"embeddable":true,"href":"http:\/\/blogdalucianaoliveira.com.br\/blog\/wp-json\/wp\/v2\/users\/1"}],"replies":[{"embeddable":true,"href":"http:\/\/blogdalucianaoliveira.com.br\/blog\/wp-json\/wp\/v2\/comments?post=26854"}],"version-history":[{"count":1,"href":"http:\/\/blogdalucianaoliveira.com.br\/blog\/wp-json\/wp\/v2\/posts\/26854\/revisions"}],"predecessor-version":[{"id":26856,"href":"http:\/\/blogdalucianaoliveira.com.br\/blog\/wp-json\/wp\/v2\/posts\/26854\/revisions\/26856"}],"wp:attachment":[{"href":"http:\/\/blogdalucianaoliveira.com.br\/blog\/wp-json\/wp\/v2\/media?parent=26854"}],"wp:term":[{"taxonomy":"category","embeddable":true,"href":"http:\/\/blogdalucianaoliveira.com.br\/blog\/wp-json\/wp\/v2\/categories?post=26854"},{"taxonomy":"post_tag","embeddable":true,"href":"http:\/\/blogdalucianaoliveira.com.br\/blog\/wp-json\/wp\/v2\/tags?post=26854"}],"curies":[{"name":"wp","href":"https:\/\/api.w.org\/{rel}","templated":true}]}}