{"id":26857,"date":"2020-03-12T17:43:33","date_gmt":"2020-03-12T21:43:33","guid":{"rendered":"http:\/\/blogdalucianaoliveira.com.br\/blog\/?p=26857"},"modified":"2020-03-12T17:43:43","modified_gmt":"2020-03-12T21:43:43","slug":"coronavirus-o-encontro-religioso-que-acelerou-as-contaminacoes-na-franca","status":"publish","type":"post","link":"http:\/\/blogdalucianaoliveira.com.br\/blog\/2020\/03\/12\/coronavirus-o-encontro-religioso-que-acelerou-as-contaminacoes-na-franca\/","title":{"rendered":"Coronav\u00edrus: o encontro religioso que acelerou as contamina\u00e7\u00f5es na Fran\u00e7a"},"content":{"rendered":"\n<figure class=\"wp-block-image size-large\"><img data-recalc-dims=\"1\" loading=\"lazy\" decoding=\"async\" width=\"410\" height=\"230\" data-attachment-id=\"26858\" data-permalink=\"http:\/\/blogdalucianaoliveira.com.br\/blog\/2020\/03\/12\/coronavirus-o-encontro-religioso-que-acelerou-as-contaminacoes-na-franca\/image-34-5\/\" data-orig-file=\"https:\/\/i0.wp.com\/blogdalucianaoliveira.com.br\/blog\/wp-content\/uploads\/2020\/03\/image-34.jpeg?fit=410%2C230\" data-orig-size=\"410,230\" data-comments-opened=\"0\" data-image-meta=\"{&quot;aperture&quot;:&quot;0&quot;,&quot;credit&quot;:&quot;&quot;,&quot;camera&quot;:&quot;&quot;,&quot;caption&quot;:&quot;&quot;,&quot;created_timestamp&quot;:&quot;0&quot;,&quot;copyright&quot;:&quot;&quot;,&quot;focal_length&quot;:&quot;0&quot;,&quot;iso&quot;:&quot;0&quot;,&quot;shutter_speed&quot;:&quot;0&quot;,&quot;title&quot;:&quot;&quot;,&quot;orientation&quot;:&quot;0&quot;}\" data-image-title=\"image-34\" data-image-description=\"\" data-image-caption=\"\" data-medium-file=\"https:\/\/i0.wp.com\/blogdalucianaoliveira.com.br\/blog\/wp-content\/uploads\/2020\/03\/image-34.jpeg?fit=300%2C168\" data-large-file=\"https:\/\/i0.wp.com\/blogdalucianaoliveira.com.br\/blog\/wp-content\/uploads\/2020\/03\/image-34.jpeg?fit=410%2C230\" src=\"https:\/\/i0.wp.com\/blogdalucianaoliveira.com.br\/blog\/wp-content\/uploads\/2020\/03\/image-34.jpeg?resize=410%2C230\" alt=\"\" class=\"wp-image-26858\" srcset=\"https:\/\/i0.wp.com\/blogdalucianaoliveira.com.br\/blog\/wp-content\/uploads\/2020\/03\/image-34.jpeg?w=410 410w, https:\/\/i0.wp.com\/blogdalucianaoliveira.com.br\/blog\/wp-content\/uploads\/2020\/03\/image-34.jpeg?resize=300%2C168 300w\" sizes=\"auto, (max-width: 410px) 100vw, 410px\" \/><\/figure>\n\n\n\n<p>Um evento evang\u00e9lico no leste da Fran\u00e7a, que durou uma semana no m\u00eas fevereiro, contribuiu para disseminar o coronav\u00edrus em todo o pa\u00eds, segundo autoridades sanit\u00e1rias.\u00a0<\/p>\n\n\n\n<!--more-->\n\n\n\n<p>Na BBC &#8211; A celebra\u00e7\u00e3o religiosa, um importante foco de contamina\u00e7\u00e3o, tamb\u00e9m tornou o leste da Fran\u00e7a a \u00e1rea mais afetada pelo v\u00edrus causador doen\u00e7a covid-19, com 587 casos confirmados dos cerca de 2,3 mil registrados at\u00e9 o momento no pa\u00eds.<\/p>\n\n\n\n<p>At\u00e9 o final de fevereiro, a regi\u00e3o da Als\u00e1cia, no leste da Fran\u00e7a, n\u00e3o era o centro das aten\u00e7\u00f5es do notici\u00e1rio sobre o coronav\u00edrus, mais concentradas no norte do pa\u00eds.&nbsp;<\/p>\n\n\n\n<p>A situa\u00e7\u00e3o mudou drasticamente no in\u00edcio de mar\u00e7o, ap\u00f3s a celebra\u00e7\u00e3o religiosa da igreja pentecostal Porta do Sol Crist\u00e3, de 17 a 24 de fevereiro, que reuniu cerca de 2 mil pessoas em Mulhouse, localidade do Haut-Rhin, na Als\u00e1cia.<\/p>\n\n\n\n<p>Os participantes do encontro evang\u00e9lico vieram de toda a Fran\u00e7a, inclusive de territ\u00f3rios ultramarinos, como a Guiana, onde quatro casos de pessoas que estiveram no encontro foram confirmados. V\u00e1rios tamb\u00e9m eram de localidades do leste.<\/p>\n\n\n\n<p>&#8220;Houve muita confraterniza\u00e7\u00e3o. \u00c9 um contexto prop\u00edcio para a contamina\u00e7\u00e3o&#8221;, afirma o m\u00e9dico Jonathan Peterschmitt, filho do pastor da igreja evang\u00e9lica Porta do Sol Crist\u00e3.&nbsp;<\/p>\n\n\n\n<p>&#8220;Quando rezamos, podemos nos dar as m\u00e3os&#8221;, diz a respons\u00e1vel pela comunica\u00e7\u00e3o da igreja de Mulhouse, acrescentando que no momento em que ocorreu o encontro religioso as precau\u00e7\u00f5es decorrentes do v\u00edrus n\u00e3o haviam sido implementadas pelas autoridades.<\/p>\n\n\n\n<p>O pastor da igreja tamb\u00e9m foi contaminado. Em um comunicado, os organizadores do encontro evang\u00e9lico ressaltam que nenhum participante tinha sintomas gripais e que naquele momento n\u00e3o havia nenhuma recomenda\u00e7\u00e3o do governo.<\/p>\n\n\n\n<p>&#8220;A Fran\u00e7a estava no n\u00edvel 1 (de medidas preventivas), ou seja, o v\u00edrus n\u00e3o circulava de maneira geral na popula\u00e7\u00e3o&#8221;, diz o comunicado da igreja, acrescentando que s\u00f3 posteriormente as autoridades limitaram o n\u00famero de pessoas em eventos (atualmente no m\u00e1ximo mil).&nbsp;<\/p>\n\n\n\n<p>Mas no departamento de Haut-Rhin, onde fica Mulhouse, reuni\u00f5es com mais de 50 pessoas foram proibidas para conter a propaga\u00e7\u00e3o.<\/p>\n\n\n\n<figure class=\"wp-block-image\"><img data-recalc-dims=\"1\" decoding=\"async\" src=\"https:\/\/i0.wp.com\/ichef.bbci.co.uk\/news\/410\/cpsprodpb\/17951\/production\/_111239569_hi060593566.jpg?w=600&#038;ssl=1\" alt=\"Grupo de pessoas em aeroporto da Fran\u00e7a\"\/><figcaption>Image captionContamina\u00e7\u00e3o foi acelerada na Fran\u00e7a ap\u00f3s o encontro religioso<\/figcaption><\/figure>\n\n\n\n<p>At\u00e9 o final de fevereiro, o principal foco de contamina\u00e7\u00e3o na Fran\u00e7a era a regi\u00e3o do Oise, no norte. No intervalo de apenas uma semana, entre o final de fevereiro e o in\u00edcio de mar\u00e7o, o n\u00famero de casos de coronav\u00edrus na Fran\u00e7a passou de algumas dezenas a mais de mil.<\/p>\n\n\n\n<p>Como o per\u00edodo de incuba\u00e7\u00e3o pode levar at\u00e9 duas semanas, de acordo com estudos m\u00e9dicos, o evento evang\u00e9lico representou uma &#8220;bomba de efeito retardado que se fragmentou em toda a Fran\u00e7a&#8221;, escreveu o jornal Le Figaro.<\/p>\n\n\n\n<h2 class=\"wp-block-heading\">Avan\u00e7o exponencial<\/h2>\n\n\n\n<p>A Fran\u00e7a \u00e9 o segundo pa\u00eds da Europa mais afetado pela epidemia. Segundo os \u00faltimos dados, 2.281 pessoas foram contaminadas no pa\u00eds (quase 500 a mais do que no dia anterior) e 48 mortes foram registradas.<\/p>\n\n\n\n<p>O primeiro caso de um participante do evento religioso contaminado pelo coronav\u00edrus surgiu em 29 de fevereiro. Nos dias seguintes, o n\u00famero foi crescendo de forma exponencial.&nbsp;<\/p>\n\n\n\n<p>No dia 6 de mar\u00e7o, o secret\u00e1rio de seguran\u00e7a p\u00fablica do Haut-Rhin, onde fica Mulhouse, declarou que o n\u00famero de pessoas infectadas no departamento foi multiplicado por oito em apenas 48 horas, passando de dez para pelo menos 81. Em menos de uma semana, o total j\u00e1 \u00e9 de 359.<\/p>\n\n\n\n<p>A contamina\u00e7\u00e3o tamb\u00e9m foi acelerada na Fran\u00e7a ap\u00f3s o encontro religioso, com casos de participantes que contra\u00edram o v\u00edrus em v\u00e1rias regi\u00f5es, da Normandia \u00e0 C\u00f3rsega, no sul.<\/p>\n\n\n\n<p>Um pastor evang\u00e9lico de Brian\u00e7on, no sul, que participou do encontro em Mulhouse, foi contaminado. Ele tamb\u00e9m \u00e9 diretor do servi\u00e7o funer\u00e1rio da cidade e esteve em contato com tr\u00eas prefeitos do sul do pa\u00eds, incluindo o de Brian\u00e7on, que tiveram de suspender sua campanha \u00e0s elei\u00e7\u00f5es municipais (o primeiro turno \u00e9 no pr\u00f3ximo domingo, dia 15) at\u00e9 saberem se contra\u00edram o v\u00edrus.&nbsp;<\/p>\n\n\n\n<p>A covid-19 tem impacto na campanha das elei\u00e7\u00f5es municipais. V\u00e1rios prefeitos cancelaram com\u00edcios ou foram obrigados a restringir o n\u00famero de participantes em at\u00e9 mil, conforme determina\u00e7\u00e3o do governo.<\/p>\n\n\n\n<p>As escolas e creches na regi\u00e3o do Oise, no norte da Fran\u00e7a, do Haut-Rhin, no leste, e da C\u00f3rsega, no sul, foram fechadas at\u00e9 o final de mar\u00e7o.&nbsp;<\/p>\n\n\n\n<p>Os hospitais na regi\u00e3o leste da Fran\u00e7a est\u00e3o saturados e recebem um grande n\u00famero de liga\u00e7\u00f5es de pessoas que querem fazer testes para diagnosticar se houve contamina\u00e7\u00e3o.<\/p>\n","protected":false},"excerpt":{"rendered":"<p>Um evento evang\u00e9lico no leste da Fran\u00e7a, que durou uma semana no m\u00eas fevereiro, contribuiu para disseminar o coronav\u00edrus em todo o pa\u00eds, segundo autoridades sanit\u00e1rias.\u00a0<\/p>\n","protected":false},"author":1,"featured_media":0,"comment_status":"closed","ping_status":"open","sticky":false,"template":"","format":"standard","meta":{"_exactmetrics_skip_tracking":false,"_exactmetrics_sitenote_active":false,"_exactmetrics_sitenote_note":"","_exactmetrics_sitenote_category":0,"jetpack_post_was_ever_published":false,"_jetpack_newsletter_access":"","_jetpack_dont_email_post_to_subs":false,"_jetpack_newsletter_tier_id":0,"_jetpack_memberships_contains_paywalled_content":false,"_jetpack_memberships_contains_paid_content":false,"footnotes":"","jetpack_publicize_message":"","jetpack_publicize_feature_enabled":true,"jetpack_social_post_already_shared":true,"jetpack_social_options":{"image_generator_settings":{"template":"highway","enabled":false},"version":2}},"categories":[1],"tags":[],"class_list":["post-26857","post","type-post","status-publish","format-standard","hentry","category-notas"],"jetpack_publicize_connections":[],"jetpack_sharing_enabled":true,"jetpack_featured_media_url":"","jetpack_shortlink":"https:\/\/wp.me\/p7wKYW-6Zb","jetpack-related-posts":[],"_links":{"self":[{"href":"http:\/\/blogdalucianaoliveira.com.br\/blog\/wp-json\/wp\/v2\/posts\/26857","targetHints":{"allow":["GET"]}}],"collection":[{"href":"http:\/\/blogdalucianaoliveira.com.br\/blog\/wp-json\/wp\/v2\/posts"}],"about":[{"href":"http:\/\/blogdalucianaoliveira.com.br\/blog\/wp-json\/wp\/v2\/types\/post"}],"author":[{"embeddable":true,"href":"http:\/\/blogdalucianaoliveira.com.br\/blog\/wp-json\/wp\/v2\/users\/1"}],"replies":[{"embeddable":true,"href":"http:\/\/blogdalucianaoliveira.com.br\/blog\/wp-json\/wp\/v2\/comments?post=26857"}],"version-history":[{"count":1,"href":"http:\/\/blogdalucianaoliveira.com.br\/blog\/wp-json\/wp\/v2\/posts\/26857\/revisions"}],"predecessor-version":[{"id":26859,"href":"http:\/\/blogdalucianaoliveira.com.br\/blog\/wp-json\/wp\/v2\/posts\/26857\/revisions\/26859"}],"wp:attachment":[{"href":"http:\/\/blogdalucianaoliveira.com.br\/blog\/wp-json\/wp\/v2\/media?parent=26857"}],"wp:term":[{"taxonomy":"category","embeddable":true,"href":"http:\/\/blogdalucianaoliveira.com.br\/blog\/wp-json\/wp\/v2\/categories?post=26857"},{"taxonomy":"post_tag","embeddable":true,"href":"http:\/\/blogdalucianaoliveira.com.br\/blog\/wp-json\/wp\/v2\/tags?post=26857"}],"curies":[{"name":"wp","href":"https:\/\/api.w.org\/{rel}","templated":true}]}}