{"id":26860,"date":"2020-03-13T09:35:48","date_gmt":"2020-03-13T13:35:48","guid":{"rendered":"http:\/\/blogdalucianaoliveira.com.br\/blog\/?p=26860"},"modified":"2020-03-13T09:35:59","modified_gmt":"2020-03-13T13:35:59","slug":"coronavirus-evita-fracasso-de-manifestacao","status":"publish","type":"post","link":"http:\/\/blogdalucianaoliveira.com.br\/blog\/2020\/03\/13\/coronavirus-evita-fracasso-de-manifestacao\/","title":{"rendered":"Coronav\u00edrus evita fracasso de manifesta\u00e7\u00e3o"},"content":{"rendered":"\n<figure class=\"wp-block-image size-large\"><img data-recalc-dims=\"1\" loading=\"lazy\" decoding=\"async\" width=\"600\" height=\"414\" data-attachment-id=\"26861\" data-permalink=\"http:\/\/blogdalucianaoliveira.com.br\/blog\/2020\/03\/13\/coronavirus-evita-fracasso-de-manifestacao\/image-35-5\/\" data-orig-file=\"https:\/\/i0.wp.com\/blogdalucianaoliveira.com.br\/blog\/wp-content\/uploads\/2020\/03\/image-35.jpeg?fit=820%2C566\" data-orig-size=\"820,566\" data-comments-opened=\"0\" data-image-meta=\"{&quot;aperture&quot;:&quot;0&quot;,&quot;credit&quot;:&quot;&quot;,&quot;camera&quot;:&quot;&quot;,&quot;caption&quot;:&quot;&quot;,&quot;created_timestamp&quot;:&quot;0&quot;,&quot;copyright&quot;:&quot;&quot;,&quot;focal_length&quot;:&quot;0&quot;,&quot;iso&quot;:&quot;0&quot;,&quot;shutter_speed&quot;:&quot;0&quot;,&quot;title&quot;:&quot;&quot;,&quot;orientation&quot;:&quot;1&quot;}\" data-image-title=\"image-35\" data-image-description=\"\" data-image-caption=\"\" data-medium-file=\"https:\/\/i0.wp.com\/blogdalucianaoliveira.com.br\/blog\/wp-content\/uploads\/2020\/03\/image-35.jpeg?fit=300%2C207\" data-large-file=\"https:\/\/i0.wp.com\/blogdalucianaoliveira.com.br\/blog\/wp-content\/uploads\/2020\/03\/image-35.jpeg?fit=600%2C414\" src=\"https:\/\/i0.wp.com\/blogdalucianaoliveira.com.br\/blog\/wp-content\/uploads\/2020\/03\/image-35.jpeg?resize=600%2C414\" alt=\"\" class=\"wp-image-26861\" srcset=\"https:\/\/i0.wp.com\/blogdalucianaoliveira.com.br\/blog\/wp-content\/uploads\/2020\/03\/image-35.jpeg?w=820 820w, https:\/\/i0.wp.com\/blogdalucianaoliveira.com.br\/blog\/wp-content\/uploads\/2020\/03\/image-35.jpeg?resize=300%2C207 300w, https:\/\/i0.wp.com\/blogdalucianaoliveira.com.br\/blog\/wp-content\/uploads\/2020\/03\/image-35.jpeg?resize=768%2C530 768w, https:\/\/i0.wp.com\/blogdalucianaoliveira.com.br\/blog\/wp-content\/uploads\/2020\/03\/image-35.jpeg?resize=435%2C300 435w\" sizes=\"auto, (max-width: 600px) 100vw, 600px\" \/><\/figure>\n\n\n\n<p>Por Helena Chagas &#8211; O fantasma da manifesta\u00e7\u00e3o que n\u00e3o houve \u00e9 hoje, para Jair Bolsonaro e seus seguidores, a melhor sa\u00edda para a enrascada em que se meteram. Antes mesmo do agravamento da crise do coronav\u00edrus, o movimento anti-Congresso e anti-Supremo convocado para o pr\u00f3ximo domingo j\u00e1 dava sinais, nas redes e nas desaven\u00e7as entre seus organizadores, de que caminhava para o esvaziamento e o fracasso.<\/p>\n\n\n\n<!--more-->\n\n\n\n<p>O coronav\u00edrus foi, portanto, uma boa desculpa. Bolsonaro apareceu numa live de m\u00e1scara e depois foi \u00e0 TV, em grande estilo, fazer seu jogo duplo: desaconselhou as pessoas a irem \u00e0s ruas para as manifesta\u00e7\u00f5es (que disse que n\u00e3o convocou) mas, ao mesmo tempo, enalteceu os movimentos e criticou os pol\u00edticos que seriam contr\u00e1rios a ele. Ou seja, resolveu o problema do protesto fadado ao fracasso sem perder o discurso.<\/p>\n\n\n\n<p>O problema de Bolsonaro agora \u00e9 sustentar esse discurso. Tudo indica que a crise do coronav\u00edrus \u2014 e das bolsas, do d\u00f3lar, do petr\u00f3leo \u2014 desgastar\u00e1 ainda mais a j\u00e1 abalada imagem do presidente da Rep\u00fablica. A bolha bolsonarista, que gra\u00e7as ao apoio de empres\u00e1rios e seus incentivos financeiros e \u00e0 agressividade nas redes vem dando a impress\u00e3o de ser maior do que \u00e9, tende a diminuir.<\/p>\n\n\n\n<p>\u00c9 bem poss\u00edvel que, para al\u00edvio das lideran\u00e7as do Congresso \u2014 que morrem de medo dos perigosos pixulecos e quetais \u2014 &nbsp;v\u00e1 ficando cada vez mais dif\u00edcil, para o bolsonarismo, mostrar poder nas ruas.<\/p>\n","protected":false},"excerpt":{"rendered":"<p>Por Helena Chagas &#8211; O fantasma da manifesta\u00e7\u00e3o que n\u00e3o houve \u00e9 hoje, para Jair Bolsonaro e seus seguidores, a melhor sa\u00edda para a enrascada em que se meteram. Antes mesmo do agravamento da crise do coronav\u00edrus, o movimento anti-Congresso e anti-Supremo convocado para o pr\u00f3ximo domingo j\u00e1 dava sinais, nas redes e nas desaven\u00e7as&#8230;<a class=\"more-link\" href=\"http:\/\/blogdalucianaoliveira.com.br\/blog\/2020\/03\/13\/coronavirus-evita-fracasso-de-manifestacao\/\">Continue a leitura <span class=\"meta-nav\">&raquo;<\/span><\/a><\/p>\n","protected":false},"author":1,"featured_media":0,"comment_status":"closed","ping_status":"open","sticky":false,"template":"","format":"standard","meta":{"_exactmetrics_skip_tracking":false,"_exactmetrics_sitenote_active":false,"_exactmetrics_sitenote_note":"","_exactmetrics_sitenote_category":0,"jetpack_post_was_ever_published":false,"_jetpack_newsletter_access":"","_jetpack_dont_email_post_to_subs":false,"_jetpack_newsletter_tier_id":0,"_jetpack_memberships_contains_paywalled_content":false,"_jetpack_memberships_contains_paid_content":false,"footnotes":"","jetpack_publicize_message":"","jetpack_publicize_feature_enabled":true,"jetpack_social_post_already_shared":true,"jetpack_social_options":{"image_generator_settings":{"template":"highway","enabled":false},"version":2}},"categories":[1],"tags":[],"class_list":["post-26860","post","type-post","status-publish","format-standard","hentry","category-notas"],"jetpack_publicize_connections":[],"jetpack_sharing_enabled":true,"jetpack_featured_media_url":"","jetpack_shortlink":"https:\/\/wp.me\/p7wKYW-6Ze","jetpack-related-posts":[],"_links":{"self":[{"href":"http:\/\/blogdalucianaoliveira.com.br\/blog\/wp-json\/wp\/v2\/posts\/26860","targetHints":{"allow":["GET"]}}],"collection":[{"href":"http:\/\/blogdalucianaoliveira.com.br\/blog\/wp-json\/wp\/v2\/posts"}],"about":[{"href":"http:\/\/blogdalucianaoliveira.com.br\/blog\/wp-json\/wp\/v2\/types\/post"}],"author":[{"embeddable":true,"href":"http:\/\/blogdalucianaoliveira.com.br\/blog\/wp-json\/wp\/v2\/users\/1"}],"replies":[{"embeddable":true,"href":"http:\/\/blogdalucianaoliveira.com.br\/blog\/wp-json\/wp\/v2\/comments?post=26860"}],"version-history":[{"count":1,"href":"http:\/\/blogdalucianaoliveira.com.br\/blog\/wp-json\/wp\/v2\/posts\/26860\/revisions"}],"predecessor-version":[{"id":26862,"href":"http:\/\/blogdalucianaoliveira.com.br\/blog\/wp-json\/wp\/v2\/posts\/26860\/revisions\/26862"}],"wp:attachment":[{"href":"http:\/\/blogdalucianaoliveira.com.br\/blog\/wp-json\/wp\/v2\/media?parent=26860"}],"wp:term":[{"taxonomy":"category","embeddable":true,"href":"http:\/\/blogdalucianaoliveira.com.br\/blog\/wp-json\/wp\/v2\/categories?post=26860"},{"taxonomy":"post_tag","embeddable":true,"href":"http:\/\/blogdalucianaoliveira.com.br\/blog\/wp-json\/wp\/v2\/tags?post=26860"}],"curies":[{"name":"wp","href":"https:\/\/api.w.org\/{rel}","templated":true}]}}