{"id":26865,"date":"2020-03-13T09:49:20","date_gmt":"2020-03-13T13:49:20","guid":{"rendered":"http:\/\/blogdalucianaoliveira.com.br\/blog\/?p=26865"},"modified":"2020-03-13T09:49:25","modified_gmt":"2020-03-13T13:49:25","slug":"contra-coronavirus-e-pibinho-guedes-insiste-em-tomar-dinheiro-de-servidores","status":"publish","type":"post","link":"http:\/\/blogdalucianaoliveira.com.br\/blog\/2020\/03\/13\/contra-coronavirus-e-pibinho-guedes-insiste-em-tomar-dinheiro-de-servidores\/","title":{"rendered":"Contra coronav\u00edrus e pibinho, Guedes insiste em tomar dinheiro de servidores"},"content":{"rendered":"\n<figure class=\"wp-block-image size-large\"><img data-recalc-dims=\"1\" loading=\"lazy\" decoding=\"async\" width=\"600\" height=\"360\" data-attachment-id=\"26866\" data-permalink=\"http:\/\/blogdalucianaoliveira.com.br\/blog\/2020\/03\/13\/contra-coronavirus-e-pibinho-guedes-insiste-em-tomar-dinheiro-de-servidores\/image-37-4\/\" data-orig-file=\"https:\/\/i0.wp.com\/blogdalucianaoliveira.com.br\/blog\/wp-content\/uploads\/2020\/03\/image-37.jpeg?fit=1024%2C614\" data-orig-size=\"1024,614\" data-comments-opened=\"0\" data-image-meta=\"{&quot;aperture&quot;:&quot;0&quot;,&quot;credit&quot;:&quot;&quot;,&quot;camera&quot;:&quot;&quot;,&quot;caption&quot;:&quot;&quot;,&quot;created_timestamp&quot;:&quot;0&quot;,&quot;copyright&quot;:&quot;&quot;,&quot;focal_length&quot;:&quot;0&quot;,&quot;iso&quot;:&quot;0&quot;,&quot;shutter_speed&quot;:&quot;0&quot;,&quot;title&quot;:&quot;&quot;,&quot;orientation&quot;:&quot;0&quot;}\" data-image-title=\"image-37\" data-image-description=\"\" data-image-caption=\"\" data-medium-file=\"https:\/\/i0.wp.com\/blogdalucianaoliveira.com.br\/blog\/wp-content\/uploads\/2020\/03\/image-37.jpeg?fit=300%2C180\" data-large-file=\"https:\/\/i0.wp.com\/blogdalucianaoliveira.com.br\/blog\/wp-content\/uploads\/2020\/03\/image-37.jpeg?fit=600%2C360\" src=\"https:\/\/i0.wp.com\/blogdalucianaoliveira.com.br\/blog\/wp-content\/uploads\/2020\/03\/image-37.jpeg?resize=600%2C360\" alt=\"\" class=\"wp-image-26866\" srcset=\"https:\/\/i0.wp.com\/blogdalucianaoliveira.com.br\/blog\/wp-content\/uploads\/2020\/03\/image-37.jpeg?w=1024 1024w, https:\/\/i0.wp.com\/blogdalucianaoliveira.com.br\/blog\/wp-content\/uploads\/2020\/03\/image-37.jpeg?resize=300%2C180 300w, https:\/\/i0.wp.com\/blogdalucianaoliveira.com.br\/blog\/wp-content\/uploads\/2020\/03\/image-37.jpeg?resize=768%2C461 768w, https:\/\/i0.wp.com\/blogdalucianaoliveira.com.br\/blog\/wp-content\/uploads\/2020\/03\/image-37.jpeg?resize=500%2C300 500w\" sizes=\"auto, (max-width: 600px) 100vw, 600px\" \/><\/figure>\n\n\n\n<h4 class=\"wp-block-heading\"><br>Proposta do governo \u00e9 de cortar at\u00e9 25% do sal\u00e1rio dos servidores e segurar promo\u00e7\u00f5es.<\/h4>\n\n\n\n<!--more-->\n\n\n\n<p>Na Carta Capital- O governo anunciou em 11 de mar\u00e7o nova proje\u00e7\u00e3o de crescimento econ\u00f4mico este ano, de 2,1%, n\u00e3o mais de 2,4%. Com um PIB mais fraco, a arrecada\u00e7\u00e3o de impostos ser\u00e1 7,8 bilh\u00f5es de reais menor. No dia da divulga\u00e7\u00e3o, o coronav\u00edrus foi declarado uma pandemia, sinal de que os c\u00e1lculos ter\u00e3o de ser refeitos. O PIB ser\u00e1 ainda pior, idem a arrecada\u00e7\u00e3o. O que n\u00e3o muda \u00e9 a disposi\u00e7\u00e3o do governo de tomar dinheiro dos funcion\u00e1rios p\u00fablicos para tapar buracos.<\/p>\n\n\n\n<p>A tunga foi proposta pelo Minist\u00e9rio da Economia em novembro, e o ministro Paulo Guedes tratou dela na manh\u00e3 de 11 de mar\u00e7o com o relator do projeto no Senado, Oriovisto Guimar\u00e3es (Podemos-PR). Foi no mesmo dia em que o Senado realizava a primeira audi\u00eancia p\u00fablica sobre a chamada PEC Emergencial, uma das 19 prioridades rec\u00e9m listadas por Guedes perante o Congresso.<\/p>\n\n\n\n<p>Pela proposta, o governo pode cortar at\u00e9 25% do sal\u00e1rio dos servidores (a jornada de trabalho cairia em igual propor\u00e7\u00e3o) e segurar promo\u00e7\u00f5es, caso se veja obrigado a violar a \u201cregra de ouro\u201d fiscal. Esta pro\u00edbe o governo de pegar empr\u00e9stimo no \u201cmercado\u201d para pagar despesas com pessoal, luz, \u00e1gua (s\u00f3 pode para quitar d\u00edvida ou investir). A viola\u00e7\u00e3o \u00e9 caso de\u00a0<em>impeachment\u00a0<\/em>do presidente.<\/p>\n\n\n\n<p>Jair Bolsonaro escapou do risco em 2019 gra\u00e7as a uma autoriza\u00e7\u00e3o especial pedida ao Parlamento para gastar 248 bilh\u00f5es de reais. O ritmo de tartaruga da economia impediu o governo de coletar mais impostos e bancar suas obriga\u00e7\u00f5es no ano passado. Houve rombo fiscal de 95 bilh\u00f5es, e outro vir\u00e1 em 2020, de 87 bilh\u00f5es pelo menos. Com a tunga, Bolsonaro estaria a salvo de degola at\u00e9 2022.<\/p>\n\n\n\n<p>Oriovisto Guimar\u00e3es \u00e9 um rico (239 milh\u00f5es em bens na elei\u00e7\u00e3o de 2018) economista pr\u00f3-Estado m\u00ednimo, da\u00ed apoiar a tomada do dinheiro dos servidores. Mas mostrou a Guedes que o clima n\u00e3o est\u00e1 bom no Congresso para votar tal impopularidade, ainda mais em ano eleitoral. Seria preciso ao menos abrir umas exce\u00e7\u00f5es na tunga. \u201cNem na sa\u00fade, nem na seguran\u00e7a p\u00fablica nem na educa\u00e7\u00e3o\u201d, disse ao sair do minist\u00e9rio.<\/p>\n\n\n\n<p>Os servidores prometem uma greve em 18 de mar\u00e7o contra a proposta e a reforma administrativa que Bolsonaro sequer mandou ao Congresso, mas \u00e9 obsess\u00e3o de Guedes. O mau humor \u00e9 grande na alta burocracia, dona dos maiores sal\u00e1rios e exclu\u00edda das exce\u00e7\u00f5es. S\u00e3o policiais federais, auditores da Receita, advogados da AGU, diplomatas, gestores. Na elei\u00e7\u00e3o, Bolsonaro teve 70% dos votos em Bras\u00edlia, ber\u00e7o dessa burocracia.<\/p>\n\n\n\n<p>Quando mandou a PEC Emergencial ao Legislativo, o time de Guedes calculava que, com ela, arranjaria 12 bilh\u00f5es de reais este ano e 26 bilh\u00f5es at\u00e9 2022. Um quarto desse total de 38 bilh\u00f5es iria para investimentos, o que incentivaria o crescimento econ\u00f4mico e a campanha reeleitoral de Bolsonaro em 2022.<\/p>\n\n\n\n<p>Na quinta-feira 12 de mar\u00e7o, o Minist\u00e9rio divulgou outro estudo, a apontar que, com a aprova\u00e7\u00e3o da tunga e de uma outra mudan\u00e7a constitucional proposta tamb\u00e9m pelo governo em novembro, a PEC do Pacto Federativo, surgiriam 31,5 bilh\u00f5es de reais para todos o setor p\u00fablico (prefeitos e governadores inclu\u00eddos) investir.<\/p>\n\n\n\n<p>Segundo c\u00e1lculos de quatro professores da Universidade Federal de Minas Gerais (UFMG), a tunga de 25% no sal\u00e1rio do funcionalismo renderia 55 bilh\u00f5es de reais. Mas o quarteto n\u00e3o diz que isso \u00e9 bom. Ao contr\u00e1rio. Argumenta que reduziria o consumo das fam\u00edlias e, com isso, causaria uma queda do PIB no curto prazo, de 1,4%. N\u00fameros citados na audi\u00eancia p\u00fablica do Senado.<\/p>\n\n\n\n<p>No curto prazo, a economia brasileira j\u00e1 sofre os efeitos do coronav\u00edrus, embora o tamanho e a dura\u00e7\u00e3o deles sejam incertos. Estudos da equipe de Guedes, conclu\u00eddos tamb\u00e9m antes do cen\u00e1rio de pandemia, descreveram o caminho dos efeitos. Redu\u00e7\u00e3o das exporta\u00e7\u00f5es, do pre\u00e7o das commodities e dos ativos nacionais. Recuou no fluxo de pessoas. Interrup\u00e7\u00e3o de algumas cadeias produtivas.<\/p>\n\n\n\n<p>Epicentro do v\u00edrus, a China responde por 18% do PIB mundial (dado de 2018), \u00e9 destino de 30% de nossas vendas externas e fornece 20% dos insumos industriais do planeta. H\u00e1 casos pelo globo de f\u00e1bricas que tiveram de parar a produ\u00e7\u00e3o por falta de mat\u00e9ria-prima chinesa. N\u00e3o h\u00e1 como o Brasil escapar das consequ\u00eancias.<\/p>\n","protected":false},"excerpt":{"rendered":"<p>Proposta do governo \u00e9 de cortar at\u00e9 25% do sal\u00e1rio dos servidores e segurar promo\u00e7\u00f5es.<\/p>\n","protected":false},"author":1,"featured_media":0,"comment_status":"closed","ping_status":"open","sticky":false,"template":"","format":"standard","meta":{"_exactmetrics_skip_tracking":false,"_exactmetrics_sitenote_active":false,"_exactmetrics_sitenote_note":"","_exactmetrics_sitenote_category":0,"jetpack_post_was_ever_published":false,"_jetpack_newsletter_access":"","_jetpack_dont_email_post_to_subs":false,"_jetpack_newsletter_tier_id":0,"_jetpack_memberships_contains_paywalled_content":false,"_jetpack_memberships_contains_paid_content":false,"footnotes":"","jetpack_publicize_message":"","jetpack_publicize_feature_enabled":true,"jetpack_social_post_already_shared":true,"jetpack_social_options":{"image_generator_settings":{"template":"highway","enabled":false},"version":2}},"categories":[1],"tags":[],"class_list":["post-26865","post","type-post","status-publish","format-standard","hentry","category-notas"],"jetpack_publicize_connections":[],"jetpack_sharing_enabled":true,"jetpack_featured_media_url":"","jetpack_shortlink":"https:\/\/wp.me\/p7wKYW-6Zj","jetpack-related-posts":[],"_links":{"self":[{"href":"http:\/\/blogdalucianaoliveira.com.br\/blog\/wp-json\/wp\/v2\/posts\/26865","targetHints":{"allow":["GET"]}}],"collection":[{"href":"http:\/\/blogdalucianaoliveira.com.br\/blog\/wp-json\/wp\/v2\/posts"}],"about":[{"href":"http:\/\/blogdalucianaoliveira.com.br\/blog\/wp-json\/wp\/v2\/types\/post"}],"author":[{"embeddable":true,"href":"http:\/\/blogdalucianaoliveira.com.br\/blog\/wp-json\/wp\/v2\/users\/1"}],"replies":[{"embeddable":true,"href":"http:\/\/blogdalucianaoliveira.com.br\/blog\/wp-json\/wp\/v2\/comments?post=26865"}],"version-history":[{"count":1,"href":"http:\/\/blogdalucianaoliveira.com.br\/blog\/wp-json\/wp\/v2\/posts\/26865\/revisions"}],"predecessor-version":[{"id":26867,"href":"http:\/\/blogdalucianaoliveira.com.br\/blog\/wp-json\/wp\/v2\/posts\/26865\/revisions\/26867"}],"wp:attachment":[{"href":"http:\/\/blogdalucianaoliveira.com.br\/blog\/wp-json\/wp\/v2\/media?parent=26865"}],"wp:term":[{"taxonomy":"category","embeddable":true,"href":"http:\/\/blogdalucianaoliveira.com.br\/blog\/wp-json\/wp\/v2\/categories?post=26865"},{"taxonomy":"post_tag","embeddable":true,"href":"http:\/\/blogdalucianaoliveira.com.br\/blog\/wp-json\/wp\/v2\/tags?post=26865"}],"curies":[{"name":"wp","href":"https:\/\/api.w.org\/{rel}","templated":true}]}}