{"id":26868,"date":"2020-03-13T10:27:53","date_gmt":"2020-03-13T14:27:53","guid":{"rendered":"http:\/\/blogdalucianaoliveira.com.br\/blog\/?p=26868"},"modified":"2020-03-13T10:28:01","modified_gmt":"2020-03-13T14:28:01","slug":"coronavirus-medicos-podem-ter-de-fazer-escolha-de-sofia-por-quem-vai-viver-na-italia","status":"publish","type":"post","link":"http:\/\/blogdalucianaoliveira.com.br\/blog\/2020\/03\/13\/coronavirus-medicos-podem-ter-de-fazer-escolha-de-sofia-por-quem-vai-viver-na-italia\/","title":{"rendered":"Coronav\u00edrus: M\u00e9dicos podem ter de fazer &#8216;escolha de Sofia&#8217; por quem vai viver na It\u00e1lia"},"content":{"rendered":"\n<figure class=\"wp-block-image\"><img data-recalc-dims=\"1\" decoding=\"async\" src=\"https:\/\/i0.wp.com\/ichef.bbci.co.uk\/news\/660\/cpsprodpb\/15D6C\/production\/_111225498_ddfae325-a5a5-403e-80f7-c8b35f0da04a.jpg?w=600&#038;ssl=1\" alt=\"M\u00e9dica italiana\"\/><\/figure>\n\n\n\n<p>Em quest\u00e3o de dias, a It\u00e1lia tornou-se o segundo pa\u00eds mais afetado pela pandemia do novo&nbsp;<a href=\"https:\/\/www.bbc.com\/portuguese\/topics\/clmq8rgyyvjt\">coronav\u00edrus<\/a>&nbsp;\u2014 e a situa\u00e7\u00e3o continua a se agravar. O total de casos confirmados ultrapassou 15 mil, e j\u00e1 foram registradas mais de mil mortes.<\/p>\n\n\n\n<!--more-->\n\n\n\n<p>Rafael Barifouse<\/p>\n\n\n\n<p>Da BBC News Brasil em S\u00e3o Paulo<\/p>\n\n\n\n<p>O crescimento exponencial de casos levou um grande n\u00famero de pessoas a buscar atendimento nos hospitais, que j\u00e1 d\u00e3o sinais de estarem sobrecarregados na regi\u00e3o da Lombardia, a mais afetada, e tamb\u00e9m a mais rica, do pa\u00eds, onde vivem um sexto dos seus 60 milh\u00f5es de habitantes.<\/p>\n\n\n\n<p>Em meio a esta situa\u00e7\u00e3o, o Col\u00e9gio Italiano de Anestesia, Analgesia, Ressuscita\u00e7\u00e3o e Cuidado Intensivo (SIAARTI, na sigla em italiano) divulgou um documento em que prev\u00ea que a falta de recursos suficientes para tratar todos os pacientes graves pode fazer com que m\u00e9dicos e enfermeiros tenham de escolher quem ser\u00e1 admitido nas unidades de tratamento intensivo (UTI) de acordo com suas chances de sobreviver.<\/p>\n\n\n\n<p>O SIAARTI afirma no documento que previs\u00f5es feitas com base no que ocorre atualmente em algumas regi\u00f5es italianas apontam para um aumento dos casos de insufici\u00eancia respirat\u00f3ria aguda nas pr\u00f3ximas semanas.<\/p>\n\n\n\n<p>De acordo com a entidade, 10% dos pacientes diagnosticados com covid-19, a doen\u00e7a causada pelo novo coronav\u00edrus, precisam de equipamentos de respira\u00e7\u00e3o assistida. Apesar desta condi\u00e7\u00e3o poder ser curada, sua fase aguda pode durar &#8220;muitos dias&#8221;.<br><\/p>\n\n\n\n<p>Isso levar\u00e1 a um &#8220;grande desequil\u00edbrio&#8221; entre os recursos dispon\u00edveis para tratar os pacientes que precisam ser internados nas UTIs e a demanda por esse tipo de servi\u00e7o.<\/p>\n\n\n\n<p>Por isso, a entidade publicou recomenda\u00e7\u00f5es que os m\u00e9dicos e enfermeiros devem seguir em um cen\u00e1rio de &#8220;medicina de cat\u00e1strofe&#8221;.<\/p>\n\n\n\n<h2 class=\"wp-block-heading\">&#8216;Escolhas dif\u00edceis&#8217;<\/h2>\n\n\n\n<p>Isso significa fazer &#8220;escolhas dif\u00edceis&#8221; de acordo com a chance de sucesso de tratamento, considerando a idade do paciente, se esta pessoa tem outras doen\u00e7as, a gravidade do seu estado e a possibilidade de reverter esse quadro.<\/p>\n\n\n\n<figure class=\"wp-block-image\"><img data-recalc-dims=\"1\" decoding=\"async\" src=\"https:\/\/i0.wp.com\/ichef.bbci.co.uk\/news\/624\/cpsprodpb\/2926\/production\/_111243501_5c0f5cbd-7976-4437-88fe-54c11f665297.jpg?w=600&#038;ssl=1\" alt=\"Medica na It\u00e1lia\"\/><figcaption>Image captionAumento exponencial de pacientes est\u00e1 sobrecarregando hospitais italianos<\/figcaption><\/figure>\n\n\n\n<p>&#8220;A disponibilidade de recursos n\u00e3o \u00e9 levada em considera\u00e7\u00e3o normalmente nesse processo de decis\u00e3o e nas escolhas feitas para cada paciente, at\u00e9 que os recursos se tornam t\u00e3o escassos que isso n\u00e3o permite o tratamento de todos os pacientes que poderiam ser beneficiados&#8221;, afirma a SIAARTI.<\/p>\n\n\n\n<p>A entidade diz que pode ser necess\u00e1rio estabelecer um limite de idade para os pacientes atendidos nas UTIs, reservando os recursos dispon\u00edveis para aqueles que t\u00eam n\u00e3o apenas maior chance de sobreviver, mas tamb\u00e9m viver\u00e3o por mais tempo ap\u00f3s serem salvos.<\/p>\n\n\n\n<p>A SIAARTI destaca ainda que aplicar o crit\u00e9rio mais comum de atendimento nas UTIs, de internar quem chega primeiro, tamb\u00e9m seria fazer uma escolha \u2014 de n\u00e3o tratar os pacientes que chegariam depois, diante da falta de leitos para atend\u00ea-los.<\/p>\n\n\n\n<p>Quando houver um grande fluxo de pacientes e uma pessoa internada n\u00e3o responder a um tratamento, disse a entidade, a decis\u00e3o de coloc\u00e1-la sob cuidados paliativos &#8220;n\u00e3o deve ser adiada&#8221;.<\/p>\n\n\n\n<h2 class=\"wp-block-heading\">Decis\u00e3o dr\u00e1stica, mas &#8216;absolutamente racional&#8217;<\/h2>\n\n\n\n<p>Estas podem parecer decis\u00f5es dr\u00e1sticas, mas, em uma situa\u00e7\u00e3o como esta, h\u00e1 uma completa satura\u00e7\u00e3o dos recursos de UTI, que se cria um &#8220;gargalo&#8221; no atendimento \u00e0 popula\u00e7\u00e3o, explica Jaques Sztajnbok, m\u00e9dico supervisor da unidade de tratamento intensivo do Instituto de Infectologia Em\u00edlio Ribas.<\/p>\n\n\n\n<p>&#8220;N\u00e3o h\u00e1 como ampliar a estrutura desse tipo de servi\u00e7o para atender 20 mil pessoas de uma s\u00f3 vez. Ent\u00e3o, voc\u00ea precisa analisar quem tem mais chance de sobreviver. Isso assusta e pode parecer cruel, mas \u00e9 absolutamente racional&#8221;, afirma Sztajnbok.<\/p>\n\n\n\n<p>&#8220;Se voc\u00ea escolher tratar o paciente &#8216;errado&#8217;, vai usar muito tempo e recursos com algu\u00e9m que n\u00e3o chegar\u00e1 a ser salvo e deixar\u00e1 de atender duas ou tr\u00eas outras pessoas, que v\u00e3o morrer (pela falta de atendimento). Em uma situa\u00e7\u00e3o assim, \u00e9 melhor salvar um do que nenhum.&#8221;<\/p>\n\n\n\n<p>At\u00e9 agora, o novo coronav\u00edrus j\u00e1 chegou a 114 pa\u00edses e a todos os continentes, exceto a Ant\u00e1rtida, e infectou mais de 118,3 mil pessoas, levando cerca de 4,2 mil delas \u00e0 morte.<\/p>\n\n\n\n<p>Do total de casos, a maioria deles foi registrado na China, onde h\u00e1 80,9 mil pacientes confirmados.<\/p>\n\n\n\n<figure class=\"wp-block-image\"><img data-recalc-dims=\"1\" decoding=\"async\" src=\"https:\/\/i0.wp.com\/ichef.bbci.co.uk\/news\/624\/cpsprodpb\/7746\/production\/_111243503_a9153769-9771-4e1e-ae32-879433ecf998.jpg?w=600&#038;ssl=1\" alt=\"M\u00e9dicos na It\u00e1lia\"\/><figcaption>Image captionChina teve que improvisar ambulat\u00f3rios por conta do grande n\u00famero de casos de coronav\u00edrus que esgotou os recursos dispon\u00edveis<\/figcaption><\/figure>\n\n\n\n<p>&#8220;N\u00e3o foi \u00e0 toa que a China construiu hospitais da noite para o dia, que eram basicamente de leitos de UTI. Houve quem achasse aquilo exagero, mas eles aparentemente viram que estavam sendo bombardeados por pacientes em estado cr\u00edtico e correram atr\u00e1s para dar conta disso&#8221;, diz Sztajnbok.<\/p>\n\n\n\n<h2 class=\"wp-block-heading\">O mesmo pode ocorrer no Brasil?<\/h2>\n\n\n\n<p>No Brasil, j\u00e1 s\u00e3o 77 casos confirmados, segundo o ministro da Sa\u00fade, Luiz Henrique Mandetta.<\/p>\n\n\n\n<p>No entanto, o ministro afirmou em reuni\u00e3o no Congresso com os presidentes das duas Casas e l\u00edderes partid\u00e1rios que a expectativa \u00e9 que haja uma expans\u00e3o em progress\u00e3o geom\u00e9trica nas pr\u00f3ximas semanas, de acordo com a R\u00e1dio Senado.<\/p>\n\n\n\n<p>Mandetta pediu que sejam liberados R$ 5 bilh\u00f5es de recursos para combater a pandemia e disse que o Sistema \u00danico de Sa\u00fade (SUS), do qual dependem exclusivamente os quase 70% de brasileiros que n\u00e3o t\u00eam plano de sa\u00fade, n\u00e3o suportar\u00e1 a demanda criada pelo novo coronav\u00edrus.<\/p>\n\n\n\n<p>Em coletiva de imprensa, o secret\u00e1rio-executivo da pasta, Jo\u00e3o Gabbardo, disse que 2 mil leitos de UTI ser\u00e3o direcionados para pacientes com covid-19.<\/p>\n\n\n\n<p>Gabbardo tamb\u00e9m informou que o SUS deve mudar os crit\u00e9rios para o uso dos leitos destas unidades e explicou que pacientes terminais, por exemplo, n\u00e3o ser\u00e3o levados para este setor nos hospitais.<\/p>\n\n\n\n<p>Eduardo Sprinz, chefe do servi\u00e7o de infectologia do Hospital de Cl\u00ednicas de Porto Alegre, diz que a poss\u00edvel sobrecarga das UTIs j\u00e1 vem sendo discutida entre m\u00e9dicos e especialistas, por causa do que ocorreu durante a \u00faltima pandemia, de gripe su\u00edna, em 2009.<\/p>\n\n\n\n<p>&#8220;Naquela \u00e9poca, quase tivemos que aplicar um crit\u00e9rio semelhante a este da It\u00e1lia. Houve filas de espera por respiradores em hospitais, foi uma coisa muito dram\u00e1tica&#8221;, afirma Sprinz.<\/p>\n\n\n\n<p>O infectologista explica que os estudos feitos at\u00e9 o momento apontam que esse novo v\u00edrus \u00e9 at\u00e9 tr\u00eas vezes mais transmiss\u00edvel do que o v\u00edrus da gripe su\u00edna, o H1N1, o que pode fazer com que o n\u00famero de brasileiros infectados agora seja superior.<\/p>\n\n\n\n<p>&#8220;Dependendo de como a epidemia se desenvolver por aqui, podemos ter um risco de satura\u00e7\u00e3o do sistema de sa\u00fade. Estamos trabalhando para que n\u00e3o chegue a esse ponto, mas, se isso ocorrer, talvez chegue o momento em que seja necess\u00e1rio fazer uma &#8216;escolha de Sofia&#8217;.&#8221;<\/p>\n","protected":false},"excerpt":{"rendered":"<p>Em quest\u00e3o de dias, a It\u00e1lia tornou-se o segundo pa\u00eds mais afetado pela pandemia do novo&nbsp;coronav\u00edrus&nbsp;\u2014 e a situa\u00e7\u00e3o continua a se agravar. O total de casos confirmados ultrapassou 15 mil, e j\u00e1 foram registradas mais de mil mortes.<\/p>\n","protected":false},"author":1,"featured_media":0,"comment_status":"closed","ping_status":"open","sticky":false,"template":"","format":"standard","meta":{"_exactmetrics_skip_tracking":false,"_exactmetrics_sitenote_active":false,"_exactmetrics_sitenote_note":"","_exactmetrics_sitenote_category":0,"jetpack_post_was_ever_published":false,"_jetpack_newsletter_access":"","_jetpack_dont_email_post_to_subs":false,"_jetpack_newsletter_tier_id":0,"_jetpack_memberships_contains_paywalled_content":false,"_jetpack_memberships_contains_paid_content":false,"footnotes":"","jetpack_publicize_message":"","jetpack_publicize_feature_enabled":true,"jetpack_social_post_already_shared":true,"jetpack_social_options":{"image_generator_settings":{"template":"highway","enabled":false},"version":2}},"categories":[1],"tags":[],"class_list":["post-26868","post","type-post","status-publish","format-standard","hentry","category-notas"],"jetpack_publicize_connections":[],"jetpack_sharing_enabled":true,"jetpack_featured_media_url":"","jetpack_shortlink":"https:\/\/wp.me\/p7wKYW-6Zm","jetpack-related-posts":[],"_links":{"self":[{"href":"http:\/\/blogdalucianaoliveira.com.br\/blog\/wp-json\/wp\/v2\/posts\/26868","targetHints":{"allow":["GET"]}}],"collection":[{"href":"http:\/\/blogdalucianaoliveira.com.br\/blog\/wp-json\/wp\/v2\/posts"}],"about":[{"href":"http:\/\/blogdalucianaoliveira.com.br\/blog\/wp-json\/wp\/v2\/types\/post"}],"author":[{"embeddable":true,"href":"http:\/\/blogdalucianaoliveira.com.br\/blog\/wp-json\/wp\/v2\/users\/1"}],"replies":[{"embeddable":true,"href":"http:\/\/blogdalucianaoliveira.com.br\/blog\/wp-json\/wp\/v2\/comments?post=26868"}],"version-history":[{"count":1,"href":"http:\/\/blogdalucianaoliveira.com.br\/blog\/wp-json\/wp\/v2\/posts\/26868\/revisions"}],"predecessor-version":[{"id":26869,"href":"http:\/\/blogdalucianaoliveira.com.br\/blog\/wp-json\/wp\/v2\/posts\/26868\/revisions\/26869"}],"wp:attachment":[{"href":"http:\/\/blogdalucianaoliveira.com.br\/blog\/wp-json\/wp\/v2\/media?parent=26868"}],"wp:term":[{"taxonomy":"category","embeddable":true,"href":"http:\/\/blogdalucianaoliveira.com.br\/blog\/wp-json\/wp\/v2\/categories?post=26868"},{"taxonomy":"post_tag","embeddable":true,"href":"http:\/\/blogdalucianaoliveira.com.br\/blog\/wp-json\/wp\/v2\/tags?post=26868"}],"curies":[{"name":"wp","href":"https:\/\/api.w.org\/{rel}","templated":true}]}}