{"id":26876,"date":"2020-03-14T10:34:42","date_gmt":"2020-03-14T14:34:42","guid":{"rendered":"http:\/\/blogdalucianaoliveira.com.br\/blog\/?p=26876"},"modified":"2020-03-14T10:34:52","modified_gmt":"2020-03-14T14:34:52","slug":"ultimas-palavras-de-bebianno-o-brasil-ainda-vai-enxergar-quem-sao-bolsonaro-e-seus-filhotes","status":"publish","type":"post","link":"http:\/\/blogdalucianaoliveira.com.br\/blog\/2020\/03\/14\/ultimas-palavras-de-bebianno-o-brasil-ainda-vai-enxergar-quem-sao-bolsonaro-e-seus-filhotes\/","title":{"rendered":"\u00daltimas palavras de Bebianno: o Brasil ainda vai enxergar quem s\u00e3o Bolsonaro e seus filhotes"},"content":{"rendered":"\n<figure class=\"wp-block-image size-large\"><img data-recalc-dims=\"1\" loading=\"lazy\" decoding=\"async\" width=\"500\" height=\"240\" data-attachment-id=\"26877\" data-permalink=\"http:\/\/blogdalucianaoliveira.com.br\/blog\/2020\/03\/14\/ultimas-palavras-de-bebianno-o-brasil-ainda-vai-enxergar-quem-sao-bolsonaro-e-seus-filhotes\/image-39-4\/\" data-orig-file=\"https:\/\/i0.wp.com\/blogdalucianaoliveira.com.br\/blog\/wp-content\/uploads\/2020\/03\/image-39.jpeg?fit=500%2C240\" data-orig-size=\"500,240\" data-comments-opened=\"0\" data-image-meta=\"{&quot;aperture&quot;:&quot;0&quot;,&quot;credit&quot;:&quot;&quot;,&quot;camera&quot;:&quot;&quot;,&quot;caption&quot;:&quot;&quot;,&quot;created_timestamp&quot;:&quot;0&quot;,&quot;copyright&quot;:&quot;&quot;,&quot;focal_length&quot;:&quot;0&quot;,&quot;iso&quot;:&quot;0&quot;,&quot;shutter_speed&quot;:&quot;0&quot;,&quot;title&quot;:&quot;&quot;,&quot;orientation&quot;:&quot;0&quot;}\" data-image-title=\"image-39\" data-image-description=\"\" data-image-caption=\"\" data-medium-file=\"https:\/\/i0.wp.com\/blogdalucianaoliveira.com.br\/blog\/wp-content\/uploads\/2020\/03\/image-39.jpeg?fit=300%2C144\" data-large-file=\"https:\/\/i0.wp.com\/blogdalucianaoliveira.com.br\/blog\/wp-content\/uploads\/2020\/03\/image-39.jpeg?fit=500%2C240\" src=\"https:\/\/i0.wp.com\/blogdalucianaoliveira.com.br\/blog\/wp-content\/uploads\/2020\/03\/image-39.jpeg?resize=500%2C240\" alt=\"\" class=\"wp-image-26877\" srcset=\"https:\/\/i0.wp.com\/blogdalucianaoliveira.com.br\/blog\/wp-content\/uploads\/2020\/03\/image-39.jpeg?w=500 500w, https:\/\/i0.wp.com\/blogdalucianaoliveira.com.br\/blog\/wp-content\/uploads\/2020\/03\/image-39.jpeg?resize=300%2C144 300w\" sizes=\"auto, (max-width: 500px) 100vw, 500px\" \/><\/figure>\n\n\n\n<p>247 &#8211; A Folha de S.Paulo publicou em sua edi\u00e7\u00e3o deste s\u00e1bado 14 uma frase de Gustavo Bebianno, ex-ministro e ex-coordenador de campanha de Jair Bolsonaro, uma frase dele na se\u00e7\u00e3o \u201cTiroteio\u201d, assinada por Mariana Carneiro e Guilherme Seto.<\/p>\n\n\n\n<!--more-->\n\n\n\n<p>\u201cTodos que tentam trabalhar terminam alvejados pelas costas. O Brasil ainda vai enxergar quem s\u00e3o Bolsonaro e seus filhotes\u201d, disse Bebianno, conforme reproduz a Folha, frase que fica registrada como suas \u00faltimas palavras, uma vez que Bebianno morreu nesta manh\u00e3 v\u00edtima de um infarto.<\/p>\n\n\n\n<figure class=\"wp-block-embed-twitter wp-block-embed is-type-rich is-provider-twitter\"><div class=\"wp-block-embed__wrapper\">\n<blockquote class=\"twitter-tweet\" data-width=\"550\" data-dnt=\"true\"><p lang=\"pt\" dir=\"ltr\">Folha de S\u00e3o Paulo de HOJE. <a href=\"https:\/\/t.co\/zPJ5uP4Qvr\">pic.twitter.com\/zPJ5uP4Qvr<\/a><\/p>&mdash; Augusto de Arruda Botelho (@augustodeAB) <a href=\"https:\/\/twitter.com\/augustodeAB\/status\/1238772676354867201?ref_src=twsrc%5Etfw\">March 14, 2020<\/a><\/blockquote><script async src=\"https:\/\/platform.twitter.com\/widgets.js\" charset=\"utf-8\"><\/script>\n<\/div><\/figure>\n","protected":false},"excerpt":{"rendered":"<p>247 &#8211; A Folha de S.Paulo publicou em sua edi\u00e7\u00e3o deste s\u00e1bado 14 uma frase de Gustavo Bebianno, ex-ministro e ex-coordenador de campanha de Jair Bolsonaro, uma frase dele na se\u00e7\u00e3o \u201cTiroteio\u201d, assinada por Mariana Carneiro e Guilherme Seto.<\/p>\n","protected":false},"author":1,"featured_media":0,"comment_status":"closed","ping_status":"open","sticky":false,"template":"","format":"standard","meta":{"_exactmetrics_skip_tracking":false,"_exactmetrics_sitenote_active":false,"_exactmetrics_sitenote_note":"","_exactmetrics_sitenote_category":0,"jetpack_post_was_ever_published":false,"_jetpack_newsletter_access":"","_jetpack_dont_email_post_to_subs":false,"_jetpack_newsletter_tier_id":0,"_jetpack_memberships_contains_paywalled_content":false,"_jetpack_memberships_contains_paid_content":false,"footnotes":"","jetpack_publicize_message":"","jetpack_publicize_feature_enabled":true,"jetpack_social_post_already_shared":true,"jetpack_social_options":{"image_generator_settings":{"template":"highway","enabled":false},"version":2}},"categories":[1],"tags":[],"class_list":["post-26876","post","type-post","status-publish","format-standard","hentry","category-notas"],"jetpack_publicize_connections":[],"jetpack_sharing_enabled":true,"jetpack_featured_media_url":"","jetpack_shortlink":"https:\/\/wp.me\/p7wKYW-6Zu","jetpack-related-posts":[],"_links":{"self":[{"href":"http:\/\/blogdalucianaoliveira.com.br\/blog\/wp-json\/wp\/v2\/posts\/26876","targetHints":{"allow":["GET"]}}],"collection":[{"href":"http:\/\/blogdalucianaoliveira.com.br\/blog\/wp-json\/wp\/v2\/posts"}],"about":[{"href":"http:\/\/blogdalucianaoliveira.com.br\/blog\/wp-json\/wp\/v2\/types\/post"}],"author":[{"embeddable":true,"href":"http:\/\/blogdalucianaoliveira.com.br\/blog\/wp-json\/wp\/v2\/users\/1"}],"replies":[{"embeddable":true,"href":"http:\/\/blogdalucianaoliveira.com.br\/blog\/wp-json\/wp\/v2\/comments?post=26876"}],"version-history":[{"count":1,"href":"http:\/\/blogdalucianaoliveira.com.br\/blog\/wp-json\/wp\/v2\/posts\/26876\/revisions"}],"predecessor-version":[{"id":26878,"href":"http:\/\/blogdalucianaoliveira.com.br\/blog\/wp-json\/wp\/v2\/posts\/26876\/revisions\/26878"}],"wp:attachment":[{"href":"http:\/\/blogdalucianaoliveira.com.br\/blog\/wp-json\/wp\/v2\/media?parent=26876"}],"wp:term":[{"taxonomy":"category","embeddable":true,"href":"http:\/\/blogdalucianaoliveira.com.br\/blog\/wp-json\/wp\/v2\/categories?post=26876"},{"taxonomy":"post_tag","embeddable":true,"href":"http:\/\/blogdalucianaoliveira.com.br\/blog\/wp-json\/wp\/v2\/tags?post=26876"}],"curies":[{"name":"wp","href":"https:\/\/api.w.org\/{rel}","templated":true}]}}