{"id":26879,"date":"2020-03-14T10:39:08","date_gmt":"2020-03-14T14:39:08","guid":{"rendered":"http:\/\/blogdalucianaoliveira.com.br\/blog\/?p=26879"},"modified":"2020-03-14T10:39:17","modified_gmt":"2020-03-14T14:39:17","slug":"marielle-bolsonaro-e-a-milicia-os-fatos-que-escancaram-o-submundo-do-presidente","status":"publish","type":"post","link":"http:\/\/blogdalucianaoliveira.com.br\/blog\/2020\/03\/14\/marielle-bolsonaro-e-a-milicia-os-fatos-que-escancaram-o-submundo-do-presidente\/","title":{"rendered":"Marielle, Bolsonaro e a mil\u00edcia: os fatos que escancaram o submundo do presidente"},"content":{"rendered":"\n<figure class=\"wp-block-image size-large\"><img loading=\"lazy\" decoding=\"async\" width=\"1242\" height=\"931\" data-attachment-id=\"26880\" data-permalink=\"http:\/\/blogdalucianaoliveira.com.br\/blog\/2020\/03\/14\/marielle-bolsonaro-e-a-milicia-os-fatos-que-escancaram-o-submundo-do-presidente\/image-40-4\/\" data-orig-file=\"https:\/\/i0.wp.com\/blogdalucianaoliveira.com.br\/blog\/wp-content\/uploads\/2020\/03\/image-40.jpeg?fit=1242%2C931\" data-orig-size=\"1242,931\" data-comments-opened=\"0\" data-image-meta=\"{&quot;aperture&quot;:&quot;0&quot;,&quot;credit&quot;:&quot;&quot;,&quot;camera&quot;:&quot;&quot;,&quot;caption&quot;:&quot;&quot;,&quot;created_timestamp&quot;:&quot;1498383668&quot;,&quot;copyright&quot;:&quot;&quot;,&quot;focal_length&quot;:&quot;0&quot;,&quot;iso&quot;:&quot;0&quot;,&quot;shutter_speed&quot;:&quot;0&quot;,&quot;title&quot;:&quot;&quot;,&quot;orientation&quot;:&quot;0&quot;}\" data-image-title=\"image-40\" data-image-description=\"\" data-image-caption=\"\" data-medium-file=\"https:\/\/i0.wp.com\/blogdalucianaoliveira.com.br\/blog\/wp-content\/uploads\/2020\/03\/image-40.jpeg?fit=300%2C225\" data-large-file=\"https:\/\/i0.wp.com\/blogdalucianaoliveira.com.br\/blog\/wp-content\/uploads\/2020\/03\/image-40.jpeg?fit=600%2C450\" src=\"https:\/\/i0.wp.com\/blogdalucianaoliveira.com.br\/blog\/wp-content\/uploads\/2020\/03\/image-40.jpeg?fit=600%2C450\" alt=\"\" class=\"wp-image-26880\" srcset=\"https:\/\/i0.wp.com\/blogdalucianaoliveira.com.br\/blog\/wp-content\/uploads\/2020\/03\/image-40.jpeg?w=1242 1242w, https:\/\/i0.wp.com\/blogdalucianaoliveira.com.br\/blog\/wp-content\/uploads\/2020\/03\/image-40.jpeg?resize=300%2C225 300w, https:\/\/i0.wp.com\/blogdalucianaoliveira.com.br\/blog\/wp-content\/uploads\/2020\/03\/image-40.jpeg?resize=1024%2C768 1024w, https:\/\/i0.wp.com\/blogdalucianaoliveira.com.br\/blog\/wp-content\/uploads\/2020\/03\/image-40.jpeg?resize=768%2C576 768w, https:\/\/i0.wp.com\/blogdalucianaoliveira.com.br\/blog\/wp-content\/uploads\/2020\/03\/image-40.jpeg?resize=400%2C300 400w\" sizes=\"auto, (max-width: 600px) 100vw, 600px\" \/><\/figure>\n\n\n\n<h2 class=\"wp-block-heading\">Dois anos ap\u00f3s da morte da vereadora, investiga\u00e7\u00f5es exp\u00f5em rela\u00e7\u00f5es de Bolsonaro com criminosos<\/h2>\n\n\n\n<!--more-->\n\n\n\n<p>Igor Carvalho<\/p>\n\n\n\n<p>Brasil de Fato | S\u00e3o Paulo (SP) |<\/p>\n\n\n\n<p>Neste s\u00e1bado (14), a execu\u00e7\u00e3o da vereadora Marielle Franco (PSOL)&nbsp;e de seu motorista, Anderson Gomes, completa dois anos. Neste per\u00edodo, a apura\u00e7\u00e3o do crime avan\u00e7ou em alguns aspectos, mesmo que lentamente. No mapa da investiga\u00e7\u00e3o, ainda que de forma confusa, milicianos das for\u00e7as de seguran\u00e7a e pol\u00edticos do Rio de Janeiro figuram como suspeitos. Uma leitura atenta sobre os nomes divulgados, revela a rela\u00e7\u00e3o intr\u00ednseca dos acusados com a fam\u00edlia Bolsonaro.<\/p>\n\n\n\n<p>Desde 14 de mar\u00e7o de 2019, o policial reformado&nbsp;<a href=\"https:\/\/www.brasildefato.com.br\/2020\/03\/10\/ronnie-lessa-e-elcio-queiroz-vao-a-juri-popular-pela-morte-de-marielle-e-anderson\">Ronnie Lessa e o ex-policial militar \u00c9lcio Queiroz<\/a>est\u00e3o detidos, acusados de serem os executores de Marielle Franco. No dia 26 de outubro do mesmo ano, em seu \u00faltimo ato \u00e0 frente da Procuradoria Geral da Rep\u00fablica (PGR), Raquel Dodge apresentou uma den\u00fancia ao Superior Tribunal de Justi\u00e7a (STJ) apontando&nbsp;<a href=\"https:\/\/www.brasildefato.com.br\/2019\/10\/09\/bolsonaro-da-passaporte-diplomatico-a-parentes-de-suspeito-da-morte-de-marielle\">Domingos In\u00e1cio Braz\u00e3o<\/a>, ex-deputado e conselheiro do Tribunal de Contas do Rio de Janeiro, como mandante do assassinato da vereadora.<\/p>\n\n\n\n<p>Essa primeira informa\u00e7\u00e3o,&nbsp;<a href=\"https:\/\/www.brasildefato.com.br\/2019\/03\/12\/ainda-nao-responderam-o-mais-importante-quem-mandou-matar-marielle-pergunta-viuva\">da pris\u00e3o dos suspeitos<\/a>, j\u00e1 fez o pa\u00eds atentar para a rela\u00e7\u00e3o entre os milicianos, o assassinato de Marielle Franco e o presidente Jair Bolsonaro (sem partido). Lessa \u00e9 vizinho do presidente no condom\u00ednio Vivendas da Barra, na Barra da Tijuca, zona oeste do Rio de Janeiro. Nas redes sociais, \u00c9lcio Queiroz exalta o mandat\u00e1rio brasileiro e exp\u00f5e fotos com ele.<\/p>\n\n\n\n<p><a href=\"https:\/\/www.brasildefato.com.br\/2019\/10\/09\/bolsonaro-da-passaporte-diplomatico-a-parentes-de-suspeito-da-morte-de-marielle\"><strong>::Bolsonaro d\u00e1 passaporte diplom\u00e1tico a parentes de suspeito da morte de Marielle::<\/strong><\/a><\/p>\n\n\n\n<p><strong>Federaliza\u00e7\u00e3o<\/strong><\/p>\n\n\n\n<p>Na mesma ocasi\u00e3o da den\u00fancia contra Braz\u00e3o, Dodge recomendou que o caso fosse&nbsp;federalizado. Isso significa que a investiga\u00e7\u00e3o sairia das m\u00e3os da Pol\u00edcia Civil e do Minist\u00e9rio P\u00fablico do Estado do Rio de Janeiro (MPRJ) e iria para a Pol\u00edcia Federal (PF). A federaliza\u00e7\u00e3o do processo \u00e9 uma reivindica\u00e7\u00e3o antiga da fam\u00edlia de Marielle Franco. Por\u00e9m, com a chegada&nbsp;Bolsonaro \u00e0 presid\u00eancia, os parentes da vereadora mudaram de ideia.<\/p>\n\n\n\n<p>\u201cAcreditamos que [o&nbsp;ministro da Justi\u00e7a e Seguran\u00e7a P\u00fablica] S\u00e9rgio Moro contribuir\u00e1 muito mais se ele permanecer afastado das apura\u00e7\u00f5es\u201d, afirmou a fam\u00edlia em nota divulgada \u00e0 imprensa. \u201cO Minist\u00e9rio P\u00fablico do estado do Rio de Janeiro obteve avan\u00e7os importantes e por isso somos favor\u00e1veis a que a institui\u00e7\u00e3o permane\u00e7a respons\u00e1vel pela elucida\u00e7\u00e3o do caso.\u201d<\/p>\n\n\n\n<p>\u00c0 \u00e9poca da den\u00fancia de Dodge, o chefe do Departamento Geral de Homic\u00eddios e Prote\u00e7\u00e3o \u00e0 Pessoa (DGHPP), o delegado Ant\u00f4nio Ricardo Nunes, respons\u00e1vel pela investiga\u00e7\u00e3o da Pol\u00edcia Civil, n\u00e3o descartou a possibilidade de que Braz\u00e3o seja o mandante do crime. \u201cEssa \u00e9 uma linha de investiga\u00e7\u00e3o que n\u00f3s seguiremos tamb\u00e9m\u201d, declarou o agente.<\/p>\n\n\n\n<figure class=\"wp-block-image\"><img data-recalc-dims=\"1\" decoding=\"async\" src=\"https:\/\/i0.wp.com\/cdn.brasildefato.com.br\/media\/f1d74341adb5af6ebebb02aab9a9ad0b.jpg?w=600&#038;ssl=1\" alt=\"\"\/><\/figure>\n\n\n\n<p><br>Arte: Fernando Bertolo\/Brasil de Fato<\/p>\n\n\n\n<p>\u00c9 o mandante?<\/p>\n\n\n\n<p>Os investigadores se aproximaram de Domingos Braz\u00e3o ap\u00f3s intercepta\u00e7\u00f5es feitas pela Pol\u00edcia Federal no telefone do miliciano Jorge Alberto Moreth, o Beto Bomba. Em di\u00e1logo com o vereador Marcello Siciliano (PHS), que ocorreu em 8 de fevereiro de 2019, divulgado pelo UOL, o miliciano&nbsp;afirma que Braz\u00e3o \u00e9 o mandante do crime e que teria pago R$ 500 mil pela execu\u00e7\u00e3o da vereadora.<\/p>\n\n\n\n<p>&#8220;S\u00f3 que o Sr. Braz\u00e3o veio aqui fazer um pedido para um dos nossos aqui, que fez contato com o pessoal do Escrit\u00f3rio do Crime, fora do Adriano [da N\u00f3brega], sem consentimento do Adriano. Os moleques foram l\u00e1, montaram uma cabrazinha, fizeram o trabalho de casa, tudo bonitinho, ba-ba-ba, escoltaram, esperaram, papa-pa, pa-pa-pa pum. Foram l\u00e1 e tacaram fogo nela [Marielle]&#8221;, afirma Beto Bomba, na conversa com Siciliano.<\/p>\n\n\n\n<p>Empres\u00e1rio da constru\u00e7\u00e3o civil e cumprindo seu primeiro mandato na C\u00e2mara Municipal do Rio de Janeiro, Marcello Siciliano se elegeu em 2016,&nbsp;com vota\u00e7\u00e3o expressiva na zona oeste do munic\u00edpio, em regi\u00f5es controladas pelas mil\u00edcias, como Rio das Pedras.<\/p>\n\n\n\n<p>Em dezembro de 2018, a C\u00e2mara Municipal aprovou um projeto de Marcello Siciliano, em parceria com os vereadores Felipe Michel (PSDB) e Inaldo Silva (PRB), que autorizava a Igreja Batista Atitude, na Barra da Tijuca, a construir uma templo novo e maior, que j\u00e1 foi inaugurado. A igreja \u00e9 frequentada por Michelle Bolsonaro e Jair Bolsonaro, que receberam, inclusive, uma festa de despedida dos fieis quando foram morar em Bras\u00edlia.<\/p>\n\n\n\n<p>Em relat\u00f3rio da Pol\u00edcia Federal, o miliciano Rodrigo Jorge Ferreira, o Ferreirinha, que tamb\u00e9m foi interceptado pela PF, fala sobre a disputa eleitoral na regi\u00e3o da Barra da Tijuca como uma poss\u00edvel motiva\u00e7\u00e3o de Braz\u00e3o para matar Marielle Franco.<\/p>\n\n\n\n<p>\u201cA mesma an\u00e1lise d\u00e1 conta de outra disputa territorial: observou-se proximidade entre as zonas eleitorais onde Marielle Franco e Chiquinho Braz\u00e3o [irm\u00e3o mais velho de Domingos] obtiveram a maioria de votos\u201d, aponta o relat\u00f3rio. Ainda de acordo com o documento, o conselheiro do TCE \u00e9 pr\u00f3ximo dos milicianos.<\/p>\n\n\n\n<p>Chiquinho Braz\u00e3o, hoje deputado federal pelo Avante, que \u00e9 s\u00f3cio do irm\u00e3o em uma rede de postos de gasolina,&nbsp;<a href=\"https:\/\/www.brasildefato.com.br\/2019\/10\/09\/bolsonaro-da-passaporte-diplomatico-a-parentes-de-suspeito-da-morte-de-marielle\">recebeu do governo de Jair Bolsonaro tr\u00eas passaportes diplom\u00e1ticos<\/a>, em mar\u00e7o de 2019. De acordo com as revela\u00e7\u00f5es feitas pelo&nbsp;<strong>Brasil de Fato<\/strong>, o benef\u00edcio foi concedido ao parlamentar, \u00e0 Dalila Maria de Moraes Braz\u00e3o, sua esposa, e a Jo\u00e3o Vitor de Moraes Braz\u00e3o, seu filho.<\/p>\n\n\n\n<p>Em outro trecho do texto, o delegado da PF Leandro Almada, que assina o relat\u00f3rio, n\u00e3o hesita em apontar o conselheiro do TCE como respons\u00e1vel pela execu\u00e7\u00e3o. \u201cDomingos In\u00e1cio Braz\u00e3o \u00e9, efetivamente, por outros dados e informa\u00e7\u00f5es que dispomos, o principal suspeito de ser o autor intelectual dos crimes contra Marielle e Anderson.\u201d<\/p>\n\n\n\n<blockquote class=\"wp-block-quote is-layout-flow wp-block-quote-is-layout-flow\"><p>&nbsp;<\/p><p><em><strong>Domingos In\u00e1cio Braz\u00e3o \u00e9, efetivamente, por outros dados e informa\u00e7\u00f5es que dispomos, o principal suspeito de ser o autor intelectual dos crimes contra Marielle e Anderson.<\/strong><\/em>&nbsp;<\/p><\/blockquote>\n\n\n\n<p>Na intercepta\u00e7\u00e3o telef\u00f4nica feita pela PF, o miliciano Beto Bomba aponta outros executores para o assassinato de Marielle: Edmilson Gomes Menezes, o Macaquinho, Leonardo Gouveia da Silva, o Mad, e Leonardo Luccas Pereira, o Lel\u00e9o. O major da Pol\u00edcia Militar Ronald Alves Pereira teria comandado a opera\u00e7\u00e3o.<\/p>\n\n\n\n<p>Um m\u00eas ap\u00f3s a conversa, Ronnie Lessa e \u00c9lico Queiroz foram presos no Rio de Janeiro. Para o MPRJ e a Pol\u00edcia Civil, a dupla \u00e9 respons\u00e1vel pela execu\u00e7\u00e3o da vereadora psolista no dia 14 de mar\u00e7o de 2018. Os dois negam a autoria do crime, mas seguem presos e ir\u00e3o \u00e0 j\u00fari popular.<\/p>\n\n\n\n<figure class=\"wp-block-image\"><img data-recalc-dims=\"1\" decoding=\"async\" src=\"https:\/\/i0.wp.com\/cdn.brasildefato.com.br\/media\/5619de1c5cfc203f64520eb52c80286b.jpg?w=600&#038;ssl=1\" alt=\"\"\/><\/figure>\n\n\n\n<p><br>Bolsonaro se re\u00fane com grupo de policiais em sua resid\u00eancia ap\u00f3s a elei\u00e7\u00e3o em 2018 \/ Reprodu\u00e7\u00e3o\/Instagram<\/p>\n\n\n\n<p>Escrit\u00f3rio do Crime e Bolsonaro<\/p>\n\n\n\n<p>Ronnie Lessa, \u00c9lcio Queiroz, Mad, Lel\u00e9o e Macaquinho est\u00e3o no cat\u00e1logo de matadores de aluguel do Escrit\u00f3rio do Crime, grupo de agentes das for\u00e7as de seguran\u00e7a&nbsp;que atuam na regi\u00e3o de Rio das Pedras, zona oeste do Rio de Janeiro, h\u00e1 pelo menos 20 anos. Citado por Beto Bomba, Adriano Magalh\u00e3es da N\u00f3brega, ex-oficial do Bope, \u00e9 apontado como chefe da organiza\u00e7\u00e3o criminosa.<\/p>\n\n\n\n<p><a href=\"https:\/\/www.brasildefato.com.br\/2020\/02\/11\/familia-bolsonaro-deve-explicacoes-sobre-miliciano-assassinado-defende-freixo\">Assassinado no dia 9 de fevereiro deste ano<\/a>, ap\u00f3s uma opera\u00e7\u00e3o policial que tentava captur\u00e1-lo na Bahia, depois de um ano foragido,&nbsp;Adriano da N\u00f3brega \u00e9 figura-chave para compreender diversos crimes, mas tamb\u00e9m para entender a rela\u00e7\u00e3o do cl\u00e3 Bolsonaro com as mil\u00edcias&nbsp;cariocas.<\/p>\n\n\n\n<p>O advogado do ex-agente do Bope, Paulo Em\u00edlio Catta Preta, em entrevista ao<em>&nbsp;Globo<\/em>, levantou a possibilidade de que seu cliente tenha morrido por saber demais. Por\u00e9m, n\u00e3o especificou os segredos de N\u00f3brega. &#8220;Ele me disse assim: &#8216;doutor, ningu\u00e9m est\u00e1 aqui para me prender. Eles querem me matar. Se me prenderem, v\u00e3o matar na pris\u00e3o. Tenho certeza que v\u00e3o me matar por queima de arquivo&#8217;. Palavras dele&#8221;, afirmou o defensor.<\/p>\n\n\n\n<p>Com Adriano, foram apreendidos 13 celulares, que est\u00e3o com a Pol\u00edcia Civil do Rio de Janeiro, mas que ainda n\u00e3o foram periciados. N\u00f3brega j\u00e1 havia sido citado no notici\u00e1rio, pois \u00e9 apontado pelo MPRJ como benefici\u00e1rio do&nbsp;<a href=\"https:\/\/www.brasildefato.com.br\/2019\/12\/20\/flavio-bolsonaro-lavou-mais-de-rdollar-2-milhoes-em-imoveis-e-loja-de-chocolate\">esquema de \u201crachadinha\u201d no gabinete do ent\u00e3o deputado estadual Fl\u00e1vio Bolsonaro<\/a>, filho de Jair Bolsonaro, que hoje \u00e9 senador da Rep\u00fablica.<\/p>\n\n\n\n<p>\u00c9 chamado de \u201crachadinha\u201d&nbsp;um&nbsp;esquema que ocorre quando funcion\u00e1rios do gabinete de um parlamentar repassam parte de seus sal\u00e1rios para o pol\u00edtico.<\/p>\n\n\n\n<p>O Minist\u00e9rio P\u00fablico&nbsp;usou&nbsp;informa\u00e7\u00f5es do Conselho de Controle de Atividades Financeiras (Coaf)&nbsp;para indicar que Fabr\u00edcio Queiroz, enquanto era assessor no gabinete de Fl\u00e1vio Bolsonaro, teria recebido R$ 2 milh\u00f5es em sua conta, divididos em 483 dep\u00f3sitos.<\/p>\n\n\n\n<p>No mesmo mandato na Assembleia Legislativa do Rio de Janeiro (Alerj), trabalharam a ex-esposa e a m\u00e3e de N\u00f3brega, Danielle Mendon\u00e7a da Costa e Raimunda Veras Magalh\u00e3es, respectivamente.&nbsp;Elas receberam um total de R$ 1.029.042,48 em sal\u00e1rios e repassaram R$ 203 mil para Fabr\u00edcio Queiroz, respeitando o esquema estabelecido no gabinete para beneficiar o parlamentar, de acordo com a den\u00fancia do MPE.<\/p>\n\n\n\n<p>Ao todo, Queiroz movimentou R$ 7 milh\u00f5es em tr\u00eas anos. Entre janeiro de 2016 e janeiro de 2017, o ex-assessor de Fl\u00e1vio Bolsonaro fez diversos dep\u00f3sitos e saques que somam R$ 1,2 milh\u00e3o. Um dos dep\u00f3sitos, de R$ 24 mil, foi feito na conta da primeira dama Michelle Bolsonaro, no ano de 2016.<\/p>\n\n\n\n<p>Questionado sobre o&nbsp;repasse&nbsp;\u00e0 sua esposa, Jair Bolsonaro informou que fez um empr\u00e9stimo a Queiroz e o dep\u00f3sito seria parte do pagamento. O presidente lembrou, em entrevista, que \u00e9 amigo do ex-assessor do filho desde 1984.<\/p>\n\n\n\n<p>A amizade tamb\u00e9m \u00e9 a natureza da rela\u00e7\u00e3o entre Adriano da N\u00f3brega e Queiroz, que se conhecem desde 2003, quando serviram juntos no 18\u00ba Batalh\u00e3o da Pol\u00edcia Militar do Rio de Janeiro (PMRJ). Justamente neste,&nbsp;<a href=\"https:\/\/www.brasildefatorj.com.br\/2019\/01\/22\/proximidade-da-familia-bolsonaro-com-milicianos-nao-e-novidade\">N\u00f3brega recebeu a primeira homenagem de Fl\u00e1vio Bolsonaro na Alerj<\/a>. A segunda viria em 2005, ano em que o ex-agente do Bope foi julgado e condenado por um j\u00fari popular, por conta de um homic\u00eddio. O miliciano n\u00e3o compareceu \u00e0 premia\u00e7\u00e3o por estar preso.<\/p>\n\n\n\n<p>Durante o seu julgamento, N\u00f3brega recebeu um apoio importante, do ent\u00e3o&nbsp;deputado federal&nbsp;Jair Bolsonaro. Ap\u00f3s a audi\u00eancia que culminou na condena\u00e7\u00e3o do miliciano, o atual presidente da Rep\u00fablica foi at\u00e9 a tribuna da C\u00e2mara dos Deputados e defendeu o militar. \u201cEle sempre foi um brilhante oficial\u201d.<\/p>\n\n\n\n<p>Em 2007, N\u00f3brega recorreu da decis\u00e3o e foi inocentado. Em 2013, foi expulso da PM, por conta de seu envolvimento com o jogo do bicho.<\/p>\n\n\n\n<p>Outro importante personagem do Escrit\u00f3rio do Crime, o major Ronald Paulo Alves, apontado por Beto Bomba como respons\u00e1vel por organizar o grupo de assassinos que executariam Marielle Franco e Anderson Gomes, tamb\u00e9m foi homenageado por Fl\u00e1vio Bolsonaro na Alerj.<\/p>\n\n\n\n<p>Em 2004, o filho do presidente celebrou uma a\u00e7\u00e3o comandada por Alves que terminou com tr\u00eas mortes. Um ano antes, em 2003, o major teria participado da chacina de cinco jovens dentro da da boate Via Show, em S\u00e3o Jo\u00e3o de Meriti. Quatro policiais j\u00e1 foram condenados pelo caso e somente o agente condecorado por Fl\u00e1vio Bolsonaro ainda n\u00e3o foi julgado.<\/p>\n\n\n\n<p>No \u00faltimo dia 15 de fevereiro, ap\u00f3s a morte de N\u00f3brega, Bolsonaro foi interpelado sobre sua rela\u00e7\u00e3o com milicianos e negou qualquer&nbsp;v\u00ednculo. &#8220;Eu n\u00e3o conhe\u00e7o a mil\u00edcia no Rio de Janeiro. Desconhe\u00e7o. N\u00e3o existe nenhuma liga\u00e7\u00e3o minha com a mil\u00edcia do Rio de Janeiro&#8221;, afirmou.<\/p>\n\n\n\n<p>Edi\u00e7\u00e3o: Rodrigo Chagas<\/p>\n","protected":false},"excerpt":{"rendered":"<p>Dois anos ap\u00f3s da morte da vereadora, investiga\u00e7\u00f5es exp\u00f5em rela\u00e7\u00f5es de Bolsonaro com criminosos<\/p>\n","protected":false},"author":1,"featured_media":0,"comment_status":"closed","ping_status":"open","sticky":false,"template":"","format":"standard","meta":{"_exactmetrics_skip_tracking":false,"_exactmetrics_sitenote_active":false,"_exactmetrics_sitenote_note":"","_exactmetrics_sitenote_category":0,"jetpack_post_was_ever_published":false,"_jetpack_newsletter_access":"","_jetpack_dont_email_post_to_subs":false,"_jetpack_newsletter_tier_id":0,"_jetpack_memberships_contains_paywalled_content":false,"_jetpack_memberships_contains_paid_content":false,"footnotes":"","jetpack_publicize_message":"","jetpack_publicize_feature_enabled":true,"jetpack_social_post_already_shared":true,"jetpack_social_options":{"image_generator_settings":{"template":"highway","enabled":false},"version":2}},"categories":[1],"tags":[],"class_list":["post-26879","post","type-post","status-publish","format-standard","hentry","category-notas"],"jetpack_publicize_connections":[],"jetpack_sharing_enabled":true,"jetpack_featured_media_url":"","jetpack_shortlink":"https:\/\/wp.me\/p7wKYW-6Zx","jetpack-related-posts":[],"_links":{"self":[{"href":"http:\/\/blogdalucianaoliveira.com.br\/blog\/wp-json\/wp\/v2\/posts\/26879","targetHints":{"allow":["GET"]}}],"collection":[{"href":"http:\/\/blogdalucianaoliveira.com.br\/blog\/wp-json\/wp\/v2\/posts"}],"about":[{"href":"http:\/\/blogdalucianaoliveira.com.br\/blog\/wp-json\/wp\/v2\/types\/post"}],"author":[{"embeddable":true,"href":"http:\/\/blogdalucianaoliveira.com.br\/blog\/wp-json\/wp\/v2\/users\/1"}],"replies":[{"embeddable":true,"href":"http:\/\/blogdalucianaoliveira.com.br\/blog\/wp-json\/wp\/v2\/comments?post=26879"}],"version-history":[{"count":1,"href":"http:\/\/blogdalucianaoliveira.com.br\/blog\/wp-json\/wp\/v2\/posts\/26879\/revisions"}],"predecessor-version":[{"id":26881,"href":"http:\/\/blogdalucianaoliveira.com.br\/blog\/wp-json\/wp\/v2\/posts\/26879\/revisions\/26881"}],"wp:attachment":[{"href":"http:\/\/blogdalucianaoliveira.com.br\/blog\/wp-json\/wp\/v2\/media?parent=26879"}],"wp:term":[{"taxonomy":"category","embeddable":true,"href":"http:\/\/blogdalucianaoliveira.com.br\/blog\/wp-json\/wp\/v2\/categories?post=26879"},{"taxonomy":"post_tag","embeddable":true,"href":"http:\/\/blogdalucianaoliveira.com.br\/blog\/wp-json\/wp\/v2\/tags?post=26879"}],"curies":[{"name":"wp","href":"https:\/\/api.w.org\/{rel}","templated":true}]}}