{"id":26882,"date":"2020-03-14T10:45:37","date_gmt":"2020-03-14T14:45:37","guid":{"rendered":"http:\/\/blogdalucianaoliveira.com.br\/blog\/?p=26882"},"modified":"2020-03-14T10:45:48","modified_gmt":"2020-03-14T14:45:48","slug":"dois-anos-depois-e-preciso-relembrar-que-a-morte-de-marielle-franco-nao-foi-em-vao","status":"publish","type":"post","link":"http:\/\/blogdalucianaoliveira.com.br\/blog\/2020\/03\/14\/dois-anos-depois-e-preciso-relembrar-que-a-morte-de-marielle-franco-nao-foi-em-vao\/","title":{"rendered":"Dois anos depois, \u00e9 preciso relembrar que a morte de Marielle Franco n\u00e3o foi em v\u00e3o"},"content":{"rendered":"\n<figure class=\"wp-block-image size-large\"><img loading=\"lazy\" decoding=\"async\" width=\"1000\" height=\"1200\" data-attachment-id=\"26883\" data-permalink=\"http:\/\/blogdalucianaoliveira.com.br\/blog\/2020\/03\/14\/dois-anos-depois-e-preciso-relembrar-que-a-morte-de-marielle-franco-nao-foi-em-vao\/37720841-4a2c-47b9-8c0a-75bcb8261ffc\/\" data-orig-file=\"https:\/\/i0.wp.com\/blogdalucianaoliveira.com.br\/blog\/wp-content\/uploads\/2020\/03\/37720841-4A2C-47B9-8C0A-75BCB8261FFC.jpeg?fit=1000%2C1200\" data-orig-size=\"1000,1200\" data-comments-opened=\"0\" data-image-meta=\"{&quot;aperture&quot;:&quot;0&quot;,&quot;credit&quot;:&quot;&quot;,&quot;camera&quot;:&quot;&quot;,&quot;caption&quot;:&quot;&quot;,&quot;created_timestamp&quot;:&quot;0&quot;,&quot;copyright&quot;:&quot;&quot;,&quot;focal_length&quot;:&quot;0&quot;,&quot;iso&quot;:&quot;0&quot;,&quot;shutter_speed&quot;:&quot;0&quot;,&quot;title&quot;:&quot;&quot;,&quot;orientation&quot;:&quot;0&quot;}\" data-image-title=\"37720841-4A2C-47B9-8C0A-75BCB8261FFC\" data-image-description=\"\" data-image-caption=\"\" data-medium-file=\"https:\/\/i0.wp.com\/blogdalucianaoliveira.com.br\/blog\/wp-content\/uploads\/2020\/03\/37720841-4A2C-47B9-8C0A-75BCB8261FFC.jpeg?fit=250%2C300\" data-large-file=\"https:\/\/i0.wp.com\/blogdalucianaoliveira.com.br\/blog\/wp-content\/uploads\/2020\/03\/37720841-4A2C-47B9-8C0A-75BCB8261FFC.jpeg?fit=600%2C720\" src=\"https:\/\/i2.wp.com\/blogdalucianaoliveira.com.br\/blog\/wp-content\/uploads\/2020\/03\/37720841-4A2C-47B9-8C0A-75BCB8261FFC.jpeg?fit=600%2C720\" alt=\"\" class=\"wp-image-26883\" srcset=\"https:\/\/i0.wp.com\/blogdalucianaoliveira.com.br\/blog\/wp-content\/uploads\/2020\/03\/37720841-4A2C-47B9-8C0A-75BCB8261FFC.jpeg?w=1000 1000w, https:\/\/i0.wp.com\/blogdalucianaoliveira.com.br\/blog\/wp-content\/uploads\/2020\/03\/37720841-4A2C-47B9-8C0A-75BCB8261FFC.jpeg?resize=250%2C300 250w, https:\/\/i0.wp.com\/blogdalucianaoliveira.com.br\/blog\/wp-content\/uploads\/2020\/03\/37720841-4A2C-47B9-8C0A-75BCB8261FFC.jpeg?resize=853%2C1024 853w, https:\/\/i0.wp.com\/blogdalucianaoliveira.com.br\/blog\/wp-content\/uploads\/2020\/03\/37720841-4A2C-47B9-8C0A-75BCB8261FFC.jpeg?resize=768%2C922 768w\" sizes=\"auto, (max-width: 600px) 100vw, 600px\" \/><\/figure>\n\n\n\n<p>Fica cada vez mais distante a busca de uma luta organizada para chegarmos \u00e0 clarifica\u00e7\u00e3o deste crime, que possivelmente exporia as rela\u00e7\u00f5es entre governo, pol\u00edcia e redes criminosas no Rio.<\/p>\n\n\n\n<!--more-->\n\n\n\n<p>No El Pa\u00eds<\/p>\n\n\n\n<p><a href=\"https:\/\/brasil.elpais.com\/autor\/eliana_sousa_silva\/a\/\">ELIANA SOUSA SILVA<\/a><\/p>\n\n\n\n<p>Mar\u00e7o evoca, al\u00e9m de suas \u00e1guas que tudo levam \u2014como uma vez escreveu o compositor Tom Jobim\u2015&nbsp;<a href=\"https:\/\/brasil.elpais.com\/opiniao\/2020-02-12\/precisamos-saber-quem-esta-no-poder.html\" target=\"_blank\" rel=\"noreferrer noopener\">acontecimentos que n\u00e3o podem e n\u00e3o devem ser apagados ou esquecidos<\/a>. S\u00e3o acontecimentos que nos convidam a refletir, a todo o momento, sobre&nbsp;<a href=\"https:\/\/brasil.elpais.com\/cultura\/2020-03-07\/contra-a-barbarie-globo-lanca-documentario-sobre-marielle.html\" target=\"_blank\" rel=\"noreferrer noopener\">como lidamos com processos hist\u00f3ricos<\/a>&nbsp;estruturantes no campo da pol\u00edtica, dos direitos fundamentais e da exist\u00eancia em um mundo que nos desafia todos os dias.&nbsp;<\/p>\n\n\n\n<p>No plano global, mar\u00e7o demarca a import\u00e2ncia de olharmos para as quest\u00f5es que estruturam a&nbsp;<a href=\"https:\/\/brasil.elpais.com\/brasil\/2020-02-18\/jair-bolsonaro-retoma-credencial-machista-com-insinuacao-sexual-contra-jornalista.html\" target=\"_blank\" rel=\"noreferrer noopener\">desigualdade de g\u00eanero mundo afora<\/a>. Um momento que pode ser \u2014embora n\u00e3o somente\u2014 relevante para visibilizar de forma positiva o conjunto de lutas e conquistas travadas diariamente pelas mulheres, em todas as suas potencias e possibilidades.&nbsp;<\/p>\n\n\n\n<p>H\u00e1 no Brasil, no entanto, um fato que marca este m\u00eas de forma dolorosa: foi em mar\u00e7o de 1964 que\u00a0<a rel=\"noreferrer noopener\" href=\"https:\/\/brasil.elpais.com\/tag\/dictadura_brasilena\/a\/\" target=\"_blank\">aconteceu o golpe militar<\/a>\u00a0de Estado.<\/p>\n\n\n\n<p>Um momento da nossa hist\u00f3ria que precisa ser fortemente lembrado e reconhecido, pelo grave atentado contra toda uma sociedade, que foi\u00a0<a rel=\"noreferrer noopener\" href=\"https:\/\/brasil.elpais.com\/brasil\/2019\/11\/26\/politica\/1574785901_729738.html\" target=\"_blank\">cerceada em seus direitos b\u00e1sicos como a liberdade de express\u00e3o<\/a>. Al\u00e9m disso, milhares de indiv\u00edduos tiveram a pr\u00f3pria vida ceifada por\u00a0<a rel=\"noreferrer noopener\" href=\"https:\/\/brasil.elpais.com\/cultura\/2020-01-27\/caetano-veloso-nunca-achei-que-fosse-ver-tamanho-retrocesso-enquanto-estivesse-vivo.html\" target=\"_blank\">n\u00e3o concordar com atrocidades cometidas<\/a>.<\/p>\n\n\n\n<p>\u00c9 um per\u00edodo nefasto da nossa hist\u00f3ria, onde a persegui\u00e7\u00e3o, pris\u00e3o e tortura de muitos cidad\u00e3os deixou marcas profundas e eternas nos planos objetivos e subjetivos destas vidas e de seus familiares. Por esta e tantas outras raz\u00f5es, \u00e9 inconceb\u00edvel aceitarmos\u00a0<a rel=\"noreferrer noopener\" href=\"https:\/\/brasil.elpais.com\/opiniao\/2020-02-26\/o-golpe-de-bolsonaro-esta-em-curso.html\" target=\"_blank\">um momento de deteoriza\u00e7\u00e3o vertiginosa da democracia<\/a>, pela qual tanto lutamos para estabelecer como regime. \u00c9 vergonhoso observar o processo em curso \u2014<a rel=\"noreferrer noopener\" href=\"https:\/\/brasil.elpais.com\/brasil\/2019\/11\/22\/politica\/1574424459_017981.html\" target=\"_blank\">orquestrado por parte de certos grupos<\/a>\u2014 de cerceamento dos direitos b\u00e1sicos conquistados no pa\u00eds, fatos que causam repugn\u00e2ncia quando vislumbramos as consequ\u00eancias que atentam contra os direitos da popula\u00e7\u00e3o brasileira.<\/p>\n\n\n\n<p>O&nbsp;<a href=\"https:\/\/brasil.elpais.com\/noticias\/rio-de-janeiro\/\" target=\"_blank\" rel=\"noreferrer noopener\">Rio de Janeiro<\/a>&nbsp;\u2014conhecido solo f\u00e9rtil para gerar e aprofundar v\u00edcios e pr\u00e1ticas consideradas nocivas \u00e0 vida p\u00fablica\u2014 tem visto a preserva\u00e7\u00e3o e a garantia dos direitos da popula\u00e7\u00e3o&nbsp;<a href=\"https:\/\/brasil.elpais.com\/brasil\/2019\/08\/11\/opinion\/1565558361_095370.html\" target=\"_blank\" rel=\"noreferrer noopener\">decair em uma espiral sem fim<\/a>, no que tange o controle das viol\u00eancias e das redes criminosas que j\u00e1 ocupam diferentes inst\u00e2ncias de poder.&nbsp;<\/p>\n\n\n\n<p>\u00c9 nesse cen\u00e1rio que mar\u00e7o derrama novamente suas \u00e1guas pesadas quando, em 2018, as circunst\u00e2ncias do&nbsp;<a href=\"https:\/\/brasil.elpais.com\/noticias\/caso-marielle-franco\/\" target=\"_blank\" rel=\"noreferrer noopener\">assassinato da vereadora Marielle Franco<\/a>&nbsp;rompem todos os limites \u00e9ticos aos direitos humanos. A not\u00edcia exp\u00f5e a gravidade das rela\u00e7\u00f5es esp\u00farias que vem sendo geridas, numa linha temporal, perpassando in\u00fameras gest\u00f5es de governadores e prefeitos que fazem parte desse estado.&nbsp;<\/p>\n\n\n\n<p>Dois anos ap\u00f3s esse crime b\u00e1rbaro, uma pergunta insistente e indigesta continua a desestabilizar o cotidiano: quem mandou matar a vereadora Marielle Franco e, como consequ\u00eancia, o motorista Anderson Gomes? Como olhar de forma passiva para governantes, parlamentares e gestores das pol\u00edticas p\u00fablicas depois de um assassinato que&nbsp;<a href=\"https:\/\/brasil.elpais.com\/brasil\/2020-02-15\/o-policial-criminoso-que-levou-para-o-tumulo-os-segredos-do-submundo-do-rio-de-janeiro.html\" target=\"_blank\" rel=\"noreferrer noopener\">escancara a fragilidade e a profundidade de um pa\u00eds que n\u00e3o esclarece seus crimes<\/a>, principalmente aqueles que atingem grupos de determinados extratos sociais.&nbsp;<\/p>\n\n\n\n<p>Como uma das pessoas cujo o nome se encontrava nas poss\u00edveis listas de buscas na internet realizadas pelo acusado pelo assassinato da vereadora, o&nbsp;<a href=\"https:\/\/brasil.elpais.com\/brasil\/2019\/10\/03\/politica\/1570127144_358301.html\" target=\"_blank\" rel=\"noreferrer noopener\">policial militar reformado Ronnie Lessa<\/a>&nbsp;\u2014divulgadas pelo Minist\u00e9rio P\u00fablico em outro mar\u00e7o, desta vez de 2019\u2014 falo de um lugar completamente desprotegido e exposto. Desde ent\u00e3o, s\u00e3o muitos os questionamentos e d\u00favidas sobre os resultados das investiga\u00e7\u00f5es e para onde ela aponta.&nbsp;<\/p>\n\n\n\n<p>\u00c9 nesse hiato de tempo, dois anos inteiros sem a elucida\u00e7\u00e3o do brutal homic\u00eddio de Marielle Franco e Anderson Gomes, que uma profus\u00e3o de especula\u00e7\u00f5es sobre&nbsp;<a href=\"https:\/\/brasil.elpais.com\/brasil\/2018\/04\/24\/politica\/1524590798_402079.html\" target=\"_blank\" rel=\"noreferrer noopener\">a vida da vereadora e sua atua\u00e7\u00e3o pol\u00edtica<\/a>&nbsp;se fazem presentes; al\u00e9m de toda apropria\u00e7\u00e3o e uso indevido de sua mem\u00f3ria e imagem por toda a sorte de grupos e pessoas. Nesse modo operante, fica evidente que est\u00e1 cada vez mais distante a busca de uma luta organizada para chegarmos \u00e0 clarifica\u00e7\u00e3o deste crime, que possivelmente exporia as rela\u00e7\u00f5es entre governo, pol\u00edcia e redes criminosas no Rio de Janeiro.&nbsp;<\/p>\n\n\n\n<p>Algumas&nbsp;<a href=\"https:\/\/brasil.elpais.com\/brasil\/2018\/12\/14\/politica\/1544807070_057021.html\" target=\"_blank\" rel=\"noreferrer noopener\">organiza\u00e7\u00f5es de direitos humanos, como a Anistia Internacional<\/a>, t\u00eam cobrado de forma sistem\u00e1tica e incans\u00e1vel \u2014<a href=\"https:\/\/brasil.elpais.com\/brasil\/2018\/12\/14\/internacional\/1544788099_760397.html\" target=\"_blank\" rel=\"noreferrer noopener\">bem como a fam\u00edlia de Marielle Franco<\/a>&nbsp;e o partido do qual ela fazia parte\u2014 a responsabiliza\u00e7\u00e3o dos mandantes desse assassinato. Por mais que pese esse esfor\u00e7o, h\u00e1 muitos labirintos e entrelinhas que desconhecemos para que a justi\u00e7a se fa\u00e7a \u2014neste e em muitos ouros crimes nesse pa\u00eds. A n\u00f3s, neste mar\u00e7o de 2020, resta relembrar \u00e0 sociedade um pedido que n\u00e3o deve ser levado com as \u00e1guas nem com o tempo: que a morte dessa parlamentar n\u00e3o seja em v\u00e3o.&nbsp;<\/p>\n\n\n\n<p><em>Eliana Sousa Silva \u00e9 diretora da ONG Redes da Mar\u00e9, pesquisadora em seguran\u00e7a p\u00fablica e professora visitante do Instituto de Estudos Avan\u00e7ados da USP<\/em><\/p>\n","protected":false},"excerpt":{"rendered":"<p>Fica cada vez mais distante a busca de uma luta organizada para chegarmos \u00e0 clarifica\u00e7\u00e3o deste crime, que possivelmente exporia as rela\u00e7\u00f5es entre governo, pol\u00edcia e redes criminosas no Rio.<\/p>\n","protected":false},"author":1,"featured_media":0,"comment_status":"closed","ping_status":"open","sticky":false,"template":"","format":"standard","meta":{"_exactmetrics_skip_tracking":false,"_exactmetrics_sitenote_active":false,"_exactmetrics_sitenote_note":"","_exactmetrics_sitenote_category":0,"jetpack_post_was_ever_published":false,"_jetpack_newsletter_access":"","_jetpack_dont_email_post_to_subs":false,"_jetpack_newsletter_tier_id":0,"_jetpack_memberships_contains_paywalled_content":false,"_jetpack_memberships_contains_paid_content":false,"footnotes":"","jetpack_publicize_message":"","jetpack_publicize_feature_enabled":true,"jetpack_social_post_already_shared":true,"jetpack_social_options":{"image_generator_settings":{"template":"highway","enabled":false},"version":2}},"categories":[1],"tags":[],"class_list":["post-26882","post","type-post","status-publish","format-standard","hentry","category-notas"],"jetpack_publicize_connections":[],"jetpack_sharing_enabled":true,"jetpack_featured_media_url":"","jetpack_shortlink":"https:\/\/wp.me\/p7wKYW-6ZA","jetpack-related-posts":[],"_links":{"self":[{"href":"http:\/\/blogdalucianaoliveira.com.br\/blog\/wp-json\/wp\/v2\/posts\/26882","targetHints":{"allow":["GET"]}}],"collection":[{"href":"http:\/\/blogdalucianaoliveira.com.br\/blog\/wp-json\/wp\/v2\/posts"}],"about":[{"href":"http:\/\/blogdalucianaoliveira.com.br\/blog\/wp-json\/wp\/v2\/types\/post"}],"author":[{"embeddable":true,"href":"http:\/\/blogdalucianaoliveira.com.br\/blog\/wp-json\/wp\/v2\/users\/1"}],"replies":[{"embeddable":true,"href":"http:\/\/blogdalucianaoliveira.com.br\/blog\/wp-json\/wp\/v2\/comments?post=26882"}],"version-history":[{"count":1,"href":"http:\/\/blogdalucianaoliveira.com.br\/blog\/wp-json\/wp\/v2\/posts\/26882\/revisions"}],"predecessor-version":[{"id":26884,"href":"http:\/\/blogdalucianaoliveira.com.br\/blog\/wp-json\/wp\/v2\/posts\/26882\/revisions\/26884"}],"wp:attachment":[{"href":"http:\/\/blogdalucianaoliveira.com.br\/blog\/wp-json\/wp\/v2\/media?parent=26882"}],"wp:term":[{"taxonomy":"category","embeddable":true,"href":"http:\/\/blogdalucianaoliveira.com.br\/blog\/wp-json\/wp\/v2\/categories?post=26882"},{"taxonomy":"post_tag","embeddable":true,"href":"http:\/\/blogdalucianaoliveira.com.br\/blog\/wp-json\/wp\/v2\/tags?post=26882"}],"curies":[{"name":"wp","href":"https:\/\/api.w.org\/{rel}","templated":true}]}}