{"id":26888,"date":"2020-03-15T21:37:40","date_gmt":"2020-03-16T01:37:40","guid":{"rendered":"http:\/\/blogdalucianaoliveira.com.br\/blog\/?p=26888"},"modified":"2020-03-15T21:37:51","modified_gmt":"2020-03-16T01:37:51","slug":"na-cnn-bolsonaro-radicaliza-e-desafia-maia-e-alcolumbre-a-sair-as-ruas","status":"publish","type":"post","link":"http:\/\/blogdalucianaoliveira.com.br\/blog\/2020\/03\/15\/na-cnn-bolsonaro-radicaliza-e-desafia-maia-e-alcolumbre-a-sair-as-ruas\/","title":{"rendered":"Na CNN, Bolsonaro radicaliza e desafia Maia e Alcolumbre a sair \u00e0s ruas"},"content":{"rendered":"\n<figure class=\"wp-block-image size-large\"><img data-recalc-dims=\"1\" loading=\"lazy\" decoding=\"async\" width=\"500\" height=\"240\" data-attachment-id=\"26889\" data-permalink=\"http:\/\/blogdalucianaoliveira.com.br\/blog\/2020\/03\/15\/na-cnn-bolsonaro-radicaliza-e-desafia-maia-e-alcolumbre-a-sair-as-ruas\/image-3-8\/\" data-orig-file=\"https:\/\/i0.wp.com\/blogdalucianaoliveira.com.br\/blog\/wp-content\/uploads\/2020\/03\/image-3.png?fit=500%2C240\" data-orig-size=\"500,240\" data-comments-opened=\"0\" data-image-meta=\"{&quot;aperture&quot;:&quot;0&quot;,&quot;credit&quot;:&quot;&quot;,&quot;camera&quot;:&quot;&quot;,&quot;caption&quot;:&quot;&quot;,&quot;created_timestamp&quot;:&quot;0&quot;,&quot;copyright&quot;:&quot;&quot;,&quot;focal_length&quot;:&quot;0&quot;,&quot;iso&quot;:&quot;0&quot;,&quot;shutter_speed&quot;:&quot;0&quot;,&quot;title&quot;:&quot;&quot;,&quot;orientation&quot;:&quot;0&quot;}\" data-image-title=\"image-3\" data-image-description=\"\" data-image-caption=\"\" data-medium-file=\"https:\/\/i0.wp.com\/blogdalucianaoliveira.com.br\/blog\/wp-content\/uploads\/2020\/03\/image-3.png?fit=300%2C144\" data-large-file=\"https:\/\/i0.wp.com\/blogdalucianaoliveira.com.br\/blog\/wp-content\/uploads\/2020\/03\/image-3.png?fit=500%2C240\" src=\"https:\/\/i0.wp.com\/blogdalucianaoliveira.com.br\/blog\/wp-content\/uploads\/2020\/03\/image-3.png?resize=500%2C240\" alt=\"\" class=\"wp-image-26889\" srcset=\"https:\/\/i0.wp.com\/blogdalucianaoliveira.com.br\/blog\/wp-content\/uploads\/2020\/03\/image-3.png?w=500 500w, https:\/\/i0.wp.com\/blogdalucianaoliveira.com.br\/blog\/wp-content\/uploads\/2020\/03\/image-3.png?resize=300%2C144 300w\" sizes=\"auto, (max-width: 500px) 100vw, 500px\" \/><\/figure>\n\n\n\n<p>247 &#8211; Jair Bolsonaro concedeu entrevista para a emissora de TV CNN Brasil, que iniciou suas atividades neste domingo, 15, mesmo dia das manifesta\u00e7\u00f5es em v\u00e1rias cidades do Pa\u00eds que pediram o fechamento do Congresso Nacional e do Supremo Tribunal Federal (STF).\u00a0<\/p>\n\n\n\n<!--more-->\n\n\n\n<p>Bolsonaro defendeu as manifesta\u00e7\u00f5es antidemocr\u00e1ticas, se eximindo de responsabilidade sobre elas. \u201cEsse movimento n\u00e3o foi de iniciativa minha, foi da popula\u00e7\u00e3o cansada de desmandos\u201d, afirmou.&nbsp;<\/p>\n\n\n\n<p>O ex-capit\u00e3o desafiou os presidentes do Senado, Davi Alcolumbre, e da C\u00e2mara, Rodrigo Maia, alvos principais das manifesta\u00e7\u00f5es golpistas, a convocarem manifesta\u00e7\u00f5es em suas defesas. &#8220;Espero que saiam \u00e0s ruas como eu e vejam como s\u00e3o recebidos\u201d, afirmou.\u00a0<br><\/p>\n\n\n\n<figure class=\"wp-block-embed-twitter wp-block-embed is-type-rich is-provider-twitter\"><div class=\"wp-block-embed__wrapper\">\n<blockquote class=\"twitter-tweet\" data-width=\"550\" data-dnt=\"true\"><p lang=\"pt\" dir=\"ltr\">CNN Brasil em entrevista ao presidente Bolsonaro<br>Agora em rela\u00e7\u00f5es as manifesta\u00e7\u00f5es <a href=\"https:\/\/twitter.com\/hashtag\/BolsonaroDay?src=hash&amp;ref_src=twsrc%5Etfw\">#BolsonaroDay<\/a> <a href=\"https:\/\/t.co\/aTXey0gRRz\">pic.twitter.com\/aTXey0gRRz<\/a><\/p>&mdash; MFF RJ \ud83c\udde7\ud83c\uddf7 \u2764\ufe0f\u26a1\ufe0f\ud83d\udc8dDeus Amor P\u00e1tria Lealdade (@MarleneFFL) <a href=\"https:\/\/twitter.com\/MarleneFFL\/status\/1239344237516402689?ref_src=twsrc%5Etfw\">March 16, 2020<\/a><\/blockquote><script async src=\"https:\/\/platform.twitter.com\/widgets.js\" charset=\"utf-8\"><\/script>\n<\/div><\/figure>\n","protected":false},"excerpt":{"rendered":"<p>247 &#8211; Jair Bolsonaro concedeu entrevista para a emissora de TV CNN Brasil, que iniciou suas atividades neste domingo, 15, mesmo dia das manifesta\u00e7\u00f5es em v\u00e1rias cidades do Pa\u00eds que pediram o fechamento do Congresso Nacional e do Supremo Tribunal Federal (STF).\u00a0<\/p>\n","protected":false},"author":1,"featured_media":0,"comment_status":"closed","ping_status":"open","sticky":false,"template":"","format":"standard","meta":{"_exactmetrics_skip_tracking":false,"_exactmetrics_sitenote_active":false,"_exactmetrics_sitenote_note":"","_exactmetrics_sitenote_category":0,"jetpack_post_was_ever_published":false,"_jetpack_newsletter_access":"","_jetpack_dont_email_post_to_subs":false,"_jetpack_newsletter_tier_id":0,"_jetpack_memberships_contains_paywalled_content":false,"_jetpack_memberships_contains_paid_content":false,"footnotes":"","jetpack_publicize_message":"","jetpack_publicize_feature_enabled":true,"jetpack_social_post_already_shared":true,"jetpack_social_options":{"image_generator_settings":{"template":"highway","enabled":false},"version":2}},"categories":[1],"tags":[],"class_list":["post-26888","post","type-post","status-publish","format-standard","hentry","category-notas"],"jetpack_publicize_connections":[],"jetpack_sharing_enabled":true,"jetpack_featured_media_url":"","jetpack_shortlink":"https:\/\/wp.me\/p7wKYW-6ZG","jetpack-related-posts":[],"_links":{"self":[{"href":"http:\/\/blogdalucianaoliveira.com.br\/blog\/wp-json\/wp\/v2\/posts\/26888","targetHints":{"allow":["GET"]}}],"collection":[{"href":"http:\/\/blogdalucianaoliveira.com.br\/blog\/wp-json\/wp\/v2\/posts"}],"about":[{"href":"http:\/\/blogdalucianaoliveira.com.br\/blog\/wp-json\/wp\/v2\/types\/post"}],"author":[{"embeddable":true,"href":"http:\/\/blogdalucianaoliveira.com.br\/blog\/wp-json\/wp\/v2\/users\/1"}],"replies":[{"embeddable":true,"href":"http:\/\/blogdalucianaoliveira.com.br\/blog\/wp-json\/wp\/v2\/comments?post=26888"}],"version-history":[{"count":1,"href":"http:\/\/blogdalucianaoliveira.com.br\/blog\/wp-json\/wp\/v2\/posts\/26888\/revisions"}],"predecessor-version":[{"id":26890,"href":"http:\/\/blogdalucianaoliveira.com.br\/blog\/wp-json\/wp\/v2\/posts\/26888\/revisions\/26890"}],"wp:attachment":[{"href":"http:\/\/blogdalucianaoliveira.com.br\/blog\/wp-json\/wp\/v2\/media?parent=26888"}],"wp:term":[{"taxonomy":"category","embeddable":true,"href":"http:\/\/blogdalucianaoliveira.com.br\/blog\/wp-json\/wp\/v2\/categories?post=26888"},{"taxonomy":"post_tag","embeddable":true,"href":"http:\/\/blogdalucianaoliveira.com.br\/blog\/wp-json\/wp\/v2\/tags?post=26888"}],"curies":[{"name":"wp","href":"https:\/\/api.w.org\/{rel}","templated":true}]}}