{"id":26891,"date":"2020-03-15T21:42:49","date_gmt":"2020-03-16T01:42:49","guid":{"rendered":"http:\/\/blogdalucianaoliveira.com.br\/blog\/?p=26891"},"modified":"2020-03-15T21:42:56","modified_gmt":"2020-03-16T01:42:56","slug":"bolsonaro-atentou-contra-a-saude-da-populacao-brasileira-diz-rodrigo-maia","status":"publish","type":"post","link":"http:\/\/blogdalucianaoliveira.com.br\/blog\/2020\/03\/15\/bolsonaro-atentou-contra-a-saude-da-populacao-brasileira-diz-rodrigo-maia\/","title":{"rendered":"Bolsonaro atentou contra a sa\u00fade da popula\u00e7\u00e3o brasileira, diz Rodrigo Maia"},"content":{"rendered":"\n<figure class=\"wp-block-image size-large\"><img data-recalc-dims=\"1\" loading=\"lazy\" decoding=\"async\" width=\"500\" height=\"240\" data-attachment-id=\"26892\" data-permalink=\"http:\/\/blogdalucianaoliveira.com.br\/blog\/2020\/03\/15\/bolsonaro-atentou-contra-a-saude-da-populacao-brasileira-diz-rodrigo-maia\/image-41-4\/\" data-orig-file=\"https:\/\/i0.wp.com\/blogdalucianaoliveira.com.br\/blog\/wp-content\/uploads\/2020\/03\/image-41.jpeg?fit=500%2C240\" data-orig-size=\"500,240\" data-comments-opened=\"0\" data-image-meta=\"{&quot;aperture&quot;:&quot;0&quot;,&quot;credit&quot;:&quot;&quot;,&quot;camera&quot;:&quot;&quot;,&quot;caption&quot;:&quot;&quot;,&quot;created_timestamp&quot;:&quot;0&quot;,&quot;copyright&quot;:&quot;&quot;,&quot;focal_length&quot;:&quot;0&quot;,&quot;iso&quot;:&quot;0&quot;,&quot;shutter_speed&quot;:&quot;0&quot;,&quot;title&quot;:&quot;&quot;,&quot;orientation&quot;:&quot;0&quot;}\" data-image-title=\"image-41\" data-image-description=\"\" data-image-caption=\"\" data-medium-file=\"https:\/\/i0.wp.com\/blogdalucianaoliveira.com.br\/blog\/wp-content\/uploads\/2020\/03\/image-41.jpeg?fit=300%2C144\" data-large-file=\"https:\/\/i0.wp.com\/blogdalucianaoliveira.com.br\/blog\/wp-content\/uploads\/2020\/03\/image-41.jpeg?fit=500%2C240\" src=\"https:\/\/i0.wp.com\/blogdalucianaoliveira.com.br\/blog\/wp-content\/uploads\/2020\/03\/image-41.jpeg?resize=500%2C240\" alt=\"\" class=\"wp-image-26892\" srcset=\"https:\/\/i0.wp.com\/blogdalucianaoliveira.com.br\/blog\/wp-content\/uploads\/2020\/03\/image-41.jpeg?w=500 500w, https:\/\/i0.wp.com\/blogdalucianaoliveira.com.br\/blog\/wp-content\/uploads\/2020\/03\/image-41.jpeg?resize=300%2C144 300w\" sizes=\"auto, (max-width: 500px) 100vw, 500px\" \/><\/figure>\n\n\n\n<p><strong>Sputinik \u2013&nbsp;<\/strong>O presidente da C\u00e2mara dos Deputados, Rodrigo Maia (DEM-RJ), usou as redes sociais neste domingo (15) para repreender o presidente da Rep\u00fablica, Jair Bolsonaro.<\/p>\n\n\n\n<p>Maia afirmou que Bolsonaro &#8220;fez pouco caso da pandemia&#8221; do novo coronav\u00edrus em uma atitude que classificou como &#8220;atentado \u00e0 sa\u00fade p\u00fablica&#8221;.<\/p>\n\n\n\n<!--more-->\n\n\n\n<figure class=\"wp-block-embed-twitter wp-block-embed is-type-rich is-provider-twitter\"><div class=\"wp-block-embed__wrapper\">\n<blockquote class=\"twitter-tweet\" data-width=\"550\" data-dnt=\"true\"><p lang=\"pt\" dir=\"ltr\">Por aqui, o Presidente da Rep\u00fablica ignora e desautoriza o seu ministro da Sa\u00fade e os t\u00e9cnicos do minist\u00e9rio, fazendo pouco caso da pandemia e encorajando as pessoas a sair \u00e0s ruas. Isso \u00e9 um atentado \u00e0 sa\u00fade p\u00fablica que contraria as orienta\u00e7\u00f5es do seu pr\u00f3prio governo.<\/p>&mdash; Rodrigo Maia (@RodrigoMaia) <a href=\"https:\/\/twitter.com\/RodrigoMaia\/status\/1239326115505811456?ref_src=twsrc%5Etfw\">March 15, 2020<\/a><\/blockquote><script async src=\"https:\/\/platform.twitter.com\/widgets.js\" charset=\"utf-8\"><\/script>\n<\/div><\/figure>\n\n\n\n<p>O presidente da C\u00e2mara dos Deputados tamb\u00e9m ressaltou a crise econ\u00f4mica que acompanha a pandemia e a necessidade de a\u00e7\u00f5es do governo para conter tais efeitos. Maia disse ainda que Bolsonaro &#8220;deveria estar no Planalto&#8221; coordenando respostas para a crise.<\/p>\n\n\n\n<figure class=\"wp-block-embed-twitter wp-block-embed is-type-rich is-provider-twitter\"><div class=\"wp-block-embed__wrapper\">\n<blockquote class=\"twitter-tweet\" data-width=\"550\" data-dnt=\"true\"><p lang=\"pt\" dir=\"ltr\">A economia mundial desacelera rapidamente; a economia brasileira sofrer\u00e1 as consequ\u00eancias diretas. O Presidente da Rep\u00fablica deveria estar no Pal\u00e1cio coordenando um gabinete de crise para dar respostas e solu\u00e7\u00f5es para o pa\u00eds.<\/p>&mdash; Rodrigo Maia (@RodrigoMaia) <a href=\"https:\/\/twitter.com\/RodrigoMaia\/status\/1239326117791662080?ref_src=twsrc%5Etfw\">March 15, 2020<\/a><\/blockquote><script async src=\"https:\/\/platform.twitter.com\/widgets.js\" charset=\"utf-8\"><\/script>\n<\/div><\/figure>\n\n\n\n<p>Mais cedo neste domingo,&nbsp;<a target=\"_blank\" href=\"http:\/\/br.sputniknews.com\/brasil\/20200313\/15328131.html\" rel=\"noreferrer noopener\">Bolsonaro deixou o isolamento<\/a>&nbsp;ao qual foi submetido devido \u00e0s precau\u00e7\u00f5es com o novo coronav\u00edrus e cumprimentou manifestantes em Bras\u00edlia. A manifesta\u00e7\u00e3o a favor do governo vinha sendo chamada h\u00e1 semanas e tinha tom de ataque ao Congresso Nacional e Supremo Tribunal Federal.<\/p>\n\n\n\n<p>Os organizadores da manifesta\u00e7\u00e3o chegaram a cancelar o ato devido \u00e0s recomenda\u00e7\u00f5es em torno da pandemia da COVID-19, mas mesmo assim manifestantes foram \u00e0s ruas em diversas cidades do pa\u00eds. Nas redes sociais, o presidente Bolsonaro demonstrou apoio \u00e0s manifesta\u00e7\u00f5es, compartilhando imagens e v\u00eddeos dos manifestantes nas ruas. Em algumas das imagens compartilhadas \u00e9 poss\u00edvel ler ofensas a Rodrigo Maia e ataques aos outros Poderes.<\/p>\n","protected":false},"excerpt":{"rendered":"<p>Sputinik \u2013&nbsp;O presidente da C\u00e2mara dos Deputados, Rodrigo Maia (DEM-RJ), usou as redes sociais neste domingo (15) para repreender o presidente da Rep\u00fablica, Jair Bolsonaro. Maia afirmou que Bolsonaro &#8220;fez pouco caso da pandemia&#8221; do novo coronav\u00edrus em uma atitude que classificou como &#8220;atentado \u00e0 sa\u00fade p\u00fablica&#8221;.<\/p>\n","protected":false},"author":1,"featured_media":0,"comment_status":"closed","ping_status":"open","sticky":false,"template":"","format":"standard","meta":{"_exactmetrics_skip_tracking":false,"_exactmetrics_sitenote_active":false,"_exactmetrics_sitenote_note":"","_exactmetrics_sitenote_category":0,"jetpack_post_was_ever_published":false,"_jetpack_newsletter_access":"","_jetpack_dont_email_post_to_subs":false,"_jetpack_newsletter_tier_id":0,"_jetpack_memberships_contains_paywalled_content":false,"_jetpack_memberships_contains_paid_content":false,"footnotes":"","jetpack_publicize_message":"","jetpack_publicize_feature_enabled":true,"jetpack_social_post_already_shared":true,"jetpack_social_options":{"image_generator_settings":{"template":"highway","enabled":false},"version":2}},"categories":[1],"tags":[],"class_list":["post-26891","post","type-post","status-publish","format-standard","hentry","category-notas"],"jetpack_publicize_connections":[],"jetpack_sharing_enabled":true,"jetpack_featured_media_url":"","jetpack_shortlink":"https:\/\/wp.me\/p7wKYW-6ZJ","jetpack-related-posts":[],"_links":{"self":[{"href":"http:\/\/blogdalucianaoliveira.com.br\/blog\/wp-json\/wp\/v2\/posts\/26891","targetHints":{"allow":["GET"]}}],"collection":[{"href":"http:\/\/blogdalucianaoliveira.com.br\/blog\/wp-json\/wp\/v2\/posts"}],"about":[{"href":"http:\/\/blogdalucianaoliveira.com.br\/blog\/wp-json\/wp\/v2\/types\/post"}],"author":[{"embeddable":true,"href":"http:\/\/blogdalucianaoliveira.com.br\/blog\/wp-json\/wp\/v2\/users\/1"}],"replies":[{"embeddable":true,"href":"http:\/\/blogdalucianaoliveira.com.br\/blog\/wp-json\/wp\/v2\/comments?post=26891"}],"version-history":[{"count":1,"href":"http:\/\/blogdalucianaoliveira.com.br\/blog\/wp-json\/wp\/v2\/posts\/26891\/revisions"}],"predecessor-version":[{"id":26893,"href":"http:\/\/blogdalucianaoliveira.com.br\/blog\/wp-json\/wp\/v2\/posts\/26891\/revisions\/26893"}],"wp:attachment":[{"href":"http:\/\/blogdalucianaoliveira.com.br\/blog\/wp-json\/wp\/v2\/media?parent=26891"}],"wp:term":[{"taxonomy":"category","embeddable":true,"href":"http:\/\/blogdalucianaoliveira.com.br\/blog\/wp-json\/wp\/v2\/categories?post=26891"},{"taxonomy":"post_tag","embeddable":true,"href":"http:\/\/blogdalucianaoliveira.com.br\/blog\/wp-json\/wp\/v2\/tags?post=26891"}],"curies":[{"name":"wp","href":"https:\/\/api.w.org\/{rel}","templated":true}]}}