{"id":26894,"date":"2020-03-15T21:48:36","date_gmt":"2020-03-16T01:48:36","guid":{"rendered":"http:\/\/blogdalucianaoliveira.com.br\/blog\/?p=26894"},"modified":"2020-03-15T21:48:47","modified_gmt":"2020-03-16T01:48:47","slug":"a-loucura-autoritaria-do-planalto-em-plena-crise-do-coronavirus-ameaca-o-trabalho-no-ministerio-da-saude","status":"publish","type":"post","link":"http:\/\/blogdalucianaoliveira.com.br\/blog\/2020\/03\/15\/a-loucura-autoritaria-do-planalto-em-plena-crise-do-coronavirus-ameaca-o-trabalho-no-ministerio-da-saude\/","title":{"rendered":"A loucura autorit\u00e1ria do Planalto, em plena crise do coronav\u00edrus, amea\u00e7a o trabalho no Minist\u00e9rio da Sa\u00fade"},"content":{"rendered":"\n<figure class=\"wp-block-image size-large\"><img data-recalc-dims=\"1\" loading=\"lazy\" decoding=\"async\" width=\"600\" height=\"400\" data-attachment-id=\"26895\" data-permalink=\"http:\/\/blogdalucianaoliveira.com.br\/blog\/2020\/03\/15\/a-loucura-autoritaria-do-planalto-em-plena-crise-do-coronavirus-ameaca-o-trabalho-no-ministerio-da-saude\/image-42-4\/\" data-orig-file=\"https:\/\/i0.wp.com\/blogdalucianaoliveira.com.br\/blog\/wp-content\/uploads\/2020\/03\/image-42.jpeg?fit=640%2C427\" data-orig-size=\"640,427\" data-comments-opened=\"0\" data-image-meta=\"{&quot;aperture&quot;:&quot;0&quot;,&quot;credit&quot;:&quot;&quot;,&quot;camera&quot;:&quot;&quot;,&quot;caption&quot;:&quot;&quot;,&quot;created_timestamp&quot;:&quot;0&quot;,&quot;copyright&quot;:&quot;&quot;,&quot;focal_length&quot;:&quot;0&quot;,&quot;iso&quot;:&quot;0&quot;,&quot;shutter_speed&quot;:&quot;0&quot;,&quot;title&quot;:&quot;&quot;,&quot;orientation&quot;:&quot;0&quot;}\" data-image-title=\"image-42\" data-image-description=\"\" data-image-caption=\"\" data-medium-file=\"https:\/\/i0.wp.com\/blogdalucianaoliveira.com.br\/blog\/wp-content\/uploads\/2020\/03\/image-42.jpeg?fit=300%2C200\" data-large-file=\"https:\/\/i0.wp.com\/blogdalucianaoliveira.com.br\/blog\/wp-content\/uploads\/2020\/03\/image-42.jpeg?fit=600%2C400\" src=\"https:\/\/i0.wp.com\/blogdalucianaoliveira.com.br\/blog\/wp-content\/uploads\/2020\/03\/image-42.jpeg?resize=600%2C400\" alt=\"\" class=\"wp-image-26895\" srcset=\"https:\/\/i0.wp.com\/blogdalucianaoliveira.com.br\/blog\/wp-content\/uploads\/2020\/03\/image-42.jpeg?w=640 640w, https:\/\/i0.wp.com\/blogdalucianaoliveira.com.br\/blog\/wp-content\/uploads\/2020\/03\/image-42.jpeg?resize=300%2C200 300w, https:\/\/i0.wp.com\/blogdalucianaoliveira.com.br\/blog\/wp-content\/uploads\/2020\/03\/image-42.jpeg?resize=450%2C300 450w\" sizes=\"auto, (max-width: 600px) 100vw, 600px\" \/><\/figure>\n\n\n\n<p>Quem vai par\u00e1-lo? Estamos num filme B, onde o presidente faz quest\u00e3o de dar uma banana para a sa\u00fade p\u00fablica. Recuo sobre veto a cruzeiros \u00e9 alerta vermelho.<\/p>\n\n\n\n<!--more-->\n\n\n\n<p><a href=\"https:\/\/brasil.elpais.com\/autor\/flavia_rodrigues_marreiro\/a\/\">FL\u00c1VIA MARREIRO<\/a><\/p>\n\n\n\n<p>No El Pa\u00eds <\/p>\n\n\n\n<p><a rel=\"noreferrer noopener\" href=\"https:\/\/brasil.elpais.com\/noticias\/jair-messias-bolsonaro\/\" target=\"_blank\">Jair Bolsonaro<\/a>\u00a0d\u00e1 uma banana para sa\u00fade p\u00fablica em plena crise mundial do coronav\u00edrus e amea\u00e7a o trabalho do Minist\u00e9rio da Sa\u00fade. E o pior de tudo \u00e9 que nada ou ningu\u00e9m, na atual conjuntura pol\u00edtica, parece capaz de par\u00e1-lo antes que seja tarde. Enquanto a pasta de\u00a0<a rel=\"noreferrer noopener\" href=\"https:\/\/brasil.elpais.com\/tag\/luiz_henrique_mandetta\" target=\"_blank\">Luiz Henrique Mandetta<\/a>\u00a0tenta conduzir o pa\u00eds com alguma serenidade rumo aos dias dif\u00edceis que provavelmente vir\u00e3o, o presidente faz o jogo dos sete erros na pandemia.<\/p>\n\n\n\n<p>O auge do del\u00edrio autorit\u00e1rio que nos acomete acontece neste domingo. Mesmo com a expressa determina\u00e7\u00e3o do Minist\u00e9rio da Sa\u00fade para evitar aglomera\u00e7\u00f5es, especialmente no Rio e em S\u00e3o Paulo,\u00a0<a rel=\"noreferrer noopener\" href=\"https:\/\/brasil.elpais.com\/brasil\/2020-03-15\/bolsonaro-rompe-isolamento-e-endossa-atos-contra-congresso-em-meio-a-crise-do-coronavirus.html\" target=\"_blank\">o presidente endossa e estimula a realiza\u00e7\u00e3o de manifesta\u00e7\u00f5es pelo pa\u00eds<\/a>\u00a0de sua base mais fiel. As imagens de seus seguidores mais aguerridos \u2014centenares, diga-se, nada das multid\u00f5es contra Dilma Rousseff\u2014 desfilam nas redes sociais do presidente. Todos dispostos a gritar \u201cmito\u201d e levar, sem qualquer constrangimento, palavras de ordem contra os outros poderes e a democracia.<\/p>\n\n\n\n<p>J\u00e1 \u00e9 um esc\u00e2ndalo, feito sob medida para esse novo modelo de governo voltado a uma minoria, mas nosso filme B vai muito al\u00e9m. A marcha impar\u00e1vel da bo\u00e7alidade levou Bolsonaro a participar ele mesmo do protesto,\u00a0<a rel=\"noreferrer noopener\" href=\"https:\/\/brasil.elpais.com\/brasil\/2020-03-12\/bolsonaro-michelle-e-ministros-sao-monitorados-apos-confirmacao-de-coronavirus-no-planalto.html\" target=\"_blank\">mesmo tendo indica\u00e7\u00e3o de ficar em isolamento social<\/a>\u00a0ap\u00f3s ter contato direto com meia d\u00fazia de pessoas que comprovadamente contra\u00edram coronav\u00edrus. Sem m\u00e1scara, ele foi cumprimentar seguidores em Bras\u00edlia, tocou neles, agarrou celulares. Tudo \u00e9 absurdo e, ao mesmo tempo, t\u00e3o coerente com a mir\u00edada de\u00a0<em>fake news<\/em>\u00a0sobre o pa\u00eds e a doen\u00e7a que sua m\u00e1quina no WhatsApp estimula: o v\u00edrus n\u00e3o \u00e9 de nada, \u00e9 uma \u201cfantasia\u201d, como o presidente mesmo disse.<\/p>\n\n\n\n<p>N\u00e3o \u00e9 dif\u00edcil enquadrar, mais uma vez, a conduta de Bolsonaro como crime de responsabilidade pass\u00edvel de impeachment. Para come\u00e7ar, por ferir a dignidade, a honra e o decoro do cargo, pondo em risco seus governados. Depois, a depender de como evoluir a situa\u00e7\u00e3o da pandemia no pa\u00eds, ele pode ser acusado de cometer um crime contra a seguran\u00e7a interna, estimulando a desobedi\u00eancia a medidas determinadas por \u00f3rg\u00e3os t\u00e9cnicos.<\/p>\n\n\n\n<p>A conduta criminosa n\u00e3o acontece s\u00f3 pelo domingo, mas tamb\u00e9m pela quinta-feira, quando ele, num dos lances mais claramente chavistas deste Governo,\u00a0<a rel=\"noreferrer noopener\" href=\"https:\/\/brasil.elpais.com\/brasil\/2020-03-13\/bolsonaro-usa-pronunciamento-em-cadeia-nacional-sobre-coronavirus-para-falar-de-atos-pro-governo.html\" target=\"_blank\">usou uma cadeia nacional de r\u00e1dio e TV, ou seja, dinheiro p\u00fablico,\u00a0<\/a>para promover e chamar de leg\u00edtimos os atos que ele participa. Isso n\u00e3o \u00e9 \u201cservir-se das autoridades sob sua subordina\u00e7\u00e3o imediata para praticar abuso do poder\u201d?<\/p>\n\n\n\n<p>Choca a normalidade com que os demais poderes e a elite do pa\u00eds, inclusive a empresarial e financeira, encara, dia a dia, esse esgar\u00e7amento da democracia. Parte desses atores \u00e9 c\u00famplice confesso desde a campanha. Se h\u00e1 alguma coisa que n\u00e3o existe aqui \u00e9 surpresa. No m\u00e1ximo, eles reagem com uma declara\u00e7\u00e3o de ultraje via Twitter, uma nota de rep\u00fadio enviado a uma coluna de jornal ou um diligente cientista pol\u00edtico engravatado para amaciar o ego da Faria Lima: as institui\u00e7\u00f5es est\u00e3o funcionando.<\/p>\n\n\n\n<p>O impeachment \u00e9 um mecanismo de controle pol\u00edtico, isso \u00e9 sabido, e a leitura dos agentes agora no poder \u00e9 que n\u00e3o vale a pena esse desgaste: ainda h\u00e1 apoio s\u00f3lido do PIB a Bolsonaro,<a href=\"https:\/\/brasil.elpais.com\/opiniao\/2020-03-06\/bolsonaro-e-o-congresso-reinvencao-ou-morte-do-presidencialismo-de-coalizao.html\" target=\"_blank\" rel=\"noreferrer noopener\">&nbsp;e h\u00e1 uma alta taxa de governismo no Congresso<\/a>, alinhamento de pautas econ\u00f4micas e anti-ambientais, especialmente. No Parlamento, ningu\u00e9m quer mexer qualquer ficha, ainda mais com elei\u00e7\u00e3o municipal e enquanto a centro-direita n\u00e3o tiver um plano claro a futuro\u2015 de mais a mais, Lula est\u00e1 a\u00ed, livre, Bolsonaro alicia as pol\u00edcias, Hamilton Mour\u00e3o \u00e9 uma esfinge&#8230; Seja como for, tudo se torna realmente impens\u00e1vel em meio a uma crise sem precedentes, sanit\u00e1ria e financeira.&nbsp;<a href=\"https:\/\/elpais.com\/internacional\/2020-03-13\/pusilanimidad-y-magnanimidad-en-los-tiempos-del-colera.html\" target=\"_blank\" rel=\"noreferrer noopener\">Na Europa, pelo menos desde 1945 n\u00e3o se vivia nada assim.<\/a>&nbsp;Quem vai se meter a mexer nisso?<\/p>\n\n\n\n<p>\u00c9 neste panorama que Bolsonaro avan\u00e7a, fazendo estragos. Ele tem capacidade de complicar, e muito, uma situa\u00e7\u00e3o j\u00e1 vol\u00e1til. Chega a dar uma certa paz interior vendo o ministro da Sa\u00fade falar, honrando a tradi\u00e7\u00e3o do nosso s\u00f3lido sistema p\u00fablico. Quem conhece a fundo epidemiologia no Brasil garante que Wanderson Oliveira, secret\u00e1rio de Vigil\u00e2ncia em Sa\u00fade da pasta, \u00e9 um dos melhores quadros do pa\u00eds. Mas nem isso est\u00e1 assegurado. Fomos surpreendidos, neste s\u00e1bado, com o Minist\u00e9rio da Sa\u00fade voltando atr\u00e1s na proibi\u00e7\u00e3o de cruzeiros que a pr\u00f3pria pasta havia anunciado na sexta-feira. Segundo a&nbsp;<em>Folha de S. Paulo<\/em>, sofreram \u201cpress\u00e3o\u201d para mudar a determina\u00e7\u00e3o. Quem vai parar Bolsonaro, quando vamos parar de fingir, em queda livre, que at\u00e9 aqui vai tudo bem?<\/p>\n","protected":false},"excerpt":{"rendered":"<p>Quem vai par\u00e1-lo? Estamos num filme B, onde o presidente faz quest\u00e3o de dar uma banana para a sa\u00fade p\u00fablica. Recuo sobre veto a cruzeiros \u00e9 alerta vermelho.<\/p>\n","protected":false},"author":1,"featured_media":0,"comment_status":"closed","ping_status":"open","sticky":false,"template":"","format":"standard","meta":{"_exactmetrics_skip_tracking":false,"_exactmetrics_sitenote_active":false,"_exactmetrics_sitenote_note":"","_exactmetrics_sitenote_category":0,"jetpack_post_was_ever_published":false,"_jetpack_newsletter_access":"","_jetpack_dont_email_post_to_subs":false,"_jetpack_newsletter_tier_id":0,"_jetpack_memberships_contains_paywalled_content":false,"_jetpack_memberships_contains_paid_content":false,"footnotes":"","jetpack_publicize_message":"","jetpack_publicize_feature_enabled":true,"jetpack_social_post_already_shared":true,"jetpack_social_options":{"image_generator_settings":{"template":"highway","enabled":false},"version":2}},"categories":[1],"tags":[],"class_list":["post-26894","post","type-post","status-publish","format-standard","hentry","category-notas"],"jetpack_publicize_connections":[],"jetpack_sharing_enabled":true,"jetpack_featured_media_url":"","jetpack_shortlink":"https:\/\/wp.me\/p7wKYW-6ZM","jetpack-related-posts":[],"_links":{"self":[{"href":"http:\/\/blogdalucianaoliveira.com.br\/blog\/wp-json\/wp\/v2\/posts\/26894","targetHints":{"allow":["GET"]}}],"collection":[{"href":"http:\/\/blogdalucianaoliveira.com.br\/blog\/wp-json\/wp\/v2\/posts"}],"about":[{"href":"http:\/\/blogdalucianaoliveira.com.br\/blog\/wp-json\/wp\/v2\/types\/post"}],"author":[{"embeddable":true,"href":"http:\/\/blogdalucianaoliveira.com.br\/blog\/wp-json\/wp\/v2\/users\/1"}],"replies":[{"embeddable":true,"href":"http:\/\/blogdalucianaoliveira.com.br\/blog\/wp-json\/wp\/v2\/comments?post=26894"}],"version-history":[{"count":1,"href":"http:\/\/blogdalucianaoliveira.com.br\/blog\/wp-json\/wp\/v2\/posts\/26894\/revisions"}],"predecessor-version":[{"id":26896,"href":"http:\/\/blogdalucianaoliveira.com.br\/blog\/wp-json\/wp\/v2\/posts\/26894\/revisions\/26896"}],"wp:attachment":[{"href":"http:\/\/blogdalucianaoliveira.com.br\/blog\/wp-json\/wp\/v2\/media?parent=26894"}],"wp:term":[{"taxonomy":"category","embeddable":true,"href":"http:\/\/blogdalucianaoliveira.com.br\/blog\/wp-json\/wp\/v2\/categories?post=26894"},{"taxonomy":"post_tag","embeddable":true,"href":"http:\/\/blogdalucianaoliveira.com.br\/blog\/wp-json\/wp\/v2\/tags?post=26894"}],"curies":[{"name":"wp","href":"https:\/\/api.w.org\/{rel}","templated":true}]}}