{"id":26897,"date":"2020-03-16T09:38:38","date_gmt":"2020-03-16T13:38:38","guid":{"rendered":"http:\/\/blogdalucianaoliveira.com.br\/blog\/?p=26897"},"modified":"2020-03-16T09:38:50","modified_gmt":"2020-03-16T13:38:50","slug":"governo-bolsonaro-pede-socorro-aos-medicos-cubanos-e-eles-serao-recontratados-pelo-mais-medicos","status":"publish","type":"post","link":"http:\/\/blogdalucianaoliveira.com.br\/blog\/2020\/03\/16\/governo-bolsonaro-pede-socorro-aos-medicos-cubanos-e-eles-serao-recontratados-pelo-mais-medicos\/","title":{"rendered":"Governo Bolsonaro pede socorro aos m\u00e9dicos cubanos e eles ser\u00e3o recontratados pelo Mais M\u00e9dicos"},"content":{"rendered":"\n<figure class=\"wp-block-image\"><img data-recalc-dims=\"1\" decoding=\"async\" src=\"https:\/\/i0.wp.com\/publisher-publish.s3.eu-central-1.amazonaws.com\/pb-brasil247\/swp\/jtjeq9\/media\/20200316100312_15c8b43ca03b1be017a60bfccb0fbce2af3fb064e4e251ace0e005ba5e952441.jpeg?w=600&#038;ssl=1\" alt=\"Jair Bolsonaro, secret\u00e1rio-executivo do minist\u00e9rio da Sa\u00fade, Jo\u00e3o Gabbardo no detalhe e m\u00e9dicos cubanos\"\/><\/figure>\n\n\n\n<p><strong>247<\/strong>\u00a0&#8211; O secret\u00e1rio-executivo do minist\u00e9rio da Sa\u00fade, Jo\u00e3o Gabbardo, afirmou que o governo vai recontratar m\u00e9dicos cubanos para atuarem na cobertura do coronav\u00edrus. &#8220;Vamos chamar todos os m\u00e9dicos cubanos que estavam trabalhando no programa (Mais M\u00e9dicos). Vamos chamar estudantes de medicina&#8221;, disse ele \u00e0 GloboNews. O Brasil registra pelo menos 200 casos de coronav\u00edrus confirmados pela pasta, com 1.913 casos suspeitos e 1.486 casos descartados. Em n\u00edvel mundial, s\u00e3o pelo menos 153.517 infec\u00e7\u00f5es em 144 pa\u00edses. <\/p>\n\n\n\n<!--more-->\n\n\n\n<figure class=\"wp-block-embed-twitter wp-block-embed is-type-rich is-provider-twitter\"><div class=\"wp-block-embed__wrapper\">\nhttps:\/\/twitter.com\/GeorgMarques\/status\/1239512365789519872?s=20\n<\/div><\/figure>\n\n\n\n<p>O minist\u00e9rio lan\u00e7ou um edital com 5.811 vagas para atuarem nos postos de sa\u00fade. De acordo com o minist\u00e9rio, os profissionais ser\u00e3o distribu\u00eddos em 1.864 munic\u00edpios de todo o pa\u00eds, al\u00e9m de 19 Distritos Sanit\u00e1rios Especiais Ind\u00edgenas (DSEI).<\/p>\n\n\n\n<p>Em novembro de 2018, o minist\u00e9rio da Sa\u00fade cubano anunciou que deixaria o Mais M\u00e9dicos em protesto contra Jair Bolsonaro.<\/p>\n\n\n\n<p>&#8220;O presidente eleito do Brasil, Jair Bolsonaro, com refer\u00eancias diretas, depreciativas e amea\u00e7adoras \u00e0 presen\u00e7a de nossos m\u00e9dicos, declarou e reiterou que modificar\u00e1 os termos e condi\u00e7\u00f5es do Programa Mais M\u00e9dicos, com desrespeito \u00e0 Organiza\u00e7\u00e3o Pan-Americana da Sa\u00fade e ao acordo desta com Cuba, ao questionar a prepara\u00e7\u00e3o de nossos m\u00e9dicos e condicionar sua perman\u00eancia no programa \u00e0 revalida\u00e7\u00e3o do t\u00edtulo e como \u00fanica forma de se contratar individualmente&#8221;, dizia o texto do Minist\u00e9rio da Sa\u00fade cubano.<\/p>\n\n\n\n<p>Depois de eleito, Bolsonaro afirmou que sempre foi contra o programa Mais M\u00e9dicos. &#8220;Primeiro por uma quest\u00e3o humanit\u00e1ria, 70% [do dinheiro] ficam com o governo deles, e n\u00e3o temos a menor comprova\u00e7\u00e3o de que eles realmente sabem o que est\u00e3o fazendo. \u00c9 trabalho escravo e eu n\u00e3o vou convidar pra ficar\u201d, continuou. &#8220;\u00c9 trabalho escravo e eu n\u00e3o vou convidar para ficar&#8221;, afirmou Bolsonaro depois, em coletiva no Centro Cultural Banco do Brasil (CCBB).<\/p>\n\n\n\n<p>Naquele ano, Bolsonaro recuou e disse que manteria o programa.&nbsp;<\/p>\n","protected":false},"excerpt":{"rendered":"<p>247\u00a0&#8211; O secret\u00e1rio-executivo do minist\u00e9rio da Sa\u00fade, Jo\u00e3o Gabbardo, afirmou que o governo vai recontratar m\u00e9dicos cubanos para atuarem na cobertura do coronav\u00edrus. &#8220;Vamos chamar todos os m\u00e9dicos cubanos que estavam trabalhando no programa (Mais M\u00e9dicos). Vamos chamar estudantes de medicina&#8221;, disse ele \u00e0 GloboNews. O Brasil registra pelo menos 200 casos de coronav\u00edrus confirmados&#8230;<a class=\"more-link\" href=\"http:\/\/blogdalucianaoliveira.com.br\/blog\/2020\/03\/16\/governo-bolsonaro-pede-socorro-aos-medicos-cubanos-e-eles-serao-recontratados-pelo-mais-medicos\/\">Continue a leitura <span class=\"meta-nav\">&raquo;<\/span><\/a><\/p>\n","protected":false},"author":1,"featured_media":0,"comment_status":"closed","ping_status":"open","sticky":false,"template":"","format":"standard","meta":{"_exactmetrics_skip_tracking":false,"_exactmetrics_sitenote_active":false,"_exactmetrics_sitenote_note":"","_exactmetrics_sitenote_category":0,"jetpack_post_was_ever_published":false,"_jetpack_newsletter_access":"","_jetpack_dont_email_post_to_subs":false,"_jetpack_newsletter_tier_id":0,"_jetpack_memberships_contains_paywalled_content":false,"_jetpack_memberships_contains_paid_content":false,"footnotes":"","jetpack_publicize_message":"","jetpack_publicize_feature_enabled":true,"jetpack_social_post_already_shared":true,"jetpack_social_options":{"image_generator_settings":{"template":"highway","enabled":false},"version":2}},"categories":[1],"tags":[],"class_list":["post-26897","post","type-post","status-publish","format-standard","hentry","category-notas"],"jetpack_publicize_connections":[],"jetpack_sharing_enabled":true,"jetpack_featured_media_url":"","jetpack_shortlink":"https:\/\/wp.me\/p7wKYW-6ZP","jetpack-related-posts":[],"_links":{"self":[{"href":"http:\/\/blogdalucianaoliveira.com.br\/blog\/wp-json\/wp\/v2\/posts\/26897","targetHints":{"allow":["GET"]}}],"collection":[{"href":"http:\/\/blogdalucianaoliveira.com.br\/blog\/wp-json\/wp\/v2\/posts"}],"about":[{"href":"http:\/\/blogdalucianaoliveira.com.br\/blog\/wp-json\/wp\/v2\/types\/post"}],"author":[{"embeddable":true,"href":"http:\/\/blogdalucianaoliveira.com.br\/blog\/wp-json\/wp\/v2\/users\/1"}],"replies":[{"embeddable":true,"href":"http:\/\/blogdalucianaoliveira.com.br\/blog\/wp-json\/wp\/v2\/comments?post=26897"}],"version-history":[{"count":1,"href":"http:\/\/blogdalucianaoliveira.com.br\/blog\/wp-json\/wp\/v2\/posts\/26897\/revisions"}],"predecessor-version":[{"id":26898,"href":"http:\/\/blogdalucianaoliveira.com.br\/blog\/wp-json\/wp\/v2\/posts\/26897\/revisions\/26898"}],"wp:attachment":[{"href":"http:\/\/blogdalucianaoliveira.com.br\/blog\/wp-json\/wp\/v2\/media?parent=26897"}],"wp:term":[{"taxonomy":"category","embeddable":true,"href":"http:\/\/blogdalucianaoliveira.com.br\/blog\/wp-json\/wp\/v2\/categories?post=26897"},{"taxonomy":"post_tag","embeddable":true,"href":"http:\/\/blogdalucianaoliveira.com.br\/blog\/wp-json\/wp\/v2\/tags?post=26897"}],"curies":[{"name":"wp","href":"https:\/\/api.w.org\/{rel}","templated":true}]}}